{"id":5204,"date":"2025-01-29T13:30:00","date_gmt":"2025-01-29T16:30:00","guid":{"rendered":"https:\/\/www.mapadehoteis.com.br\/blog\/?post_type=web-story&#038;p=5204"},"modified":"2025-01-30T00:14:11","modified_gmt":"2025-01-30T03:14:11","slug":"top-5-melhores-carnavais-do-brasil","status":"publish","type":"web-story","link":"https:\/\/www.mapadehoteis.com.br\/blog\/web-stories\/top-5-melhores-carnavais-do-brasil\/","title":{"rendered":"TOP 5 Melhores Carnavais do Brasil 2025"},"content":{"rendered":"<p><html amp=\"\" lang=\"en\"><head><meta charSet=\"utf-8\"\/><meta name=\"viewport\" content=\"width=device-width,minimum-scale=1,initial-scale=1\"\/><script async=\"\" src=\"https:\/\/cdn.ampproject.org\/v0.js\"><\/script><script async=\"\" src=\"https:\/\/cdn.ampproject.org\/v0\/amp-story-1.0.js\" custom-element=\"amp-story\"><\/script><link href=\"https:\/\/fonts.googleapis.com\/css2?display=swap&amp;family=IBM+Plex+Sans%3Awght%40400%3B700&amp;family=Raleway%3Awght%40500\" rel=\"stylesheet\"\/>\n<style amp-boilerplate=\"\">body{-webkit-animation:-amp-start 8s steps(1,end) 0s 1 normal both;-moz-animation:-amp-start 8s steps(1,end) 0s 1 normal both;-ms-animation:-amp-start 8s steps(1,end) 0s 1 normal both;animation:-amp-start 8s steps(1,end) 0s 1 normal both}@-webkit-keyframes -amp-start{from{visibility:hidden}to{visibility:visible}}@-moz-keyframes -amp-start{from{visibility:hidden}to{visibility:visible}}@-ms-keyframes -amp-start{from{visibility:hidden}to{visibility:visible}}@-o-keyframes -amp-start{from{visibility:hidden}to{visibility:visible}}@keyframes -amp-start{from{visibility:hidden}to{visibility:visible}}<\/style>\n<p><noscript><\/p>\n<style amp-boilerplate=\"\">body{-webkit-animation:none;-moz-animation:none;-ms-animation:none;animation:none}<\/style>\n<p><\/noscript><\/p>\n<style amp-custom=\"\">\n              h1, h2, h3 { font-weight: normal; }<\/p>\n<p>              amp-story-page {\n                background-color: #131516;\n              }<\/p>\n<p>              amp-story-grid-layer {\n                overflow: visible;\n              }<\/p>\n<p>              @media (max-aspect-ratio: 9 \/ 16)  {\n                @media (min-aspect-ratio: 320 \/ 678) {\n                  amp-story-grid-layer.grid-layer {\n                    margin-top: calc((100% \/ 0.5625 - 100% \/ 0.6666666666666666) \/ 2);\n                  }\n                }\n              }<\/p>\n<p>              @media not all and (min-resolution:.001dpcm) {\n                @media {\n                  p.text-wrapper > span {\n                    font-size: calc(100% - 0.5px);\n                  }\n                }\n              }<\/p>\n<p>              .page-fullbleed-area,\n              .page-background-overlay-area {\n                position: absolute;\n                overflow: hidden;\n                width: 100%;\n                left: 0;\n                height: calc(1.1851851851851851 * 100%);\n                top: calc((1 - 1.1851851851851851) * 100% \/ 2);\n              }<\/p>\n<p>              .element-overlay-area {\n                position: absolute;\n                width: 100%;\n                height: 100%;\n                top: 0;\n                left: 0;\n              }<\/p>\n<p>              .page-safe-area {\n                overflow: visible;\n                position: absolute;\n                top: 0;\n                bottom: 0;\n                left: 0;\n                right: 0;\n                width: 100%;\n                height: calc(0.84375 * 100%);\n                margin: auto 0;\n              }<\/p>\n<p>              .mask {\n                position: absolute;\n                overflow: hidden;\n              }<\/p>\n<p>              .fill {\n                position: absolute;\n                top: 0;\n                left: 0;\n                right: 0;\n                bottom: 0;\n                margin: 0;\n              }<\/p>\n<p>              @media (prefers-reduced-motion: no-preference) {\n                .animation-wrapper {\n                  opacity: var(--initial-opacity);\n                  transform: var(--initial-transform);\n                }\n              }<\/p>\n<p>              amp-story-grid-layer.align-bottom {\n                align-content: end;\n                padding: 0;\n                \/*\n                  AMP CTA Layer will exactly occupy 74px regardless of any device.\n                  To space out captions 74px from the BOTTOM (AMP CTA Layer),\n                  74px from the TOP should also be spaced out and thus: 2 * 74px\n                  will be the desired max-height.\n                *\/\n                max-height: calc(100vh - (2 * 74px));\n              }<\/p>\n<p>              .captions-area {\n                padding: 0 32px 0;\n              }<\/p>\n<p>              amp-story-captions {\n                margin-bottom: 16px;\n                text-align: center;\n              }<\/p>\n<p>              amp-story-audio-sticker {\n                height: 100%;\n              }<\/p>\n<p>              .audio-sticker {\n                font-family: -apple-system, BlinkMacSystemFont, 'Segoe UI', Roboto, Oxygen-Sans, Ubuntu, Cantarell, 'Helvetica Neue', sans-serif;\n              }\n              <\/style>\n<p><meta name=\"web-stories-replace-head-start\"\/><title>TOP 5 Melhores Carnavais do Brasil 2025<\/title><link rel=\"canonical\" href=\"https:\/\/www.mapadehoteis.com.br\/blog\/web-stories\/top-5-melhores-carnavais-do-brasil\/\"\/><meta name=\"web-stories-replace-head-end\"\/><\/head><body><amp-story standalone=\"\" publisher=\"| Blog Mapa de Hot\u00e9is\" publisher-logo-src=\"https:\/\/www.mapadehoteis.com.br\/blog\/wp-content\/uploads\/2023\/08\/cropped-logo-blog.png\" title=\"TOP 5 Melhores Carnavais do Brasil 2025\" poster-portrait-src=\"https:\/\/i0.wp.com\/www.mapadehoteis.com.br\/blog\/wp-content\/uploads\/2024\/01\/cropped-bloco-galo-da-madrugada.jpg?fit=640%2C853&amp;ssl=1\"><amp-story-page id=\"1cc6d76a-3b98-40d7-958f-7bab37485254\" auto-advance-after=\"7s\"><amp-story-grid-layer template=\"vertical\" aspect-ratio=\"412:618\" class=\"grid-layer\"><\/p>\n<div class=\"page-fullbleed-area\" style=\"background-color:#fff\">\n<div class=\"page-safe-area\">\n<div style=\"position:absolute;pointer-events:none;left:0;top:-9.25926%;width:100%;height:118.51852%;opacity:1\">\n<div style=\"pointer-events:initial;width:100%;height:100%;display:block;position:absolute;top:0;left:0;z-index:0\" class=\"mask\" id=\"el-aaaba7a6-7fe9-4df6-a97b-9c1416c9d472\">\n<div class=\"fill\" style=\"will-change:transform\"><\/div>\n<\/div>\n<\/div>\n<\/div>\n<\/div>\n<p><\/amp-story-grid-layer><amp-story-grid-layer template=\"vertical\" aspect-ratio=\"412:618\" class=\"grid-layer\"><\/p>\n<div class=\"page-fullbleed-area\">\n<div class=\"page-safe-area\">\n<div style=\"position:absolute;pointer-events:none;left:0;top:-9.2233%;width:100%;height:44.01294%;opacity:1\">\n<div style=\"pointer-events:initial;width:100%;height:100%;display:block;position:absolute;top:0;left:0;z-index:0\" class=\"mask\" id=\"el-e3747b1b-f148-4e8f-9eb0-689a6eee8098\">\n<div class=\"fill\" style=\"background-color:#0057ff;will-change:transform\"><\/div>\n<\/div>\n<\/div>\n<div style=\"position:absolute;pointer-events:none;left:calc(11.65049% - 1px);top:calc(9.87055% - 1px);width:calc(76.94175% + 2px);height:calc(51.2945% + 2px);transform:rotate(352.12537923516913deg);opacity:1\">\n<div style=\"top:0;left:0;right:0;bottom:0;width:100%;height:100%;position:absolute;border-width:1px 1px 1px 1px;border-color:rgba(0,87,255,1);border-style:solid;border-radius:2.5236593059936907% 2.5236593059936907% 2.5236593059936907% 2.5236593059936907% \/ 2.5236593059936907% 2.5236593059936907% 2.5236593059936907% 2.5236593059936907%;pointer-events:initial;display:block;z-index:0\" class=\"mask\" id=\"el-519657d8-7d6d-4e93-aaf3-73be9fb3a9b5\">\n<div class=\"fill\" style=\"background-color:#fff;will-change:transform\"><\/div>\n<\/div>\n<\/div>\n<div style=\"position:absolute;pointer-events:none;left:calc(91.74757% - 1px);top:calc(2.26537% - 1px);width:calc(76.94175% + 2px);height:calc(51.2945% + 2px);transform:rotate(352.12537923516913deg);opacity:1\">\n<div style=\"top:0;left:0;right:0;bottom:0;width:100%;height:100%;position:absolute;border-width:1px 1px 1px 1px;border-color:rgba(228,228,228,1);border-style:solid;border-radius:2.5236593059936907% 2.5236593059936907% 2.5236593059936907% 2.5236593059936907% \/ 2.5236593059936907% 2.5236593059936907% 2.5236593059936907% 2.5236593059936907%;pointer-events:initial;display:block;z-index:0\" class=\"mask\" id=\"el-d608d1c1-5b34-4bf0-aa42-22e09f9a5d31\">\n<div class=\"fill\" style=\"background-color:#fff;will-change:transform\"><\/div>\n<\/div>\n<\/div>\n<div style=\"position:absolute;pointer-events:none;left:calc(-69.17476% - 1px);top:calc(17.31392% - 1px);width:calc(76.94175% + 2px);height:calc(51.2945% + 2px);transform:rotate(352.12537923516913deg);opacity:1\">\n<div style=\"top:0;left:0;right:0;bottom:0;width:100%;height:100%;position:absolute;border-width:1px 1px 1px 1px;border-color:rgba(228,228,228,1);border-style:solid;border-radius:2.5236593059936907% 2.5236593059936907% 2.5236593059936907% 2.5236593059936907% \/ 2.5236593059936907% 2.5236593059936907% 2.5236593059936907% 2.5236593059936907%;pointer-events:initial;display:block;z-index:0\" class=\"mask\" id=\"el-ff0031c3-fedd-4506-b443-401a8cb59c45\">\n<div class=\"fill\" style=\"background-color:#fff;will-change:transform\"><\/div>\n<\/div>\n<\/div>\n<div style=\"position:absolute;pointer-events:none;left:3.15534%;top:12.94498%;width:95.14563%;height:43.68932%;transform:rotate(352.12537923516913deg);opacity:1\">\n<div style=\"pointer-events:initial;width:100%;height:100%;display:block;position:absolute;top:0;left:0;z-index:0\" class=\"mask\" id=\"el-8ea78e0d-d479-4079-96a0-980e10930b0e\">\n<div style=\"position:absolute;width:100%;height:100.49537%;left:0%;top:-0.24769%\" data-leaf-element=\"true\"><amp-img data-recalc-dims=\"1\" layout=\"fill\" src=\"https:\/\/i0.wp.com\/wp.stories.google\/static\/19\/images\/templates\/laptop-buying-guide\/page01_04_14_image01.png?w=648&#038;ssl=1\" alt=\"Macbook pro 16 inch mockup\" disable-inline-width=\"true\"><\/amp-img><\/div>\n<\/div>\n<\/div>\n<div style=\"position:absolute;pointer-events:none;left:78.15534%;top:57.44337%;width:7.28155%;height:5.82524%;transform:rotate(358.12537923516913deg);opacity:1\">\n<div style=\"pointer-events:initial;width:100%;height:100%;display:block;position:absolute;top:0;left:0;z-index:0\" class=\"mask\" id=\"el-b828e719-9522-422e-9bf8-0582e922f76f\">\n<div style=\"position:absolute;width:100%;height:101.0929%;left:0%;top:-0.54645%\" data-leaf-element=\"true\"><amp-img data-recalc-dims=\"1\" layout=\"fill\" src=\"https:\/\/i0.wp.com\/wp.stories.google\/static\/19\/images\/templates\/laptop-buying-guide\/page01_image02.png?w=648&#038;ssl=1\" alt=\"Pointer hand icon\" disable-inline-width=\"true\"><\/amp-img><\/div>\n<\/div>\n<\/div>\n<div style=\"position:absolute;pointer-events:none;left:7.03883%;top:11.16505%;width:77.91262%;height:9.54693%;transform:rotate(351deg);opacity:1\">\n<div style=\"pointer-events:initial;width:100%;height:100%;display:block;position:absolute;top:0;left:0;z-index:0;border-radius:0.6230529595015576% 0.6230529595015576% 0.6230529595015576% 0.6230529595015576% \/ 3.389830508474576% 3.389830508474576% 3.389830508474576% 3.389830508474576%\" id=\"el-051de424-1038-46a1-aba8-b2da9e81736a\">\n<h1 class=\"fill text-wrapper\" style=\"white-space:pre-line;overflow-wrap:break-word;word-break:break-word;margin:0.35825545171339634% 0;font-family:&quot;IBM Plex Sans&quot;,sans-serif;font-size:0.372168em;line-height:1.2;text-align:center;padding:0;color:#000000\"><span><span style=\"font-weight: 700; color: #ff9200\">TOP 5 MELHORES CARNAVAIS DO BRASIL<\/span><\/span><\/h1>\n<\/div>\n<\/div>\n<div style=\"position:absolute;pointer-events:none;left:6.79612%;top:78.47896%;width:87.62136%;height:20.22654%;opacity:1\">\n<div style=\"pointer-events:initial;width:100%;height:100%;display:block;position:absolute;top:0;left:0;z-index:0\" class=\"mask\" id=\"el-7b7c53e2-8acc-4e75-b65b-55deb7a3e92d\">\n<div class=\"fill\" style=\"background-color:#d8ddcc;will-change:transform\"><\/div>\n<\/div>\n<\/div>\n<div style=\"position:absolute;pointer-events:none;left:11.16505%;top:80.90615%;width:76.21359%;height:11.8123%;opacity:1\">\n<div style=\"pointer-events:initial;width:100%;height:100%;display:block;position:absolute;top:0;left:0;z-index:0;border-radius:0.6369426751592357% 0.6369426751592357% 0.6369426751592357% 0.6369426751592357% \/ 2.73972602739726% 2.73972602739726% 2.73972602739726% 2.73972602739726%\" id=\"el-21a32c88-64c4-4c3f-bc18-5bfa688b06cd\">\n<p class=\"fill text-wrapper\" style=\"white-space:pre-line;overflow-wrap:break-word;word-break:break-word;margin:0.3184713375796179% 0;font-family:&quot;IBM Plex Sans&quot;,sans-serif;font-size:0.323625em;line-height:1.2;text-align:left;padding:0;color:#000000\"><span><span style=\"color: #454545\">SEPARAMOS UM RANKING COM AS TOP 5 MELHORES CARNAVAIS BRASILEIROS<\/span><\/span><\/p>\n<\/div>\n<\/div>\n<div style=\"position:absolute;pointer-events:none;left:55.09709%;top:94.66019%;width:34.46602%;height:7.60518%;opacity:1\">\n<div style=\"pointer-events:initial;width:100%;height:100%;display:block;position:absolute;top:0;left:0;z-index:0;background-clip:content-box;background-color:#333\" id=\"el-5ded53bb-05e4-40dc-8af7-0381a3297549\"><a href=\"https:\/\/www.mapadehoteis.com.br\/blog\/carnaval\/top-5-melhores-carnavais-do-brasil\/\" data-tooltip-icon=\"https:\/\/www.mapadehoteis.com.br\/blog\/wp-content\/uploads\/2016\/06\/logo-mapadehoteis-1.png\" data-tooltip-text=\"TOP 5 Festas de Reveillon do Brasil para 2024 - | Blog Mapa de Hot\u00e9is\" target=\"_blank\" rel=\"noreferrer\" style=\"width:100%;height:100%;display:block;position:absolute;top:0;left:0\"><\/p>\n<h3 class=\"fill text-wrapper\" style=\"white-space:pre-line;overflow-wrap:break-word;word-break:break-word;margin:-0.9316901408450706% 0;font-family:&quot;Raleway&quot;,sans-serif;font-size:0.339806em;line-height:1.3;text-align:center;padding:8.450704225352112% 5.633802816901409%;color:#000000\"><span><span style=\"font-weight: 500; color: #fff\">Ler mais<\/span><\/span><\/h3>\n<p><\/a><\/div>\n<\/div>\n<div style=\"position:absolute;pointer-events:none;left:6.79612%;top:67.79935%;width:88.1068%;height:7.11974%;transform:rotate(360deg);opacity:1\">\n<div style=\"pointer-events:initial;width:100%;height:100%;display:block;position:absolute;top:0;left:0;z-index:0\" class=\"mask\" id=\"el-6ca4d496-aa6a-4f6f-836e-4a327345e458\"><a href=\"https:\/\/www.mapadehoteis.com.br\/blog\/r\" data-tooltip-text=\"\" target=\"_blank\" rel=\"noreferrer\" style=\"width:100%;height:100%;display:block;position:absolute;top:0;left:0\"><\/p>\n<div style=\"position:absolute;width:100%;height:127.09769%;left:0%;top:-13.54884%\" data-leaf-element=\"true\"><amp-img data-recalc-dims=\"1\" layout=\"fill\" src=\"https:\/\/i0.wp.com\/www.mapadehoteis.com.br\/blog\/wp-content\/uploads\/2023\/08\/cropped-logo-blog.png?w=648&#038;ssl=1\" alt=\"\" srcSet=\"https:\/\/www.mapadehoteis.com.br\/blog\/wp-content\/uploads\/2023\/08\/cropped-logo-blog.png 727w\" sizes=\"(min-width: 1024px) 40vh, 88vw\" disable-inline-width=\"true\"><\/amp-img><\/div>\n<p><\/a><\/div>\n<\/div>\n<div style=\"position:absolute;pointer-events:none;left:18.93204%;top:22.16828%;width:63.1068%;height:26.53722%;transform:rotate(352deg);opacity:1\">\n<div style=\"pointer-events:initial;width:100%;height:100%;display:block;position:absolute;top:0;left:0;z-index:0\" class=\"mask\" id=\"el-daef51a2-93a2-481a-bdea-15bbd53bf0b5\">\n<div style=\"position:absolute;width:100%;height:118.90243%;left:0%;top:-9.45122%\" data-leaf-element=\"true\"><amp-img data-recalc-dims=\"1\" layout=\"fill\" src=\"https:\/\/i0.wp.com\/www.mapadehoteis.com.br\/blog\/wp-content\/uploads\/2019\/02\/carnaval-sao-luiz-do-paraitinga-blocos.jpg?w=648&#038;ssl=1\" alt=\"Blocos no carnaval de s\u00e3o luiz do paraitinga\" srcSet=\"https:\/\/www.mapadehoteis.com.br\/blog\/wp-content\/uploads\/2019\/02\/carnaval-sao-luiz-do-paraitinga-blocos.jpg 700w,https:\/\/www.mapadehoteis.com.br\/blog\/wp-content\/uploads\/2019\/02\/carnaval-sao-luiz-do-paraitinga-blocos-648x486.jpg 648w,https:\/\/www.mapadehoteis.com.br\/blog\/wp-content\/uploads\/2019\/02\/carnaval-sao-luiz-do-paraitinga-blocos-300x225.jpg 300w\" sizes=\"(min-width: 1024px) 28vh, 63vw\" disable-inline-width=\"true\"><\/amp-img><\/div>\n<\/div>\n<\/div>\n<\/div>\n<\/div>\n<p><\/amp-story-grid-layer><\/amp-story-page><amp-story-page id=\"f6571656-9ca5-49a3-85d9-46dd0b59275f\" auto-advance-after=\"7s\"><amp-story-grid-layer template=\"vertical\" aspect-ratio=\"412:618\" class=\"grid-layer\"><\/p>\n<div class=\"page-fullbleed-area\" style=\"background-color:#fff\">\n<div class=\"page-safe-area\">\n<div style=\"position:absolute;pointer-events:none;left:0;top:-9.25926%;width:100%;height:118.51852%;opacity:1\">\n<div style=\"pointer-events:initial;width:100%;height:100%;display:block;position:absolute;top:0;left:0;z-index:0\" class=\"mask\" id=\"el-9f007251-621e-4a00-a9f4-aa99498ed057\">\n<div class=\"fill\" style=\"will-change:transform\"><\/div>\n<\/div>\n<\/div>\n<\/div>\n<\/div>\n<p><\/amp-story-grid-layer><amp-story-grid-layer template=\"vertical\" aspect-ratio=\"412:618\" class=\"grid-layer\"><\/p>\n<div class=\"page-fullbleed-area\">\n<div class=\"page-safe-area\">\n<div style=\"position:absolute;pointer-events:none;left:8.00971%;top:65.04854%;width:84.2233%;height:5.01618%;opacity:1\">\n<div style=\"pointer-events:initial;width:100%;height:100%;display:block;position:absolute;top:0;left:0;z-index:0;border-radius:0.5763688760806917% 0.5763688760806917% 0.5763688760806917% 0.5763688760806917% \/ 6.451612903225806% 6.451612903225806% 6.451612903225806% 6.451612903225806%\" id=\"el-c5fa47f7-4c6f-4144-9167-78f6e1ed5ea2\"><a href=\"https:\/\/www.mapadehoteis.com.br\/blog\/resort\/top-5-melhores-resorts-all-inclusive-do-brasil\/\" target=\"_blank\" rel=\"noreferrer\" style=\"width:100%;height:100%;display:block;position:absolute;top:0;left:0\"><\/p>\n<p class=\"fill text-wrapper\" style=\"white-space:pre-line;overflow-wrap:break-word;word-break:break-word;margin:0% 0;font-family:&quot;IBM Plex Sans&quot;,sans-serif;font-size:0.372168em;line-height:1.3;text-align:left;padding:0;color:#000000\"><span><span style=\"font-weight: 700; color: #ff9200\">CARNAVAL DE FLORIAN\u00d3POLIS<\/span><\/span><\/p>\n<p><\/a><\/div>\n<\/div>\n<div style=\"position:absolute;pointer-events:none;left:10.19417%;top:73.46278%;width:76.94175%;height:14.40129%;opacity:1\">\n<div style=\"pointer-events:initial;width:100%;height:100%;display:block;position:absolute;top:0;left:0;z-index:0;border-radius:0.6309148264984227% 0.6309148264984227% 0.6309148264984227% 0.6309148264984227% \/ 2.247191011235955% 2.247191011235955% 2.247191011235955% 2.247191011235955%\" id=\"el-369eb7ee-6951-4626-adb6-7587a1085b55\">\n<p class=\"fill text-wrapper\" style=\"white-space:pre-line;overflow-wrap:break-word;word-break:break-word;margin:-0.25236593059936874% 0;font-family:&quot;IBM Plex Sans&quot;,sans-serif;font-size:0.258900em;line-height:1.4;text-align:left;padding:0;color:#000000\"><span><span style=\"color: #2f2f2f\">Destaque para &nbsp;Jurer\u00ea Internacional e desfiles no Centro.<\/span><br \/>\n<span style=\"color: #2f2f2f\">Predominante p\u00fablico jovem e turistas em busca de festa na praia.<\/span><\/span><\/p>\n<\/div>\n<\/div>\n<div style=\"position:absolute;pointer-events:none;left:12.13592%;top:54.04531%;width:78.15534%;height:7.60518%;opacity:1\">\n<div style=\"pointer-events:initial;width:100%;height:100%;display:block;position:absolute;top:0;left:0;z-index:0;border-radius:0.6211180124223602% 0.6211180124223602% 0.6211180124223602% 0.6211180124223602% \/ 4.25531914893617% 4.25531914893617% 4.25531914893617% 4.25531914893617%\" id=\"el-c57379db-8645-411c-93bd-71e51efbcffd\">\n<p class=\"fill text-wrapper\" style=\"white-space:pre-line;overflow-wrap:break-word;word-break:break-word;margin:0% 0;font-family:&quot;IBM Plex Sans&quot;,sans-serif;font-size:0.566343em;line-height:1.3;text-align:left;padding:0;color:#000000\"><span><span style=\"font-weight: 700; color: #0057ff\">5\u00ba Lugar<\/span><\/span><\/p>\n<\/div>\n<\/div>\n<div style=\"position:absolute;pointer-events:none;left:55.09709%;top:88.1877%;width:34.46602%;height:7.9288%;transform:rotate(360deg);opacity:1\">\n<div style=\"pointer-events:initial;width:100%;height:100%;display:block;position:absolute;top:0;left:0;z-index:0;background-clip:content-box;background-color:#333\" id=\"el-5195bf7d-250b-4e6b-900c-eeedb6a5cadf\"><a href=\"https:\/\/www.mapadehoteis.com.br\/blog\/carnaval\/top-5-melhores-carnavais-do-brasil\/\" data-tooltip-icon=\"https:\/\/www.mapadehoteis.com.br\/blog\/wp-content\/uploads\/2024\/01\/galo-da-madrugada-gabi-amarantos-recife-648x483.jpg\" data-tooltip-text=\"TOP 5 Melhores Carnavais do Brasil \u2013 | Blog Mapa de Hot\u00e9is\" target=\"_blank\" rel=\"noreferrer\" style=\"width:100%;height:100%;display:block;position:absolute;top:0;left:0\"><\/p>\n<h3 class=\"fill text-wrapper\" style=\"white-space:pre-line;overflow-wrap:break-word;word-break:break-word;margin:-0.9316901408450706% 0;font-family:&quot;Raleway&quot;,sans-serif;font-size:0.339806em;line-height:1.3;text-align:center;padding:8.450704225352112% 5.633802816901409%;color:#000000\"><span><span style=\"font-weight: 500; color: #fff\">Ler mais<\/span><\/span><\/h3>\n<p><\/a><\/div>\n<\/div>\n<div style=\"position:absolute;pointer-events:none;left:-0.24272%;top:-10.03236%;width:101.45631%;height:60.03236%;opacity:1\">\n<div style=\"pointer-events:initial;width:100%;height:100%;display:block;position:absolute;top:0;left:0;z-index:0\" class=\"mask\" id=\"el-d2109ab8-ff08-478e-a611-6ede698eef23\">\n<div style=\"position:absolute;width:105.87642%;height:100%;left:-2.93821%;top:0%\" data-leaf-element=\"true\"><amp-img data-recalc-dims=\"1\" layout=\"fill\" src=\"https:\/\/i0.wp.com\/www.mapadehoteis.com.br\/blog\/wp-content\/uploads\/2025\/01\/florianopolis-vista-orla.png?w=648&#038;ssl=1\" alt=\"florianopolis vista orla\" srcSet=\"https:\/\/www.mapadehoteis.com.br\/blog\/wp-content\/uploads\/2025\/01\/florianopolis-vista-orla.png 940w,https:\/\/www.mapadehoteis.com.br\/blog\/wp-content\/uploads\/2025\/01\/florianopolis-vista-orla-768x644.png 768w,https:\/\/www.mapadehoteis.com.br\/blog\/wp-content\/uploads\/2025\/01\/florianopolis-vista-orla-648x543.png 648w,https:\/\/www.mapadehoteis.com.br\/blog\/wp-content\/uploads\/2025\/01\/florianopolis-vista-orla-300x251.png 300w,https:\/\/www.mapadehoteis.com.br\/blog\/wp-content\/uploads\/2025\/01\/florianopolis-vista-orla-150x126.png 150w\" sizes=\"(min-width: 1024px) 46vh, 101vw\" disable-inline-width=\"true\"><\/amp-img><\/div>\n<\/div>\n<\/div>\n<\/div>\n<\/div>\n<p><\/amp-story-grid-layer><\/amp-story-page><amp-story-page id=\"b458e8f2-521d-4a7c-aaa0-80d7111f47b9\" auto-advance-after=\"7s\"><amp-story-grid-layer template=\"vertical\" aspect-ratio=\"412:618\" class=\"grid-layer\"><\/p>\n<div class=\"page-fullbleed-area\" style=\"background-color:#7d585f\">\n<div class=\"page-safe-area\">\n<div style=\"position:absolute;pointer-events:none;left:0;top:-9.25926%;width:100%;height:118.51852%;opacity:1\">\n<div style=\"pointer-events:initial;width:100%;height:100%;display:block;position:absolute;top:0;left:0;z-index:0\" class=\"mask\" id=\"el-6240bfb4-2205-4e14-a905-d6d8ab5293f1\">\n<div style=\"position:absolute;width:178.94737%;height:100%;left:-39.47369%;top:0%\" data-leaf-element=\"true\"><amp-img data-recalc-dims=\"1\" layout=\"fill\" src=\"https:\/\/i0.wp.com\/www.mapadehoteis.com.br\/blog\/wp-content\/uploads\/2025\/01\/berbigao-do-boca-rainha-1.jpg?w=648&#038;ssl=1\" alt=\"rainha do berbig\u00e3o do boca\" srcSet=\"https:\/\/www.mapadehoteis.com.br\/blog\/wp-content\/uploads\/2025\/01\/berbigao-do-boca-rainha-1.jpg 306w,https:\/\/www.mapadehoteis.com.br\/blog\/wp-content\/uploads\/2025\/01\/berbigao-do-boca-rainha-1-300x298.jpg 300w,https:\/\/www.mapadehoteis.com.br\/blog\/wp-content\/uploads\/2025\/01\/berbigao-do-boca-rainha-1-150x150.jpg 150w,https:\/\/www.mapadehoteis.com.br\/blog\/wp-content\/uploads\/2025\/01\/berbigao-do-boca-rainha-1-96x96.jpg 96w,https:\/\/www.mapadehoteis.com.br\/blog\/wp-content\/uploads\/2025\/01\/berbigao-do-boca-rainha-1-60x60.jpg 60w\" sizes=\"(min-width: 1024px) 81vh, 179vw\" disable-inline-width=\"true\"><\/amp-img><\/div>\n<\/div>\n<\/div>\n<\/div>\n<\/div>\n<p><\/amp-story-grid-layer><amp-story-grid-layer template=\"vertical\" aspect-ratio=\"412:618\" class=\"grid-layer\"><\/p>\n<div class=\"page-fullbleed-area\">\n<div class=\"page-safe-area\">\n<div style=\"position:absolute;pointer-events:none;left:11.65049%;top:44.66019%;width:81.79612%;height:11.8123%;opacity:1\">\n<div style=\"pointer-events:initial;width:100%;height:100%;display:block;position:absolute;top:0;left:0;z-index:0;border-radius:0.5934718100890208% 0.5934718100890208% 0.5934718100890208% 0.5934718100890208% \/ 2.73972602739726% 2.73972602739726% 2.73972602739726% 2.73972602739726%;background-clip:content-box;background-color:#faf6f8\" id=\"el-2963dc4e-9467-45e1-97d7-847bde2c848b\">\n<p class=\"fill text-wrapper\" style=\"white-space:pre-line;overflow-wrap:break-word;word-break:break-word;margin:0% 0;font-family:&quot;IBM Plex Sans&quot;,sans-serif;font-size:0.404531em;line-height:1.3;text-align:left;padding:1.1869436201780417% 2.3738872403560833%;color:#000000\"><span><span style=\"color: #ff9200\">Bloco dos Sujos e Berbig\u00e3o do Boca<\/span><\/span><\/p>\n<\/div>\n<\/div>\n<div style=\"position:absolute;pointer-events:none;left:11.65049%;top:60.5178%;width:81.06796%;height:18.93204%;transform:rotate(360deg);opacity:1\">\n<div style=\"pointer-events:initial;width:100%;height:100%;display:block;position:absolute;top:0;left:0;z-index:0;border-radius:0.5988023952095809% 0.5988023952095809% 0.5988023952095809% 0.5988023952095809% \/ 1.7094017094017095% 1.7094017094017095% 1.7094017094017095% 1.7094017094017095%;background-clip:content-box;background-color:#f9f9f9\" id=\"el-72b2008f-4f5d-4cfa-bce4-d4dd5730ee7d\">\n<p class=\"fill text-wrapper\" style=\"white-space:pre-line;overflow-wrap:break-word;word-break:break-word;margin:-0.23952095808383203% 0;font-family:&quot;IBM Plex Sans&quot;,sans-serif;font-size:0.258900em;line-height:1.4;text-align:left;padding:1.1976047904191618% 2.3952095808383236%;color:#000000\"><span><span style=\"color: #2f2f2f\">Na \u00faltima edi\u00e7\u00e3o o Bloco dos Sujos arrastou multid\u00e3o reunindo mais de 400 mil pessoas no centro da cidade.<\/span><br \/>\n<span style=\"color: #2f2f2f\">O Berbig\u00e3o do Boca elege todo ano sua Rainha!<\/span><\/span><\/p>\n<\/div>\n<\/div>\n<\/div>\n<\/div>\n<p><\/amp-story-grid-layer><amp-story-page-outlink layout=\"nodisplay\" cta-image=\"https:\/\/www.mapadehoteis.com.br\/blog\/wp-content\/uploads\/2024\/01\/galo-da-madrugada-gabi-amarantos-recife-648x483.jpg\"><a href=\"https:\/\/www.mapadehoteis.com.br\/blog\/carnaval\/top-5-melhores-carnavais-do-brasil\/\" rel=\"\">Aprenda mais<\/a><\/amp-story-page-outlink><\/amp-story-page><amp-story-page id=\"c666e93b-0dd6-4bd2-8d28-397bf8272304\" auto-advance-after=\"7s\"><amp-story-grid-layer template=\"vertical\" aspect-ratio=\"412:618\" class=\"grid-layer\"><\/p>\n<div class=\"page-fullbleed-area\" style=\"background-color:#fff\">\n<div class=\"page-safe-area\">\n<div style=\"position:absolute;pointer-events:none;left:0;top:-9.25926%;width:100%;height:118.51852%;opacity:1\">\n<div style=\"pointer-events:initial;width:100%;height:100%;display:block;position:absolute;top:0;left:0;z-index:0\" class=\"mask\" id=\"el-1050eda1-b285-4ce9-af1b-6766a67fd1bd\">\n<div class=\"fill\" style=\"will-change:transform\"><\/div>\n<\/div>\n<\/div>\n<\/div>\n<\/div>\n<p><\/amp-story-grid-layer><amp-story-grid-layer template=\"vertical\" aspect-ratio=\"412:618\" class=\"grid-layer\"><\/p>\n<div class=\"page-fullbleed-area\">\n<div class=\"page-safe-area\">\n<div style=\"position:absolute;pointer-events:none;left:11.65049%;top:60.35599%;width:81.79612%;height:5.01618%;opacity:1\">\n<div style=\"pointer-events:initial;width:100%;height:100%;display:block;position:absolute;top:0;left:0;z-index:0;border-radius:0.5934718100890208% 0.5934718100890208% 0.5934718100890208% 0.5934718100890208% \/ 6.451612903225806% 6.451612903225806% 6.451612903225806% 6.451612903225806%\" id=\"el-c2d3f06d-c6f3-4645-90b2-e7ce93b91ef0\"><a href=\"https:\/\/www.mapadehoteis.com.br\/blog\/resort\/top-5-melhores-resorts-all-inclusive-do-brasil\/\" data-tooltip-icon=\"https:\/\/www.mapadehoteis.com.br\/blog\/wp-content\/uploads\/2023\/07\/resorts-all-inclusive-brasil-e1690691776587.png\" data-tooltip-text=\"TOP 5 Melhores Resorts All Inclusive do Brasil - | Blog Mapa de Hot\u00e9is\" target=\"_blank\" rel=\"noreferrer\" style=\"width:100%;height:100%;display:block;position:absolute;top:0;left:0\"><\/p>\n<p class=\"fill text-wrapper\" style=\"white-space:pre-line;overflow-wrap:break-word;word-break:break-word;margin:0% 0;font-family:&quot;IBM Plex Sans&quot;,sans-serif;font-size:0.404531em;line-height:1.3;text-align:left;padding:0;color:#000000\"><span><span style=\"font-weight: 700; color: #ff9200\">RECIFE E OLINDA (PE)<\/span><\/span><\/p>\n<p><\/a><\/div>\n<\/div>\n<div style=\"position:absolute;pointer-events:none;left:12.13592%;top:67.63754%;width:76.21359%;height:14.23948%;opacity:1\">\n<div style=\"pointer-events:initial;width:100%;height:100%;display:block;position:absolute;top:0;left:0;z-index:0;border-radius:0.6369426751592357% 0.6369426751592357% 0.6369426751592357% 0.6369426751592357% \/ 2.272727272727273% 2.272727272727273% 2.272727272727273% 2.272727272727273%\" id=\"el-8cb46aae-92c9-4015-8184-f460008e5c2d\">\n<p class=\"fill text-wrapper\" style=\"white-space:pre-line;overflow-wrap:break-word;word-break:break-word;margin:-0.25477707006369393% 0;font-family:&quot;IBM Plex Sans&quot;,sans-serif;font-size:0.258900em;line-height:1.4;text-align:left;padding:0;color:#000000\"><span><span style=\"color: #2f2f2f\">\u00c9 o carnaval de fortes ra\u00edzes e o mais cultural do Brasil! O Frevo e Maracatu tomam conta das ruas. Al\u00e9m de gratuito, \u00e9 encantador!<\/span><\/span><\/p>\n<\/div>\n<\/div>\n<div style=\"position:absolute;pointer-events:none;left:12.13592%;top:50.80906%;width:78.15534%;height:7.44337%;opacity:1\">\n<div style=\"pointer-events:initial;width:100%;height:100%;display:block;position:absolute;top:0;left:0;z-index:0;border-radius:0.6211180124223602% 0.6211180124223602% 0.6211180124223602% 0.6211180124223602% \/ 4.3478260869565215% 4.3478260869565215% 4.3478260869565215% 4.3478260869565215%\" id=\"el-aa2fecc9-8ac0-4a12-9af9-ede1b322c2d8\">\n<p class=\"fill text-wrapper\" style=\"white-space:pre-line;overflow-wrap:break-word;word-break:break-word;margin:0% 0;font-family:&quot;IBM Plex Sans&quot;,sans-serif;font-size:0.566343em;line-height:1.3;text-align:left;padding:0;color:#000000\"><span><span style=\"font-weight: 700; color: #0057ff\">4\u00ba Lugar<\/span><\/span><\/p>\n<\/div>\n<\/div>\n<div style=\"position:absolute;pointer-events:none;left:53.8835%;top:90.12945%;width:34.46602%;height:7.9288%;opacity:1\">\n<div style=\"pointer-events:initial;width:100%;height:100%;display:block;position:absolute;top:0;left:0;z-index:0;background-clip:content-box;background-color:#333\" id=\"el-f951be41-58d4-4c77-aabf-4ad706ee916f\"><a href=\"https:\/\/www.mapadehoteis.com.br\/blog\/carnaval\/top-5-melhores-carnavais-do-brasil\/\" data-tooltip-icon=\"https:\/\/www.mapadehoteis.com.br\/blog\/wp-content\/uploads\/2024\/01\/galo-da-madrugada-gabi-amarantos-recife-648x483.jpg\" data-tooltip-text=\"TOP 5 Melhores Carnavais do Brasil - | Blog Mapa de Hot\u00e9is\" target=\"_blank\" rel=\"noreferrer\" style=\"width:100%;height:100%;display:block;position:absolute;top:0;left:0\"><\/p>\n<h3 class=\"fill text-wrapper\" style=\"white-space:pre-line;overflow-wrap:break-word;word-break:break-word;margin:-0.9316901408450706% 0;font-family:&quot;Raleway&quot;,sans-serif;font-size:0.339806em;line-height:1.3;text-align:center;padding:8.450704225352112% 5.633802816901409%;color:#000000\"><span><span style=\"font-weight: 500; color: #fff\">Ler mais<\/span><\/span><\/h3>\n<p><\/a><\/div>\n<\/div>\n<div style=\"position:absolute;pointer-events:none;left:-3.39806%;top:-11.16505%;width:104.12621%;height:52.42718%;opacity:1\">\n<div style=\"pointer-events:initial;width:100%;height:100%;display:block;position:absolute;top:0;left:0;z-index:0\" class=\"mask\" id=\"el-0b317fc2-0749-4a3f-a08b-b8a185432e87\">\n<div style=\"position:absolute;width:113.49306%;height:100%;left:-6.74653%;top:0%\" data-leaf-element=\"true\"><amp-img data-recalc-dims=\"1\" layout=\"fill\" src=\"https:\/\/i0.wp.com\/www.mapadehoteis.com.br\/blog\/wp-content\/uploads\/2024\/01\/carnaval-de-olinda-pe.jpg?w=648&#038;ssl=1\" alt=\"carnaval olindense\" srcSet=\"https:\/\/www.mapadehoteis.com.br\/blog\/wp-content\/uploads\/2024\/01\/carnaval-de-olinda-pe.jpg 275w,https:\/\/www.mapadehoteis.com.br\/blog\/wp-content\/uploads\/2024\/01\/carnaval-de-olinda-pe-150x100.jpg 150w\" sizes=\"(min-width: 1024px) 47vh, 104vw\" disable-inline-width=\"true\"><\/amp-img><\/div>\n<\/div>\n<\/div>\n<\/div>\n<\/div>\n<p><\/amp-story-grid-layer><\/amp-story-page><amp-story-page id=\"078de43f-5f0d-46c2-af6b-b2d5796e8d82\" auto-advance-after=\"7s\"><amp-story-grid-layer template=\"vertical\" aspect-ratio=\"412:618\" class=\"grid-layer\"><\/p>\n<div class=\"page-fullbleed-area\" style=\"background-color:#bcbebd\">\n<div class=\"page-safe-area\">\n<div style=\"position:absolute;pointer-events:none;left:0;top:-9.25926%;width:100%;height:118.51852%;opacity:1\">\n<div style=\"pointer-events:initial;width:100%;height:100%;display:block;position:absolute;top:0;left:0;z-index:0\" class=\"mask\" id=\"el-b9e40b32-f28e-4855-ae77-6ee6ccf22bc7\">\n<div style=\"position:absolute;width:133.38544%;height:100%;left:-16.69272%;top:0%\" data-leaf-element=\"true\"><amp-img data-recalc-dims=\"1\" layout=\"fill\" src=\"https:\/\/i0.wp.com\/www.mapadehoteis.com.br\/blog\/wp-content\/uploads\/2024\/01\/cropped-bloco-galo-da-madrugada.jpg?w=648&#038;ssl=1\" alt=\"Bloco Galo da Madrugada de Recife Pernambuco\" srcSet=\"https:\/\/i0.wp.com\/www.mapadehoteis.com.br\/blog\/wp-content\/uploads\/2024\/01\/cropped-bloco-galo-da-madrugada.jpg?fit=640%2C853&amp;ssl=1 640w,https:\/\/i0.wp.com\/www.mapadehoteis.com.br\/blog\/wp-content\/uploads\/2024\/01\/cropped-bloco-galo-da-madrugada.jpg?fit=486%2C648&amp;ssl=1 486w,https:\/\/i0.wp.com\/www.mapadehoteis.com.br\/blog\/wp-content\/uploads\/2024\/01\/cropped-bloco-galo-da-madrugada.jpg?fit=225%2C300&amp;ssl=1 225w,https:\/\/i0.wp.com\/www.mapadehoteis.com.br\/blog\/wp-content\/uploads\/2024\/01\/cropped-bloco-galo-da-madrugada.jpg?fit=150%2C200&amp;ssl=1 150w\" sizes=\"(min-width: 1024px) 60vh, 133vw\" disable-inline-width=\"true\"><\/amp-img><\/div>\n<\/div>\n<\/div>\n<\/div>\n<\/div>\n<p><\/amp-story-grid-layer><amp-story-grid-layer template=\"vertical\" aspect-ratio=\"412:618\" class=\"grid-layer\"><\/p>\n<div class=\"page-fullbleed-area\">\n<div class=\"page-safe-area\">\n<div style=\"position:absolute;pointer-events:none;left:13.59223%;top:71.0356%;width:76.21359%;height:19.09385%;opacity:1\">\n<div style=\"pointer-events:initial;width:100%;height:100%;display:block;position:absolute;top:0;left:0;z-index:0;border-radius:0.6369426751592357% 0.6369426751592357% 0.6369426751592357% 0.6369426751592357% \/ 1.694915254237288% 1.694915254237288% 1.694915254237288% 1.694915254237288%;background-clip:content-box;background-color:#fff\" id=\"el-59c2d54e-cba5-4182-a1ee-fff39f6e9ce7\">\n<p class=\"fill text-wrapper\" style=\"white-space:pre-line;overflow-wrap:break-word;word-break:break-word;margin:-0.25477707006369393% 0;font-family:&quot;IBM Plex Sans&quot;,sans-serif;font-size:0.258900em;line-height:1.4;text-align:left;padding:1.2738853503184715% 2.547770700636943%;color:#000000\"><span><span style=\"color: #2f2f2f\">O <\/span><span style=\"font-weight: 700; color: #2f2f2f\">Galo da Madrugada<\/span><span style=\"color: #2f2f2f\">, em Recife, \u00e9 o maior bloco de Carnaval do mundo, arrastando milh\u00f5es de foli\u00f5es ao som do frevo nas ruas do centro da cidade, sempre no s\u00e1bado de Z\u00e9 Pereira.<\/span><\/span><\/p>\n<\/div>\n<\/div>\n<\/div>\n<\/div>\n<p><\/amp-story-grid-layer><amp-story-page-outlink layout=\"nodisplay\" cta-image=\"https:\/\/www.mapadehoteis.com.br\/blog\/wp-content\/uploads\/2024\/01\/galo-da-madrugada-gabi-amarantos-recife-648x483.jpg\"><a href=\"https:\/\/www.mapadehoteis.com.br\/blog\/carnaval\/top-5-melhores-carnavais-do-brasil\/\" rel=\"\">Aprenda mais<\/a><\/amp-story-page-outlink><\/amp-story-page><amp-story-page id=\"e4fa2ba0-b64e-4936-8691-117591732b1f\" auto-advance-after=\"7s\"><amp-story-grid-layer template=\"vertical\" aspect-ratio=\"412:618\" class=\"grid-layer\"><\/p>\n<div class=\"page-fullbleed-area\" style=\"background-color:#fff\">\n<div class=\"page-safe-area\">\n<div style=\"position:absolute;pointer-events:none;left:0;top:-9.25926%;width:100%;height:118.51852%;opacity:1\">\n<div style=\"pointer-events:initial;width:100%;height:100%;display:block;position:absolute;top:0;left:0;z-index:0\" class=\"mask\" id=\"el-4c741b87-1fcd-49e0-915b-22e5bd004a64\">\n<div class=\"fill\" style=\"will-change:transform\"><\/div>\n<\/div>\n<\/div>\n<\/div>\n<\/div>\n<p><\/amp-story-grid-layer><amp-story-grid-layer template=\"vertical\" aspect-ratio=\"412:618\" class=\"grid-layer\"><\/p>\n<div class=\"page-fullbleed-area\">\n<div class=\"page-safe-area\">\n<div style=\"position:absolute;pointer-events:none;left:11.65049%;top:59.70874%;width:81.79612%;height:5.17799%;opacity:1\">\n<div style=\"pointer-events:initial;width:100%;height:100%;display:block;position:absolute;top:0;left:0;z-index:0;border-radius:0.5934718100890208% 0.5934718100890208% 0.5934718100890208% 0.5934718100890208% \/ 6.25% 6.25% 6.25% 6.25%\" id=\"el-6147f183-1211-4fd9-a810-613d41628b4e\"><a href=\"https:\/\/www.mapadehoteis.com.br\/blog\/resort\/top-5-melhores-resorts-all-inclusive-do-brasil\/\" data-tooltip-icon=\"https:\/\/www.mapadehoteis.com.br\/blog\/wp-content\/uploads\/2023\/07\/resorts-all-inclusive-brasil-e1690691776587.png\" data-tooltip-text=\"TOP 5 Melhores Resorts All Inclusive do Brasil - | Blog Mapa de Hot\u00e9is\" target=\"_blank\" rel=\"noreferrer\" style=\"width:100%;height:100%;display:block;position:absolute;top:0;left:0\"><\/p>\n<p class=\"fill text-wrapper\" style=\"white-space:pre-line;overflow-wrap:break-word;word-break:break-word;margin:0% 0;font-family:&quot;IBM Plex Sans&quot;,sans-serif;font-size:0.404531em;line-height:1.3;text-align:left;padding:0;color:#000000\"><span><span style=\"font-weight: 700; color: #ff9200\">CARNAVAL DE S\u00c3O PAULO<\/span><\/span><\/p>\n<p><\/a><\/div>\n<\/div>\n<div style=\"position:absolute;pointer-events:none;left:11.16505%;top:69.41748%;width:76.21359%;height:17.96117%;opacity:1\">\n<div style=\"pointer-events:initial;width:100%;height:100%;display:block;position:absolute;top:0;left:0;z-index:0;border-radius:0.6369426751592357% 0.6369426751592357% 0.6369426751592357% 0.6369426751592357% \/ 1.8018018018018018% 1.8018018018018018% 1.8018018018018018% 1.8018018018018018%\" id=\"el-384e6060-d02c-46d0-a432-4507158b5ce6\"><a href=\"https:\/\/www.mapadehoteis.com.br\/blog\/carnaval\/top-5-melhores-carnavais-do-brasil\/\" data-tooltip-icon=\"https:\/\/www.mapadehoteis.com.br\/blog\/wp-content\/uploads\/2024\/01\/galo-da-madrugada-gabi-amarantos-recife-648x483.jpg\" data-tooltip-text=\"TOP 5 Melhores Carnavais do Brasil \u2013 | Blog Mapa de Hot\u00e9is\" target=\"_blank\" rel=\"noreferrer\" style=\"width:100%;height:100%;display:block;position:absolute;top:0;left:0\"><\/p>\n<p class=\"fill text-wrapper\" style=\"white-space:pre-line;overflow-wrap:break-word;word-break:break-word;margin:-0.25477707006369393% 0;font-family:&quot;IBM Plex Sans&quot;,sans-serif;font-size:0.258900em;line-height:1.4;text-align:left;padding:0;color:#000000\"><span><span style=\"color: #2f2f2f\">Al\u00e9m dos desfiles das escolas de samba no Samb\u00f3dromo, a cidade de S\u00e3o Paulo merece o 3\u00ba lugar no ranking por possuir uma cena crescente de blocos de rua que atraem multid\u00f5es<\/span><\/span><\/p>\n<p><\/a><\/div>\n<\/div>\n<div style=\"position:absolute;pointer-events:none;left:12.37864%;top:50%;width:78.15534%;height:7.44337%;opacity:1\">\n<div style=\"pointer-events:initial;width:100%;height:100%;display:block;position:absolute;top:0;left:0;z-index:0;border-radius:0.6211180124223602% 0.6211180124223602% 0.6211180124223602% 0.6211180124223602% \/ 4.3478260869565215% 4.3478260869565215% 4.3478260869565215% 4.3478260869565215%\" id=\"el-996e1fdd-6498-4ff7-885b-d015cd389286\">\n<p class=\"fill text-wrapper\" style=\"white-space:pre-line;overflow-wrap:break-word;word-break:break-word;margin:0% 0;font-family:&quot;IBM Plex Sans&quot;,sans-serif;font-size:0.566343em;line-height:1.3;text-align:left;padding:0;color:#000000\"><span><span style=\"font-weight: 700; color: #0057ff\">3\u00ba Lugar<\/span><\/span><\/p>\n<\/div>\n<\/div>\n<div style=\"position:absolute;pointer-events:none;left:49.51456%;top:91.74757%;width:34.46602%;height:7.9288%;opacity:1\">\n<div style=\"pointer-events:initial;width:100%;height:100%;display:block;position:absolute;top:0;left:0;z-index:0;background-clip:content-box;background-color:#333\" id=\"el-f5debae1-a498-4822-84fa-2bb535988ac0\"><a href=\"https:\/\/www.mapadehoteis.com.br\/blog\/carnaval\/top-5-melhores-carnavais-do-brasil\/\" data-tooltip-icon=\"https:\/\/www.mapadehoteis.com.br\/blog\/wp-content\/uploads\/2024\/01\/galo-da-madrugada-gabi-amarantos-recife-648x483.jpg\" data-tooltip-text=\"TOP 5 Melhores Carnavais do Brasil - | Blog Mapa de Hot\u00e9is\" target=\"_blank\" rel=\"noreferrer\" style=\"width:100%;height:100%;display:block;position:absolute;top:0;left:0\"><\/p>\n<h3 class=\"fill text-wrapper\" style=\"white-space:pre-line;overflow-wrap:break-word;word-break:break-word;margin:-0.9316901408450706% 0;font-family:&quot;Raleway&quot;,sans-serif;font-size:0.339806em;line-height:1.3;text-align:center;padding:8.450704225352112% 5.633802816901409%;color:#000000\"><span><span style=\"font-weight: 500; color: #fff\">Ler mais<\/span><\/span><\/h3>\n<p><\/a><\/div>\n<\/div>\n<div style=\"position:absolute;pointer-events:none;left:-0.72816%;top:-9.38511%;width:101.45631%;height:50.97087%;opacity:1\">\n<div style=\"pointer-events:initial;width:100%;height:100%;display:block;position:absolute;top:0;left:0;z-index:0\" class=\"mask\" id=\"el-246149a1-aff4-4cd2-8917-db47bdb96735\">\n<div style=\"position:absolute;width:113.03827%;height:100%;left:-6.51913%;top:0%\" data-leaf-element=\"true\"><amp-img data-recalc-dims=\"1\" layout=\"fill\" src=\"https:\/\/i0.wp.com\/www.mapadehoteis.com.br\/blog\/wp-content\/uploads\/2024\/01\/Bloco-Agrada-Gregos.jpg?w=648&#038;ssl=1\" alt=\"Bloco Agrada Gregos de s\u00e3o paulo\" srcSet=\"https:\/\/www.mapadehoteis.com.br\/blog\/wp-content\/uploads\/2024\/01\/Bloco-Agrada-Gregos.jpg 1920w,https:\/\/www.mapadehoteis.com.br\/blog\/wp-content\/uploads\/2024\/01\/Bloco-Agrada-Gregos-1536x1024.jpg 1536w,https:\/\/www.mapadehoteis.com.br\/blog\/wp-content\/uploads\/2024\/01\/Bloco-Agrada-Gregos-768x512.jpg 768w,https:\/\/www.mapadehoteis.com.br\/blog\/wp-content\/uploads\/2024\/01\/Bloco-Agrada-Gregos-648x432.jpg 648w,https:\/\/www.mapadehoteis.com.br\/blog\/wp-content\/uploads\/2024\/01\/Bloco-Agrada-Gregos-300x200.jpg 300w,https:\/\/www.mapadehoteis.com.br\/blog\/wp-content\/uploads\/2024\/01\/Bloco-Agrada-Gregos-150x100.jpg 150w\" sizes=\"(min-width: 1024px) 46vh, 101vw\" disable-inline-width=\"true\"><\/amp-img><\/div>\n<\/div>\n<\/div>\n<\/div>\n<\/div>\n<p><\/amp-story-grid-layer><\/amp-story-page><amp-story-page id=\"b0457f8b-a9f2-4cbb-8490-e3e2d7c9a7e3\" auto-advance-after=\"7s\"><amp-story-grid-layer template=\"vertical\" aspect-ratio=\"412:618\" class=\"grid-layer\"><\/p>\n<div class=\"page-fullbleed-area\" style=\"background-color:#fff\">\n<div class=\"page-safe-area\">\n<div style=\"position:absolute;pointer-events:none;left:0;top:-9.25926%;width:100%;height:118.51852%;opacity:1\">\n<div style=\"pointer-events:initial;width:100%;height:100%;display:block;position:absolute;top:0;left:0;z-index:0\" class=\"mask\" id=\"el-89508cfb-d069-4c84-b289-a515d95e0429\">\n<div style=\"position:absolute;width:316.04939%;height:100%;left:-108.02469%;top:0%\" data-leaf-element=\"true\"><amp-img data-recalc-dims=\"1\" layout=\"fill\" src=\"https:\/\/i0.wp.com\/www.mapadehoteis.com.br\/blog\/wp-content\/uploads\/2024\/01\/carnaval-de-rua-sao-paulo.jpeg?w=648&#038;ssl=1\" alt=\"carnaval de rua de s\u00e3o paulo bloquinhos\" srcSet=\"https:\/\/www.mapadehoteis.com.br\/blog\/wp-content\/uploads\/2024\/01\/carnaval-de-rua-sao-paulo.jpeg 1600w,https:\/\/www.mapadehoteis.com.br\/blog\/wp-content\/uploads\/2024\/01\/carnaval-de-rua-sao-paulo-1536x864.jpeg 1536w,https:\/\/www.mapadehoteis.com.br\/blog\/wp-content\/uploads\/2024\/01\/carnaval-de-rua-sao-paulo-768x432.jpeg 768w,https:\/\/www.mapadehoteis.com.br\/blog\/wp-content\/uploads\/2024\/01\/carnaval-de-rua-sao-paulo-648x365.jpeg 648w,https:\/\/www.mapadehoteis.com.br\/blog\/wp-content\/uploads\/2024\/01\/carnaval-de-rua-sao-paulo-300x169.jpeg 300w,https:\/\/www.mapadehoteis.com.br\/blog\/wp-content\/uploads\/2024\/01\/carnaval-de-rua-sao-paulo-150x84.jpeg 150w\" sizes=\"(min-width: 1024px) 143vh, 317vw\" disable-inline-width=\"true\"><\/amp-img><\/div>\n<\/div>\n<\/div>\n<\/div>\n<\/div>\n<p><\/amp-story-grid-layer><amp-story-grid-layer template=\"vertical\" aspect-ratio=\"412:618\" class=\"grid-layer\"><\/p>\n<div class=\"page-fullbleed-area\">\n<div class=\"page-safe-area\">\n<div style=\"position:absolute;pointer-events:none;left:6.5534%;top:19.09385%;width:81.79612%;height:19.25566%;opacity:1\">\n<div style=\"pointer-events:initial;width:100%;height:100%;display:block;position:absolute;top:0;left:0;z-index:0;border-radius:0.5934718100890208% 0.5934718100890208% 0.5934718100890208% 0.5934718100890208% \/ 1.680672268907563% 1.680672268907563% 1.680672268907563% 1.680672268907563%;background-clip:content-box;background-color:#fff\" id=\"el-bad29c15-c301-4994-ae51-e293613904ae\">\n<p class=\"fill text-wrapper\" style=\"white-space:pre-line;overflow-wrap:break-word;word-break:break-word;margin:-0.23738872403560798% 0;font-family:&quot;IBM Plex Sans&quot;,sans-serif;font-size:0.258900em;line-height:1.4;text-align:left;padding:1.1869436201780417% 2.3738872403560833%;color:#000000\"><span><span style=\"color: #2f2f2f\">Bairros como Vila Madalena s\u00e3o conhecidos por suas festas animadas durante o carnaval, mas o centro de S\u00e3o Paulo, Largo da Batata e muitos outros bairros tamb\u00e9m concentram os famosos blocos de rua.<\/span><\/span><\/p>\n<\/div>\n<\/div>\n<\/div>\n<\/div>\n<p><\/amp-story-grid-layer><amp-story-page-outlink layout=\"nodisplay\" cta-image=\"https:\/\/www.mapadehoteis.com.br\/blog\/wp-content\/uploads\/2024\/01\/galo-da-madrugada-gabi-amarantos-recife-648x483.jpg\"><a href=\"https:\/\/www.mapadehoteis.com.br\/blog\/carnaval\/top-5-melhores-carnavais-do-brasil\/\" rel=\"\">Aprenda mais<\/a><\/amp-story-page-outlink><\/amp-story-page><amp-story-page id=\"f427feab-08e3-4fb3-891b-43c77dfc8968\" auto-advance-after=\"7s\"><amp-story-grid-layer template=\"vertical\" aspect-ratio=\"412:618\" class=\"grid-layer\"><\/p>\n<div class=\"page-fullbleed-area\" style=\"background-color:#fff\">\n<div class=\"page-safe-area\">\n<div style=\"position:absolute;pointer-events:none;left:0;top:-9.25926%;width:100%;height:118.51852%;opacity:1\">\n<div style=\"pointer-events:initial;width:100%;height:100%;display:block;position:absolute;top:0;left:0;z-index:0\" class=\"mask\" id=\"el-7b5feb74-87a4-45aa-b377-7e9a8d2fbc62\">\n<div class=\"fill\" style=\"will-change:transform\"><\/div>\n<\/div>\n<\/div>\n<\/div>\n<\/div>\n<p><\/amp-story-grid-layer><amp-story-grid-layer template=\"vertical\" aspect-ratio=\"412:618\" class=\"grid-layer\"><\/p>\n<div class=\"page-fullbleed-area\">\n<div class=\"page-safe-area\">\n<div style=\"position:absolute;pointer-events:none;left:11.16505%;top:65.37217%;width:81.79612%;height:5.17799%;opacity:1\">\n<div style=\"pointer-events:initial;width:100%;height:100%;display:block;position:absolute;top:0;left:0;z-index:0;border-radius:0.5934718100890208% 0.5934718100890208% 0.5934718100890208% 0.5934718100890208% \/ 6.25% 6.25% 6.25% 6.25%\" id=\"el-483a7460-9a6b-4d4e-a589-c4c0da3d6964\"><a href=\"https:\/\/www.mapadehoteis.com.br\/blog\/resort\/top-5-melhores-resorts-all-inclusive-do-brasil\/\" data-tooltip-icon=\"https:\/\/www.mapadehoteis.com.br\/blog\/wp-content\/uploads\/2023\/07\/resorts-all-inclusive-brasil-e1690691776587.png\" data-tooltip-text=\"TOP 5 Melhores Resorts All Inclusive do Brasil - | Blog Mapa de Hot\u00e9is\" target=\"_blank\" rel=\"noreferrer\" style=\"width:100%;height:100%;display:block;position:absolute;top:0;left:0\"><\/p>\n<p class=\"fill text-wrapper\" style=\"white-space:pre-line;overflow-wrap:break-word;word-break:break-word;margin:0% 0;font-family:&quot;IBM Plex Sans&quot;,sans-serif;font-size:0.404531em;line-height:1.3;text-align:left;padding:0;color:#000000\"><span><span style=\"color: #ff9200\">CARNAVAL DE SALVADOR<\/span><\/span><\/p>\n<p><\/a><\/div>\n<\/div>\n<div style=\"position:absolute;pointer-events:none;left:11.40777%;top:74.27184%;width:76.94175%;height:14.23948%;opacity:1\">\n<div style=\"pointer-events:initial;width:100%;height:100%;display:block;position:absolute;top:0;left:0;z-index:0;border-radius:0.6309148264984227% 0.6309148264984227% 0.6309148264984227% 0.6309148264984227% \/ 2.272727272727273% 2.272727272727273% 2.272727272727273% 2.272727272727273%\" id=\"el-339c6cc1-076d-47e8-aafa-a14b069dc955\">\n<p class=\"fill text-wrapper\" style=\"white-space:pre-line;overflow-wrap:break-word;word-break:break-word;margin:-0.25236593059936874% 0;font-family:&quot;IBM Plex Sans&quot;,sans-serif;font-size:0.258900em;line-height:1.4;text-align:left;padding:0;color:#000000\"><span><span style=\"color: #2f2f2f\">O Carnaval de Salvador \u00e9 conhecido pela sua atmosfera \u00fanica de trios el\u00e9tricos, com grandes artistas percorrendo os circuitos da cidade e arrastando multid\u00f5es de foli\u00f5es.<\/span><\/span><\/p>\n<\/div>\n<\/div>\n<div style=\"position:absolute;pointer-events:none;left:53.8835%;top:92.0712%;width:34.46602%;height:7.9288%;opacity:1\">\n<div style=\"pointer-events:initial;width:100%;height:100%;display:block;position:absolute;top:0;left:0;z-index:0;background-clip:content-box;background-color:#333\" id=\"el-7abaaec6-0417-4fbc-a39d-b0e14be98614\"><a href=\"https:\/\/www.mapadehoteis.com.br\/blog\/carnaval\/top-5-melhores-carnavais-do-brasil\/\" data-tooltip-icon=\"https:\/\/www.mapadehoteis.com.br\/blog\/wp-content\/uploads\/2024\/01\/galo-da-madrugada-gabi-amarantos-recife-648x483.jpg\" data-tooltip-text=\"TOP 5 Melhores Carnavais do Brasil \u2013 | Blog Mapa de Hot\u00e9is\" target=\"_blank\" rel=\"noreferrer\" style=\"width:100%;height:100%;display:block;position:absolute;top:0;left:0\"><\/p>\n<h3 class=\"fill text-wrapper\" style=\"white-space:pre-line;overflow-wrap:break-word;word-break:break-word;margin:-0.9316901408450706% 0;font-family:&quot;Raleway&quot;,sans-serif;font-size:0.339806em;line-height:1.3;text-align:center;padding:8.450704225352112% 5.633802816901409%;color:#000000\"><span><span style=\"font-weight: 500; color: #fff\">Ler mais<\/span><\/span><\/h3>\n<p><\/a><\/div>\n<\/div>\n<div style=\"position:absolute;pointer-events:none;left:-4.36893%;top:-13.43042%;width:108.73786%;height:68.28479%;opacity:1\">\n<div style=\"pointer-events:initial;width:100%;height:100%;display:block;position:absolute;top:0;left:0;z-index:0\" class=\"mask\" id=\"el-fd4300b3-730b-4a1d-a2eb-00de77e55dbd\">\n<div style=\"position:absolute;width:100%;height:132.70142%;left:0%;top:-16.35071%\" data-leaf-element=\"true\"><amp-img data-recalc-dims=\"1\" layout=\"fill\" src=\"https:\/\/i0.wp.com\/www.mapadehoteis.com.br\/blog\/wp-content\/uploads\/2024\/01\/carnaval-salvador-ivete.jpg?w=648&#038;ssl=1\" alt=\"ivete canaval de salvador\" srcSet=\"https:\/\/www.mapadehoteis.com.br\/blog\/wp-content\/uploads\/2024\/01\/carnaval-salvador-ivete.jpg 1080w,https:\/\/www.mapadehoteis.com.br\/blog\/wp-content\/uploads\/2024\/01\/carnaval-salvador-ivete-768x960.jpg 768w,https:\/\/www.mapadehoteis.com.br\/blog\/wp-content\/uploads\/2024\/01\/carnaval-salvador-ivete-518x648.jpg 518w,https:\/\/www.mapadehoteis.com.br\/blog\/wp-content\/uploads\/2024\/01\/carnaval-salvador-ivete-240x300.jpg 240w,https:\/\/www.mapadehoteis.com.br\/blog\/wp-content\/uploads\/2024\/01\/carnaval-salvador-ivete-150x188.jpg 150w\" sizes=\"(min-width: 1024px) 49vh, 109vw\" disable-inline-width=\"true\"><\/amp-img><\/div>\n<\/div>\n<\/div>\n<div style=\"position:absolute;pointer-events:none;left:11.40777%;top:56.47249%;width:78.15534%;height:7.44337%;opacity:1\">\n<div style=\"pointer-events:initial;width:100%;height:100%;display:block;position:absolute;top:0;left:0;z-index:0;border-radius:0.6211180124223602% 0.6211180124223602% 0.6211180124223602% 0.6211180124223602% \/ 4.3478260869565215% 4.3478260869565215% 4.3478260869565215% 4.3478260869565215%\" id=\"el-960eece1-5d6e-4865-bfb1-ad5a4b31654e\">\n<p class=\"fill text-wrapper\" style=\"white-space:pre-line;overflow-wrap:break-word;word-break:break-word;margin:0% 0;font-family:&quot;IBM Plex Sans&quot;,sans-serif;font-size:0.566343em;line-height:1.3;text-align:left;padding:0;color:#000000\"><span><span style=\"font-weight: 700; color: #0057ff\">2\u00ba Lugar<\/span><\/span><\/p>\n<\/div>\n<\/div>\n<\/div>\n<\/div>\n<p><\/amp-story-grid-layer><\/amp-story-page><amp-story-page id=\"ffc8e95c-666a-4427-8c71-f9594093a1fa\" auto-advance-after=\"7s\"><amp-story-grid-layer template=\"vertical\" aspect-ratio=\"412:618\" class=\"grid-layer\"><\/p>\n<div class=\"page-fullbleed-area\" style=\"background-color:#bcc6d3\">\n<div class=\"page-safe-area\">\n<div style=\"position:absolute;pointer-events:none;left:0;top:-9.25926%;width:100%;height:118.51852%;opacity:1\">\n<div style=\"pointer-events:initial;width:100%;height:100%;display:block;position:absolute;top:0;left:0;z-index:0\" class=\"mask\" id=\"el-daf08072-a3ee-4527-9b26-c75de79e699c\">\n<div style=\"position:absolute;width:142.22222%;height:100%;left:-21.11111%;top:0%\" data-leaf-element=\"true\"><amp-img data-recalc-dims=\"1\" layout=\"fill\" src=\"https:\/\/i0.wp.com\/www.mapadehoteis.com.br\/blog\/wp-content\/uploads\/2024\/01\/leo-santana-carnaval-salvador.jpg?w=648&#038;ssl=1\" alt=\"leo santana no carnaval de salvador\" srcSet=\"https:\/\/www.mapadehoteis.com.br\/blog\/wp-content\/uploads\/2024\/01\/leo-santana-carnaval-salvador.jpg 800w,https:\/\/www.mapadehoteis.com.br\/blog\/wp-content\/uploads\/2024\/01\/leo-santana-carnaval-salvador-768x960.jpg 768w,https:\/\/www.mapadehoteis.com.br\/blog\/wp-content\/uploads\/2024\/01\/leo-santana-carnaval-salvador-518x648.jpg 518w,https:\/\/www.mapadehoteis.com.br\/blog\/wp-content\/uploads\/2024\/01\/leo-santana-carnaval-salvador-240x300.jpg 240w,https:\/\/www.mapadehoteis.com.br\/blog\/wp-content\/uploads\/2024\/01\/leo-santana-carnaval-salvador-150x188.jpg 150w\" sizes=\"(min-width: 1024px) 64vh, 142vw\" disable-inline-width=\"true\"><\/amp-img><\/div>\n<\/div>\n<\/div>\n<\/div>\n<\/div>\n<p><\/amp-story-grid-layer><amp-story-grid-layer template=\"vertical\" aspect-ratio=\"412:618\" class=\"grid-layer\"><\/p>\n<div class=\"page-fullbleed-area\">\n<div class=\"page-safe-area\">\n<div style=\"position:absolute;pointer-events:none;left:12.13592%;top:68.93204%;width:76.45631%;height:22.81553%;opacity:1\">\n<div style=\"pointer-events:initial;width:100%;height:100%;display:block;position:absolute;top:0;left:0;z-index:0;border-radius:0.6349206349206349% 0.6349206349206349% 0.6349206349206349% 0.6349206349206349% \/ 1.4184397163120568% 1.4184397163120568% 1.4184397163120568% 1.4184397163120568%;background-clip:content-box;background-color:#f6f1eb\" id=\"el-c15011a8-1687-44a2-b97c-7bdeacd7a8c0\">\n<p class=\"fill text-wrapper\" style=\"white-space:pre-line;overflow-wrap:break-word;word-break:break-word;margin:-0.2539682539682536% 0;font-family:&quot;IBM Plex Sans&quot;,sans-serif;font-size:0.258900em;line-height:1.4;text-align:left;padding:1.2698412698412698% 2.5396825396825395%;color:#000000\"><span><span style=\"color: #2f2f2f\">Os blocos afro e afox\u00e9s tamb\u00e9m s\u00e3o parte importante da tradi\u00e7\u00e3o carnavalesca de Salvador..<\/span><br \/>\n<span style=\"color: #2f2f2f\">Al\u00e9m disso existe&nbsp; a quest\u00e3o da dura\u00e7\u00e3o prolongada da festa o que honra a medalha de prata!<\/span><\/span><\/p>\n<\/div>\n<\/div>\n<\/div>\n<\/div>\n<p><\/amp-story-grid-layer><amp-story-page-outlink layout=\"nodisplay\" cta-image=\"https:\/\/www.mapadehoteis.com.br\/blog\/wp-content\/uploads\/2024\/01\/galo-da-madrugada-gabi-amarantos-recife-648x483.jpg\"><a href=\"https:\/\/www.mapadehoteis.com.br\/blog\/carnaval\/top-5-melhores-carnavais-do-brasil\/\" rel=\"\">Aprenda mais<\/a><\/amp-story-page-outlink><\/amp-story-page><amp-story-page id=\"8b542aab-b516-4cb8-aab8-19fa7e26bda3\" auto-advance-after=\"7s\"><amp-story-grid-layer template=\"vertical\" aspect-ratio=\"412:618\" class=\"grid-layer\"><\/p>\n<div class=\"page-fullbleed-area\" style=\"background-color:#fff\">\n<div class=\"page-safe-area\">\n<div style=\"position:absolute;pointer-events:none;left:0;top:-9.25926%;width:100%;height:118.51852%;opacity:1\">\n<div style=\"pointer-events:initial;width:100%;height:100%;display:block;position:absolute;top:0;left:0;z-index:0\" class=\"mask\" id=\"el-ab03f39e-dc82-404d-8ba2-ecb4d214e1ca\">\n<div class=\"fill\" style=\"will-change:transform\"><\/div>\n<\/div>\n<\/div>\n<\/div>\n<\/div>\n<p><\/amp-story-grid-layer><amp-story-grid-layer template=\"vertical\" aspect-ratio=\"412:618\" class=\"grid-layer\"><\/p>\n<div class=\"page-fullbleed-area\">\n<div class=\"page-safe-area\">\n<div style=\"position:absolute;pointer-events:none;left:11.65049%;top:53.07443%;width:81.79612%;height:10.5178%;opacity:1\">\n<div style=\"pointer-events:initial;width:100%;height:100%;display:block;position:absolute;top:0;left:0;z-index:0;border-radius:0.5934718100890208% 0.5934718100890208% 0.5934718100890208% 0.5934718100890208% \/ 3.076923076923077% 3.076923076923077% 3.076923076923077% 3.076923076923077%\" id=\"el-2b29425e-61a0-4165-a4d0-a98ec6927772\"><a href=\"https:\/\/www.mapadehoteis.com.br\/blog\/resort\/top-5-melhores-resorts-all-inclusive-do-brasil\/\" data-tooltip-icon=\"https:\/\/www.mapadehoteis.com.br\/blog\/wp-content\/uploads\/2023\/07\/resorts-all-inclusive-brasil-e1690691776587.png\" data-tooltip-text=\"TOP 5 Melhores Resorts All Inclusive do Brasil - | Blog Mapa de Hot\u00e9is\" target=\"_blank\" rel=\"noreferrer\" style=\"width:100%;height:100%;display:block;position:absolute;top:0;left:0\"><\/p>\n<p class=\"fill text-wrapper\" style=\"white-space:pre-line;overflow-wrap:break-word;word-break:break-word;margin:0% 0;font-family:&quot;IBM Plex Sans&quot;,sans-serif;font-size:0.404531em;line-height:1.3;text-align:left;padding:0;color:#000000\"><span><span style=\"color: #ff9200\">CARNAVAL DO RIO DE JANEIRO<\/span><\/span><\/p>\n<p><\/a><\/div>\n<\/div>\n<div style=\"position:absolute;pointer-events:none;left:12.13592%;top:64.88673%;width:76.21359%;height:17.96117%;opacity:1\">\n<div style=\"pointer-events:initial;width:100%;height:100%;display:block;position:absolute;top:0;left:0;z-index:0;border-radius:0.6369426751592357% 0.6369426751592357% 0.6369426751592357% 0.6369426751592357% \/ 1.8018018018018018% 1.8018018018018018% 1.8018018018018018% 1.8018018018018018%\" id=\"el-136db1f0-54fd-4f9c-af40-3041524c12ab\">\n<p class=\"fill text-wrapper\" style=\"white-space:pre-line;overflow-wrap:break-word;word-break:break-word;margin:-0.25477707006369393% 0;font-family:&quot;IBM Plex Sans&quot;,sans-serif;font-size:0.258900em;line-height:1.4;text-align:left;padding:0;color:#000000\"><span><span style=\"color: #2f2f2f\">Elegemos a medalha de ouro para o carnaval do Rio de Janeiro, mais ddo que merecido, &nbsp;por sua atra\u00e7\u00e3o internacional, por ser uma experi\u00eancia incr\u00edvel assistir uma escola de samba.<\/span><\/span><\/p>\n<\/div>\n<\/div>\n<div style=\"position:absolute;pointer-events:none;left:12.13592%;top:44.33657%;width:78.15534%;height:7.60518%;opacity:1\">\n<div style=\"pointer-events:initial;width:100%;height:100%;display:block;position:absolute;top:0;left:0;z-index:0;border-radius:0.6211180124223602% 0.6211180124223602% 0.6211180124223602% 0.6211180124223602% \/ 4.25531914893617% 4.25531914893617% 4.25531914893617% 4.25531914893617%\" id=\"el-c7656e7a-9228-4169-bbbb-e1d3846a53bc\">\n<p class=\"fill text-wrapper\" style=\"white-space:pre-line;overflow-wrap:break-word;word-break:break-word;margin:0% 0;font-family:&quot;IBM Plex Sans&quot;,sans-serif;font-size:0.566343em;line-height:1.3;text-align:left;padding:0;color:#000000\"><span><span style=\"font-weight: 700; color: #0057ff\">1\u00ba Lugar<\/span><\/span><\/p>\n<\/div>\n<\/div>\n<div style=\"position:absolute;pointer-events:none;left:-0.72816%;top:-10.67961%;width:101.94175%;height:51.2945%;opacity:1\">\n<div style=\"pointer-events:initial;width:100%;height:100%;display:block;position:absolute;top:0;left:0;z-index:0\" class=\"mask\" id=\"el-443dcba8-2f1e-4dd2-bfa8-052276cd60f4\">\n<div style=\"position:absolute;width:113.02591%;height:100%;left:-6.51296%;top:0%\" data-leaf-element=\"true\"><amp-img data-recalc-dims=\"1\" layout=\"fill\" src=\"https:\/\/i0.wp.com\/www.mapadehoteis.com.br\/blog\/wp-content\/uploads\/2015\/01\/foto-carnaval-rio-de-janeiro-e1516388192993.jpg?w=648&#038;ssl=1\" alt=\"Foto Carnaval Rio de Janeiro\" srcSet=\"https:\/\/www.mapadehoteis.com.br\/blog\/wp-content\/uploads\/2015\/01\/foto-carnaval-rio-de-janeiro-e1516388192993.jpg 900w,https:\/\/www.mapadehoteis.com.br\/blog\/wp-content\/uploads\/2015\/01\/foto-carnaval-rio-de-janeiro-648x432.jpg 648w,https:\/\/www.mapadehoteis.com.br\/blog\/wp-content\/uploads\/2015\/01\/foto-carnaval-rio-de-janeiro-300x200.jpg 300w\" sizes=\"(min-width: 1024px) 46vh, 102vw\" disable-inline-width=\"true\"><\/amp-img><\/div>\n<\/div>\n<\/div>\n<\/div>\n<\/div>\n<p><\/amp-story-grid-layer><amp-story-page-outlink layout=\"nodisplay\" cta-image=\"https:\/\/www.mapadehoteis.com.br\/blog\/wp-content\/uploads\/2024\/01\/galo-da-madrugada-gabi-amarantos-recife-648x483.jpg\"><a href=\"https:\/\/www.mapadehoteis.com.br\/blog\/carnaval\/top-5-melhores-carnavais-do-brasil\/\" rel=\"\">Aprenda mais<\/a><\/amp-story-page-outlink><\/amp-story-page><amp-story-page id=\"a3ea8e05-3209-4029-855d-195c008d79ce\" auto-advance-after=\"7s\"><amp-story-grid-layer template=\"vertical\" aspect-ratio=\"412:618\" class=\"grid-layer\"><\/p>\n<div class=\"page-fullbleed-area\" style=\"background-color:#a2845b\">\n<div class=\"page-safe-area\">\n<div style=\"position:absolute;pointer-events:none;left:0;top:-9.25926%;width:100%;height:118.51852%;opacity:1\">\n<div style=\"pointer-events:initial;width:100%;height:100%;display:block;position:absolute;top:0;left:0;z-index:0\" class=\"mask\" id=\"el-b9978c1d-4f11-48fd-89b8-f9988416b57b\">\n<div style=\"position:absolute;width:266.66667%;height:100%;left:-83.33334%;top:0%\" data-leaf-element=\"true\"><amp-img data-recalc-dims=\"1\" layout=\"fill\" src=\"https:\/\/i0.wp.com\/www.mapadehoteis.com.br\/blog\/wp-content\/uploads\/2024\/01\/carnaval-do-rio.jpg?w=648&#038;ssl=1\" alt=\"carnaval do rio musa colorida\" srcSet=\"https:\/\/www.mapadehoteis.com.br\/blog\/wp-content\/uploads\/2024\/01\/carnaval-do-rio.jpg 669w,https:\/\/www.mapadehoteis.com.br\/blog\/wp-content\/uploads\/2024\/01\/carnaval-do-rio-648x432.jpg 648w,https:\/\/www.mapadehoteis.com.br\/blog\/wp-content\/uploads\/2024\/01\/carnaval-do-rio-300x200.jpg 300w,https:\/\/www.mapadehoteis.com.br\/blog\/wp-content\/uploads\/2024\/01\/carnaval-do-rio-150x100.jpg 150w\" sizes=\"(min-width: 1024px) 120vh, 267vw\" disable-inline-width=\"true\"><\/amp-img><\/div>\n<\/div>\n<\/div>\n<\/div>\n<\/div>\n<p><\/amp-story-grid-layer><amp-story-grid-layer template=\"vertical\" aspect-ratio=\"412:618\" class=\"grid-layer\"><\/p>\n<div class=\"page-fullbleed-area\">\n<div class=\"page-safe-area\">\n<div style=\"position:absolute;pointer-events:none;left:13.34951%;top:72.81553%;width:76.21359%;height:15.53398%;opacity:1\">\n<div style=\"pointer-events:initial;width:100%;height:100%;display:block;position:absolute;top:0;left:0;z-index:0;border-radius:0.6369426751592357% 0.6369426751592357% 0.6369426751592357% 0.6369426751592357% \/ 2.083333333333333% 2.083333333333333% 2.083333333333333% 2.083333333333333%;background-clip:content-box;background-color:#f4f3f1\" id=\"el-e2c53a9b-8667-4e2f-adfb-7c72e8404493\">\n<p class=\"fill text-wrapper\" style=\"white-space:pre-line;overflow-wrap:break-word;word-break:break-word;margin:-0.25477707006369393% 0;font-family:&quot;IBM Plex Sans&quot;,sans-serif;font-size:0.258900em;line-height:1.4;text-align:left;padding:1.2738853503184715% 2.547770700636943%;color:#000000\"><span><span style=\"color: #2f2f2f\">Vai al\u00e9m disso, \u00e9 a cultura do samba, a tradi\u00e7\u00e3o das m\u00e1rcaras que \u00e9 algo muito forte nas fantasias das escolas, \u00e9 o fervor das baterias!<\/span><\/span><\/p>\n<\/div>\n<\/div>\n<\/div>\n<\/div>\n<p><\/amp-story-grid-layer><amp-story-page-outlink layout=\"nodisplay\" cta-image=\"https:\/\/www.mapadehoteis.com.br\/blog\/wp-content\/uploads\/2024\/01\/galo-da-madrugada-gabi-amarantos-recife-648x483.jpg\"><a href=\"https:\/\/www.mapadehoteis.com.br\/blog\/carnaval\/top-5-melhores-carnavais-do-brasil\/\" rel=\"\">Aprenda mais<\/a><\/amp-story-page-outlink><\/amp-story-page><amp-story-page id=\"83d7f211-a7d4-4c8b-b070-d3aecec90904\" auto-advance-after=\"7s\"><amp-story-grid-layer template=\"vertical\" aspect-ratio=\"412:618\" class=\"grid-layer\"><\/p>\n<div class=\"page-fullbleed-area\" style=\"background-color:#282f3d\">\n<div class=\"page-safe-area\">\n<div style=\"position:absolute;pointer-events:none;left:0;top:-9.25926%;width:100%;height:118.51852%;opacity:1\">\n<div style=\"pointer-events:initial;width:100%;height:100%;display:block;position:absolute;top:0;left:0;z-index:0\" class=\"mask\" id=\"el-08d13bae-3863-46b3-9284-b180459da741\">\n<div style=\"position:absolute;width:212.06994%;height:100%;left:-56.03497%;top:0%\" data-leaf-element=\"true\"><amp-img data-recalc-dims=\"1\" layout=\"fill\" src=\"https:\/\/i0.wp.com\/www.mapadehoteis.com.br\/blog\/wp-content\/uploads\/2023\/10\/rooftop-cidade-grande.png?w=648&#038;ssl=1\" alt=\"rooftop cidade grande\" srcSet=\"https:\/\/www.mapadehoteis.com.br\/blog\/wp-content\/uploads\/2023\/10\/rooftop-cidade-grande.png 940w,https:\/\/www.mapadehoteis.com.br\/blog\/wp-content\/uploads\/2023\/10\/rooftop-cidade-grande-768x644.png 768w,https:\/\/www.mapadehoteis.com.br\/blog\/wp-content\/uploads\/2023\/10\/rooftop-cidade-grande-648x543.png 648w,https:\/\/www.mapadehoteis.com.br\/blog\/wp-content\/uploads\/2023\/10\/rooftop-cidade-grande-300x251.png 300w,https:\/\/www.mapadehoteis.com.br\/blog\/wp-content\/uploads\/2023\/10\/rooftop-cidade-grande-150x126.png 150w\" sizes=\"(min-width: 1024px) 96vh, 213vw\" disable-inline-width=\"true\"><\/amp-img><\/div>\n<\/div>\n<\/div>\n<\/div>\n<\/div>\n<p><\/amp-story-grid-layer><amp-story-grid-layer template=\"vertical\" aspect-ratio=\"412:618\" class=\"grid-layer\"><\/p>\n<div class=\"page-fullbleed-area\">\n<div class=\"page-safe-area\">\n<div style=\"position:absolute;pointer-events:none;left:12.62136%;top:6.47249%;width:72.08738%;height:7.44337%;transform:rotate(360deg);opacity:1\">\n<div style=\"pointer-events:initial;width:100%;height:100%;display:block;position:absolute;top:0;left:0;z-index:0;border-radius:0.6734006734006733% 0.6734006734006733% 0.6734006734006733% 0.6734006734006733% \/ 4.3478260869565215% 4.3478260869565215% 4.3478260869565215% 4.3478260869565215%;background-clip:content-box;background-color:#fff\" id=\"el-35f00fb4-5d95-43dc-bf54-5f969c21d4c6\">\n<h1 class=\"fill text-wrapper\" style=\"white-space:pre-line;overflow-wrap:break-word;word-break:break-word;margin:0.48821548821548916% 0;font-family:&quot;IBM Plex Sans&quot;,sans-serif;font-size:0.469256em;line-height:1.2;text-align:center;padding:1.3468013468013467% 2.6936026936026933%;color:#000000\"><span><span style=\"font-weight: 700; color: #ff9200\">CONFIRA TAMB\u00c9M<\/span><\/span><\/h1>\n<\/div>\n<\/div>\n<div style=\"position:absolute;pointer-events:none;left:12.62136%;top:13.91586%;width:78.8835%;height:13.43042%;opacity:1\">\n<div style=\"pointer-events:initial;width:100%;height:100%;display:block;position:absolute;top:0;left:0;z-index:0;border-radius:0.6153846153846154% 0.6153846153846154% 0.6153846153846154% 0.6153846153846154% \/ 2.4096385542168677% 2.4096385542168677% 2.4096385542168677% 2.4096385542168677%;background-clip:content-box;background-color:#fff\" id=\"el-2dfeb77d-ab17-437f-bcf2-14744aea4988\">\n<p class=\"fill text-wrapper\" style=\"white-space:pre-line;overflow-wrap:break-word;word-break:break-word;margin:0.3076923076923077% 0;font-family:&quot;IBM Plex Sans&quot;,sans-serif;font-size:0.323625em;line-height:1.2;text-align:left;padding:1.2307692307692308% 2.4615384615384617%;color:#000000\"><span><span style=\"color: #454545\">Os melhores Rooftops , de alta gastronomia, cheios de entretenimento e estilo!<\/span><\/span><\/p>\n<\/div>\n<\/div>\n<\/div>\n<\/div>\n<p><\/amp-story-grid-layer><amp-story-page-outlink layout=\"nodisplay\" cta-image=\"https:\/\/www.mapadehoteis.com.br\/blog\/wp-content\/uploads\/2023\/10\/rooftop-cidade-grande.png\"><a href=\"https:\/\/www.mapadehoteis.com.br\/blog\/melhores-hoteis\/melhores-rooftops-de-sao-paulo-bares-e-hoteis\/\" rel=\"\">Aprenda mais<\/a><\/amp-story-page-outlink><\/amp-story-page><\/amp-story><\/body><\/html><\/p>\n","protected":false},"excerpt":{"rendered":"<p>Para quem busca uma experi\u00eancia de carnaval, alguns locais do Brasil s\u00e3o regras obrigat\u00f3rias de experi\u00eancia! Confira nosso ranking  TOP 5 Carnavais do Brasil!<\/p>\n","protected":false},"author":1,"featured_media":5210,"template":"","meta":{"_lmt_disableupdate":"","_lmt_disable":"","_sitemap_exclude":false,"_sitemap_priority":"","_sitemap_frequency":"","_uf_show_specific_survey":0,"_uf_disable_surveys":false,"web_stories_publisher_logo":4682,"web_stories_poster":[],"web_stories_products":[],"footnotes":""},"web_story_category":[1297],"web_story_tag":[1469,1301,1466,1470,1298,1464,1300,1468,1465,1467],"class_list":["post-5204","web-story","type-web-story","status-publish","has-post-thumbnail","hentry"],"story_data":{"version":47,"pages":[{"elements":[{"opacity":100,"flip":{"vertical":false,"horizontal":false},"rotationAngle":0,"lockAspectRatio":true,"x":1,"y":1,"width":1,"height":1,"mask":{"type":"rectangle"},"isBackground":true,"isDefaultBackground":true,"type":"shape","id":"aaaba7a6-7fe9-4df6-a97b-9c1416c9d472"},{"opacity":100,"flip":{"vertical":false,"horizontal":false},"rotationAngle":0,"lockAspectRatio":false,"backgroundColor":{"color":{"r":0,"g":87,"b":255}},"type":"shape","x":0,"y":-57,"width":412,"height":272,"mask":{"type":"rectangle"},"id":"e3747b1b-f148-4e8f-9eb0-689a6eee8098"},{"opacity":100,"flip":{"vertical":false,"horizontal":false},"rotationAngle":352.1253792351691345174913294613361358642578125,"lockAspectRatio":true,"backgroundColor":{"color":{"r":255,"g":255,"b":255}},"type":"shape","x":48,"y":61,"width":317,"height":317,"mask":{"type":"rectangle"},"id":"519657d8-7d6d-4e93-aaf3-73be9fb3a9b5","border":{"left":1,"right":1,"top":1,"bottom":1,"lockedWidth":true,"color":{"color":{"r":0,"g":87,"b":255}}},"borderRadius":{"topLeft":8,"topRight":8,"bottomRight":8,"bottomLeft":8,"locked":true},"groupId":"9cec2110-856a-4b49-8046-7443dd3762fd"},{"opacity":100,"flip":{"vertical":false,"horizontal":false},"rotationAngle":352.1253792351691345174913294613361358642578125,"lockAspectRatio":true,"backgroundColor":{"color":{"r":255,"g":255,"b":255}},"type":"shape","width":317,"height":317,"mask":{"type":"rectangle"},"border":{"left":1,"right":1,"top":1,"bottom":1,"lockedWidth":true,"color":{"color":{"r":228,"g":228,"b":228}}},"borderRadius":{"topLeft":8,"topRight":8,"bottomRight":8,"bottomLeft":8,"locked":true},"id":"d608d1c1-5b34-4bf0-aa42-22e09f9a5d31","x":378,"y":14,"groupId":"9cec2110-856a-4b49-8046-7443dd3762fd"},{"opacity":100,"flip":{"vertical":false,"horizontal":false},"rotationAngle":352.1253792351691345174913294613361358642578125,"lockAspectRatio":true,"backgroundColor":{"color":{"r":255,"g":255,"b":255}},"type":"shape","width":317,"height":317,"mask":{"type":"rectangle"},"border":{"left":1,"right":1,"top":1,"bottom":1,"lockedWidth":true,"color":{"color":{"r":228,"g":228,"b":228}}},"borderRadius":{"topLeft":8,"topRight":8,"bottomRight":8,"bottomLeft":8,"locked":true},"id":"ff0031c3-fedd-4506-b443-401a8cb59c45","x":-285,"y":107,"groupId":"9cec2110-856a-4b49-8046-7443dd3762fd"},{"opacity":100,"flip":{"vertical":false,"horizontal":false},"rotationAngle":352.1253792351691345174913294613361358642578125,"lockAspectRatio":true,"scale":100,"focalX":50,"focalY":50,"resource":{"type":"image","mimeType":"image\/png","src":"https:\/\/wp.stories.google\/static\/19\/images\/templates\/laptop-buying-guide\/page01_04_14_image01.png","width":1920,"height":1329,"id":0,"alt":"Macbook pro 16 inch mockup","sizes":[],"isOptimized":false,"baseColor":"#040404","isExternal":true},"type":"image","x":13,"y":80,"width":392,"height":270,"mask":{"type":"rectangle","showInLibrary":true,"name":"Rectangle","path":"M 0,0 1,0 1,1 0,1 0,0 Z","ratio":1,"supportsBorder":true},"id":"8ea78e0d-d479-4079-96a0-980e10930b0e","groupId":"9cec2110-856a-4b49-8046-7443dd3762fd"},{"opacity":100,"flip":{"vertical":false,"horizontal":false},"rotationAngle":358.1253792351691345174913294613361358642578125,"lockAspectRatio":true,"scale":100,"focalX":50,"focalY":50,"resource":{"type":"image","mimeType":"image\/png","creationDate":"2021-05-31T07:41:44","baseColor":"#090909","src":"https:\/\/wp.stories.google\/static\/19\/images\/templates\/laptop-buying-guide\/page01_image02.png","width":61,"height":74,"posterId":0,"id":0,"alt":"Pointer hand icon","sizes":[],"isOptimized":false,"isExternal":true},"type":"image","x":322,"y":355,"width":30,"height":36,"mask":{"type":"rectangle","showInLibrary":true,"name":"Rectangle","path":"M 0,0 1,0 1,1 0,1 0,0 Z","ratio":1,"supportsBorder":true},"id":"b828e719-9522-422e-9bf8-0582e922f76f","groupId":"9cec2110-856a-4b49-8046-7443dd3762fd"},{"opacity":100,"flip":{"vertical":false,"horizontal":false},"rotationAngle":351,"lockAspectRatio":true,"backgroundTextMode":"NONE","font":{"family":"IBM Plex Sans"},"fontSize":23,"backgroundColor":{"color":{"r":196,"g":196,"b":196}},"lineHeight":1.1999999999999999555910790149937383830547332763671875,"textAlign":"center","padding":{"locked":true,"hasHiddenPadding":false},"type":"text","content":"<span style=\"font-weight: 700; color: #ff9200\">TOP 5 MELHORES CARNAVAIS DO BRASIL<\/span>","borderRadius":{"locked":true,"topLeft":2,"topRight":2,"bottomRight":2,"bottomLeft":2},"x":29,"y":69,"width":321,"height":59,"id":"051de424-1038-46a1-aba8-b2da9e81736a","tagName":"h1"},{"opacity":100,"flip":{"vertical":false,"horizontal":false},"rotationAngle":0,"lockAspectRatio":false,"backgroundColor":{"color":{"r":216,"g":221,"b":204}},"x":28,"y":485,"width":361,"height":125,"mask":{"type":"rectangle"},"id":"7b7c53e2-8acc-4e75-b65b-55deb7a3e92d","groupId":"0cbe4651-5718-4b29-9e21-8d12260c98e4","type":"shape"},{"opacity":100,"flip":{"vertical":false,"horizontal":false},"rotationAngle":0,"lockAspectRatio":true,"backgroundTextMode":"NONE","font":{"family":"IBM Plex Sans"},"fontSize":20,"backgroundColor":{"color":{"r":196,"g":196,"b":196}},"lineHeight":1.1999999999999999555910790149937383830547332763671875,"textAlign":"left","padding":{"locked":true,"hasHiddenPadding":false,"horizontal":0,"vertical":0},"content":"<span style=\"color: #454545\">SEPARAMOS UM RANKING COM AS TOP 5 MELHORES CARNAVAIS BRASILEIROS<\/span>","x":46,"y":500,"width":314,"borderRadius":{"locked":true,"topLeft":2,"topRight":2,"bottomRight":2,"bottomLeft":2},"type":"text","height":73,"id":"21a32c88-64c4-4c3f-bc18-5bfa688b06cd"},{"opacity":100,"flip":{"vertical":false,"horizontal":false},"rotationAngle":0,"lockAspectRatio":true,"backgroundTextMode":"FILL","font":{"family":"Raleway"},"fontSize":21,"backgroundColor":{"color":{"r":51,"g":51,"b":51}},"lineHeight":1.3000000000000000444089209850062616169452667236328125,"textAlign":"center","padding":{"hasHiddenPadding":true,"horizontal":8,"vertical":12},"x":227,"y":585,"width":142,"height":47,"content":"<span style=\"font-weight: 500; color: #fff\">Ler mais<\/span>","id":"5ded53bb-05e4-40dc-8af7-0381a3297549","type":"text","marginOffset":2.772000000000002017941369558684527873992919921875,"link":{"needsProxy":false,"url":"https:\/\/www.mapadehoteis.com.br\/blog\/carnaval\/top-5-melhores-carnavais-do-brasil\/","rel":[],"type":"regular","pageId":"f6571656-9ca5-49a3-85d9-46dd0b59275f","icon":"https:\/\/www.mapadehoteis.com.br\/blog\/wp-content\/uploads\/2016\/06\/logo-mapadehoteis-1.png","desc":"TOP 5 Festas de Reveillon do Brasil para 2024 - | Blog Mapa de Hot\u00e9is"}},{"opacity":100,"flip":{"vertical":false,"horizontal":false},"rotationAngle":360,"lockAspectRatio":false,"scale":100,"focalX":50,"focalY":50,"resource":{"type":"image","mimeType":"image\/png","width":727,"height":112,"sizes":{"medium":{"file":"cropped-logo-blog-300x46.png","width":300,"height":46,"filesize":12808,"mimeType":"image\/png","sourceUrl":"https:\/\/www.mapadehoteis.com.br\/blog\/wp-content\/uploads\/2023\/08\/cropped-logo-blog-300x46.png"},"large":{"file":"cropped-logo-blog-648x100.png","width":648,"height":100,"filesize":31992,"mimeType":"image\/png","sourceUrl":"https:\/\/www.mapadehoteis.com.br\/blog\/wp-content\/uploads\/2023\/08\/cropped-logo-blog-648x100.png"},"thumbnail":{"file":"cropped-logo-blog-150x112.png","width":150,"height":112,"filesize":2709,"mimeType":"image\/png","sourceUrl":"https:\/\/www.mapadehoteis.com.br\/blog\/wp-content\/uploads\/2023\/08\/cropped-logo-blog-150x112.png"},"tab-small":{"file":"cropped-logo-blog-60x60.png","width":60,"height":60,"filesize":2524,"mimeType":"image\/png","sourceUrl":"https:\/\/www.mapadehoteis.com.br\/blog\/wp-content\/uploads\/2023\/08\/cropped-logo-blog-60x60.png"},"web-stories-poster-portrait":{"file":"cropped-logo-blog-640x112.png","width":640,"height":112,"filesize":18300,"mimeType":"image\/png","sourceUrl":"https:\/\/www.mapadehoteis.com.br\/blog\/wp-content\/uploads\/2023\/08\/cropped-logo-blog-640x112.png"},"web-stories-publisher-logo":{"file":"cropped-logo-blog-96x96.png","width":96,"height":96,"filesize":4157,"mimeType":"image\/png","sourceUrl":"https:\/\/www.mapadehoteis.com.br\/blog\/wp-content\/uploads\/2023\/08\/cropped-logo-blog-96x96.png"},"web-stories-thumbnail":{"file":"cropped-logo-blog-150x23.png","width":150,"height":23,"filesize":4852,"mimeType":"image\/png","sourceUrl":"https:\/\/www.mapadehoteis.com.br\/blog\/wp-content\/uploads\/2023\/08\/cropped-logo-blog-150x23.png"},"full":{"file":"cropped-logo-blog.png","width":727,"height":112,"mimeType":"image\/png","sourceUrl":"https:\/\/www.mapadehoteis.com.br\/blog\/wp-content\/uploads\/2023\/08\/cropped-logo-blog.png"}},"isPlaceholder":false,"isExternal":false,"needsProxy":false,"baseColor":"#e7eff0","blurHash":"UXRC}TAKjEI]ozt6s+oe~owHNfr=-nsSX9s,","creationDate":"2023-08-04T16:29:45","src":"https:\/\/www.mapadehoteis.com.br\/blog\/wp-content\/uploads\/2023\/08\/cropped-logo-blog.png","id":4682,"alt":"","local":false},"type":"image","x":28,"y":419,"width":363,"height":44,"mask":{"type":"rectangle","showInLibrary":true,"name":"Ret\u00e2ngulo","path":"M 0,0 1,0 1,1 0,1 0,0 Z","ratio":1,"supportsBorder":true},"id":"6ca4d496-aa6a-4f6f-836e-4a327345e458","link":{"needsProxy":false,"url":"https:\/\/www.mapadehoteis.com.br\/blog\/r","rel":[],"type":"regular","pageId":null,"icon":"","desc":""}},{"opacity":100,"flip":{"vertical":false,"horizontal":false},"rotationAngle":352,"lockAspectRatio":false,"scale":100,"focalX":50,"focalY":50,"resource":{"type":"image","mimeType":"image\/jpeg","width":700,"height":525,"sizes":{"thumbnail":{"file":"carnaval-sao-luiz-do-paraitinga-blocos-150x150.jpg","width":150,"height":150,"mimeType":"image\/jpeg","sourceUrl":"https:\/\/www.mapadehoteis.com.br\/blog\/wp-content\/uploads\/2019\/02\/carnaval-sao-luiz-do-paraitinga-blocos-150x150.jpg"},"medium":{"file":"carnaval-sao-luiz-do-paraitinga-blocos-300x225.jpg","width":300,"height":225,"mimeType":"image\/jpeg","sourceUrl":"https:\/\/www.mapadehoteis.com.br\/blog\/wp-content\/uploads\/2019\/02\/carnaval-sao-luiz-do-paraitinga-blocos-300x225.jpg"},"large":{"file":"carnaval-sao-luiz-do-paraitinga-blocos-648x486.jpg","width":648,"height":486,"mimeType":"image\/jpeg","sourceUrl":"https:\/\/www.mapadehoteis.com.br\/blog\/wp-content\/uploads\/2019\/02\/carnaval-sao-luiz-do-paraitinga-blocos-648x486.jpg"},"sparkling-featured":{"file":"carnaval-sao-luiz-do-paraitinga-blocos-700x410.jpg","width":700,"height":410,"mimeType":"image\/jpeg","sourceUrl":"https:\/\/www.mapadehoteis.com.br\/blog\/wp-content\/uploads\/2019\/02\/carnaval-sao-luiz-do-paraitinga-blocos-700x410.jpg"},"tab-small":{"file":"carnaval-sao-luiz-do-paraitinga-blocos-60x60.jpg","width":60,"height":60,"mimeType":"image\/jpeg","sourceUrl":"https:\/\/www.mapadehoteis.com.br\/blog\/wp-content\/uploads\/2019\/02\/carnaval-sao-luiz-do-paraitinga-blocos-60x60.jpg"},"full":{"file":"carnaval-sao-luiz-do-paraitinga-blocos.jpg","width":700,"height":525,"mimeType":"image\/jpeg","sourceUrl":"https:\/\/www.mapadehoteis.com.br\/blog\/wp-content\/uploads\/2019\/02\/carnaval-sao-luiz-do-paraitinga-blocos.jpg"}},"isPlaceholder":false,"isExternal":false,"needsProxy":false,"baseColor":"#736363","blurHash":"U9F}[[~VI[NHF}t2o#I:0eIToMof%0IVIojF","creationDate":"2019-02-08T16:36:42","src":"https:\/\/www.mapadehoteis.com.br\/blog\/wp-content\/uploads\/2019\/02\/carnaval-sao-luiz-do-paraitinga-blocos.jpg","id":3889,"alt":"Blocos no carnaval de s\u00e3o luiz do paraitinga","local":false,"provider":"local"},"type":"image","x":78,"y":137,"width":260,"height":164,"mask":{"type":"rectangle","showInLibrary":true,"name":"Ret\u00e2ngulo","path":"M 0,0 1,0 1,1 0,1 0,0 Z","ratio":1,"supportsBorder":true},"id":"daef51a2-93a2-481a-bdea-15bbd53bf0b5"}],"animations":[],"backgroundColor":{"color":{"r":255,"g":255,"b":255}},"type":"page","id":"1cc6d76a-3b98-40d7-958f-7bab37485254","pageTemplateType":"cover","groups":{"9cec2110-856a-4b49-8046-7443dd3762fd":{"name":"Image","isLocked":false,"isCollapsed":true},"0cbe4651-5718-4b29-9e21-8d12260c98e4":{"name":"Section Copy","isLocked":false}}},{"elements":[{"opacity":100,"flip":{"vertical":false,"horizontal":false},"rotationAngle":0,"lockAspectRatio":true,"backgroundColor":{"color":{"r":196,"g":196,"b":196}},"x":1,"y":1,"width":1,"height":1,"mask":{"type":"rectangle"},"isBackground":true,"isDefaultBackground":true,"id":"9f007251-621e-4a00-a9f4-aa99498ed057","type":"shape"},{"opacity":100,"flip":{"vertical":false,"horizontal":false},"rotationAngle":0,"lockAspectRatio":true,"backgroundTextMode":"NONE","font":{"family":"IBM Plex Sans"},"fontSize":23,"backgroundColor":{"color":{"r":196,"g":196,"b":196}},"lineHeight":1.3000000000000000444089209850062616169452667236328125,"textAlign":"left","padding":{"locked":true,"hasHiddenPadding":false},"content":"<span style=\"font-weight: 700; color: #ff9200\">CARNAVAL DE FLORIAN\u00d3POLIS<\/span>","borderRadius":{"locked":true,"topLeft":2,"topRight":2,"bottomRight":2,"bottomLeft":2},"width":347,"height":31,"id":"c5fa47f7-4c6f-4144-9167-78f6e1ed5ea2","x":33,"y":402,"tagName":"p","type":"text","link":{"needsProxy":false,"url":"https:\/\/www.mapadehoteis.com.br\/blog\/resort\/top-5-melhores-resorts-all-inclusive-do-brasil\/","rel":[],"type":"regular","pageId":null,"icon":null,"desc":null}},{"opacity":100,"flip":{"vertical":false,"horizontal":false},"rotationAngle":0,"lockAspectRatio":true,"backgroundTextMode":"NONE","font":{"family":"IBM Plex Sans"},"fontSize":16,"backgroundColor":{"color":{"r":196,"g":196,"b":196}},"lineHeight":1.399999999999999911182158029987476766109466552734375,"textAlign":"left","padding":{"locked":true,"hasHiddenPadding":false},"content":"<span style=\"color: #2f2f2f\">Destaque para &nbsp;Jurer\u00ea Internacional e desfiles no Centro.<\/span>\n<span style=\"color: #2f2f2f\">Predominante p\u00fablico jovem e turistas em busca de festa na praia.<\/span>","borderRadius":{"locked":true,"topLeft":2,"topRight":2,"bottomRight":2,"bottomLeft":2},"width":317,"height":89,"id":"369eb7ee-6951-4626-adb6-7587a1085b55","x":42,"y":454,"type":"text"},{"opacity":100,"flip":{"vertical":false,"horizontal":false},"rotationAngle":0,"lockAspectRatio":true,"backgroundTextMode":"NONE","font":{"family":"IBM Plex Sans"},"fontSize":35,"backgroundColor":{"color":{"r":196,"g":196,"b":196}},"lineHeight":1.3000000000000000444089209850062616169452667236328125,"textAlign":"left","padding":{"locked":true,"hasHiddenPadding":false},"content":"<span style=\"font-weight: 700; color: #0057ff\">5\u00ba Lugar<\/span>","borderRadius":{"locked":true,"topLeft":2,"topRight":2,"bottomRight":2,"bottomLeft":2},"width":322,"height":47,"id":"c57379db-8645-411c-93bd-71e51efbcffd","x":50,"y":334,"tagName":"p","type":"text"},{"opacity":100,"flip":{"vertical":false,"horizontal":false},"rotationAngle":360,"lockAspectRatio":true,"backgroundTextMode":"FILL","font":{"family":"Raleway"},"fontSize":21,"backgroundColor":{"color":{"r":51,"g":51,"b":51}},"lineHeight":1.3000000000000000444089209850062616169452667236328125,"textAlign":"center","padding":{"hasHiddenPadding":true,"horizontal":8,"vertical":12},"x":227,"y":545,"width":142,"height":49,"content":"<span style=\"font-weight: 500; color: #fff\">Ler mais<\/span>","id":"5195bf7d-250b-4e6b-900c-eeedb6a5cadf","marginOffset":2.772000000000002017941369558684527873992919921875,"link":{"needsProxy":false,"url":"https:\/\/www.mapadehoteis.com.br\/blog\/carnaval\/top-5-melhores-carnavais-do-brasil\/","rel":[],"type":"regular","pageId":"b458e8f2-521d-4a7c-aaa0-80d7111f47b9","icon":"https:\/\/www.mapadehoteis.com.br\/blog\/wp-content\/uploads\/2024\/01\/galo-da-madrugada-gabi-amarantos-recife-648x483.jpg","desc":"TOP 5 Melhores Carnavais do Brasil \u2013 | Blog Mapa de Hot\u00e9is"},"type":"text"},{"opacity":100,"flip":{"vertical":false,"horizontal":false},"rotationAngle":0,"lockAspectRatio":false,"scale":100,"focalX":50,"focalY":50,"resource":{"type":"image","mimeType":"image\/png","width":940,"height":788,"sizes":{"medium":{"file":"florianopolis-vista-orla-300x251.png","width":300,"height":251,"filesize":157127,"mimeType":"image\/png","sourceUrl":"https:\/\/www.mapadehoteis.com.br\/blog\/wp-content\/uploads\/2025\/01\/florianopolis-vista-orla-300x251.png"},"large":{"file":"florianopolis-vista-orla-648x543.png","width":648,"height":543,"filesize":680853,"mimeType":"image\/png","sourceUrl":"https:\/\/www.mapadehoteis.com.br\/blog\/wp-content\/uploads\/2025\/01\/florianopolis-vista-orla-648x543.png"},"thumbnail":{"file":"florianopolis-vista-orla-150x150.png","width":150,"height":150,"filesize":48560,"mimeType":"image\/png","sourceUrl":"https:\/\/www.mapadehoteis.com.br\/blog\/wp-content\/uploads\/2025\/01\/florianopolis-vista-orla-150x150.png"},"medium_large":{"file":"florianopolis-vista-orla-768x644.png","width":768,"height":644,"filesize":935326,"mimeType":"image\/png","sourceUrl":"https:\/\/www.mapadehoteis.com.br\/blog\/wp-content\/uploads\/2025\/01\/florianopolis-vista-orla-768x644.png"},"sparkling-featured":{"file":"florianopolis-vista-orla-750x410.png","width":750,"height":410,"filesize":610121,"mimeType":"image\/png","sourceUrl":"https:\/\/www.mapadehoteis.com.br\/blog\/wp-content\/uploads\/2025\/01\/florianopolis-vista-orla-750x410.png"},"sparkling-featured-fullwidth":{"file":"florianopolis-vista-orla-940x624.png","width":940,"height":624,"filesize":1180296,"mimeType":"image\/png","sourceUrl":"https:\/\/www.mapadehoteis.com.br\/blog\/wp-content\/uploads\/2025\/01\/florianopolis-vista-orla-940x624.png"},"tab-small":{"file":"florianopolis-vista-orla-60x60.png","width":60,"height":60,"filesize":8140,"mimeType":"image\/png","sourceUrl":"https:\/\/www.mapadehoteis.com.br\/blog\/wp-content\/uploads\/2025\/01\/florianopolis-vista-orla-60x60.png"},"web-stories-poster-portrait":{"file":"florianopolis-vista-orla-640x788.png","width":640,"height":788,"filesize":998727,"mimeType":"image\/png","sourceUrl":"https:\/\/www.mapadehoteis.com.br\/blog\/wp-content\/uploads\/2025\/01\/florianopolis-vista-orla-640x788.png"},"web-stories-publisher-logo":{"file":"florianopolis-vista-orla-96x96.png","width":96,"height":96,"filesize":20382,"mimeType":"image\/png","sourceUrl":"https:\/\/www.mapadehoteis.com.br\/blog\/wp-content\/uploads\/2025\/01\/florianopolis-vista-orla-96x96.png"},"web-stories-thumbnail":{"file":"florianopolis-vista-orla-150x126.png","width":150,"height":126,"filesize":41479,"mimeType":"image\/png","sourceUrl":"https:\/\/www.mapadehoteis.com.br\/blog\/wp-content\/uploads\/2025\/01\/florianopolis-vista-orla-150x126.png"},"cmplz_banner_image":{"file":"florianopolis-vista-orla-350x100.png","width":350,"height":100,"filesize":86979,"mimeType":"image\/png","sourceUrl":"https:\/\/www.mapadehoteis.com.br\/blog\/wp-content\/uploads\/2025\/01\/florianopolis-vista-orla-350x100.png"},"full":{"file":"florianopolis-vista-orla.png","width":940,"height":788,"mimeType":"image\/png","sourceUrl":"https:\/\/www.mapadehoteis.com.br\/blog\/wp-content\/uploads\/2025\/01\/florianopolis-vista-orla.png"}},"isPlaceholder":false,"isExternal":false,"needsProxy":false,"baseColor":"#77825a","blurHash":"UWEpm1byxcRPA5x^kPs*NMIpr@WBIBM|NFkD","creationDate":1738203841000,"src":"https:\/\/www.mapadehoteis.com.br\/blog\/wp-content\/uploads\/2025\/01\/florianopolis-vista-orla.png","id":5713,"alt":"florianopolis vista orla","local":false},"type":"image","x":-1,"y":-62,"width":418,"height":371,"mask":{"type":"rectangle","showInLibrary":true,"name":"Ret\u00e2ngulo","path":"M 0,0 1,0 1,1 0,1 0,0 Z","ratio":1,"supportsBorder":true},"id":"d2109ab8-ff08-478e-a611-6ede698eef23"}],"backgroundColor":{"color":{"r":255,"g":255,"b":255}},"animations":[],"type":"page","id":"f6571656-9ca5-49a3-85d9-46dd0b59275f","pageTemplateType":null},{"elements":[{"opacity":100,"flip":{"vertical":false,"horizontal":false},"rotationAngle":0,"lockAspectRatio":true,"backgroundColor":{"color":{"r":196,"g":196,"b":196}},"x":48,"y":0,"width":153,"height":152,"mask":{"type":"rectangle"},"isBackground":true,"id":"6240bfb4-2205-4e14-a905-d6d8ab5293f1","type":"image","scale":100,"focalX":50,"focalY":50,"resource":{"type":"image","mimeType":"image\/jpeg","width":306,"height":304,"sizes":{"medium":{"file":"berbigao-do-boca-rainha-1-300x298.jpg","width":300,"height":298,"filesize":22835,"mimeType":"image\/jpeg","sourceUrl":"https:\/\/www.mapadehoteis.com.br\/blog\/wp-content\/uploads\/2025\/01\/berbigao-do-boca-rainha-1-300x298.jpg"},"thumbnail":{"file":"berbigao-do-boca-rainha-1-150x150.jpg","width":150,"height":150,"filesize":7576,"mimeType":"image\/jpeg","sourceUrl":"https:\/\/www.mapadehoteis.com.br\/blog\/wp-content\/uploads\/2025\/01\/berbigao-do-boca-rainha-1-150x150.jpg"},"tab-small":{"file":"berbigao-do-boca-rainha-1-60x60.jpg","width":60,"height":60,"filesize":1848,"mimeType":"image\/jpeg","sourceUrl":"https:\/\/www.mapadehoteis.com.br\/blog\/wp-content\/uploads\/2025\/01\/berbigao-do-boca-rainha-1-60x60.jpg"},"web-stories-publisher-logo":{"file":"berbigao-do-boca-rainha-1-96x96.jpg","width":96,"height":96,"filesize":3499,"mimeType":"image\/jpeg","sourceUrl":"https:\/\/www.mapadehoteis.com.br\/blog\/wp-content\/uploads\/2025\/01\/berbigao-do-boca-rainha-1-96x96.jpg"},"web-stories-thumbnail":{"file":"berbigao-do-boca-rainha-1-150x149.jpg","width":150,"height":149,"filesize":7529,"mimeType":"image\/jpeg","sourceUrl":"https:\/\/www.mapadehoteis.com.br\/blog\/wp-content\/uploads\/2025\/01\/berbigao-do-boca-rainha-1-150x149.jpg"},"cmplz_banner_image":{"file":"berbigao-do-boca-rainha-1-306x100.jpg","width":306,"height":100,"filesize":10232,"mimeType":"image\/jpeg","sourceUrl":"https:\/\/www.mapadehoteis.com.br\/blog\/wp-content\/uploads\/2025\/01\/berbigao-do-boca-rainha-1-306x100.jpg"},"full":{"file":"berbigao-do-boca-rainha-1.jpg","width":306,"height":304,"mimeType":"image\/jpeg","sourceUrl":"https:\/\/www.mapadehoteis.com.br\/blog\/wp-content\/uploads\/2025\/01\/berbigao-do-boca-rainha-1.jpg"}},"isPlaceholder":false,"isExternal":false,"needsProxy":false,"baseColor":"#7d585f","blurHash":"UEF#2pNjF|gO^jM}}tI;N#Sef~rcIqnhI=S5","creationDate":1738204919000,"src":"https:\/\/www.mapadehoteis.com.br\/blog\/wp-content\/uploads\/2025\/01\/berbigao-do-boca-rainha-1.jpg","id":5715,"alt":"rainha do berbig\u00e3o do boca","local":false}},{"opacity":100,"flip":{"vertical":false,"horizontal":false},"rotationAngle":0,"lockAspectRatio":true,"backgroundTextMode":"FILL","font":{"family":"IBM Plex Sans"},"fontSize":25,"backgroundColor":{"color":{"r":250,"g":246,"b":248}},"lineHeight":1.3000000000000000444089209850062616169452667236328125,"textAlign":"left","padding":{"locked":true,"hasHiddenPadding":true,"horizontal":8,"vertical":4},"content":"<span style=\"color: #ff9200\">Bloco dos Sujos e Berbig\u00e3o do Boca<\/span>","borderRadius":{"locked":true,"topLeft":2,"topRight":2,"bottomRight":2,"bottomLeft":2},"width":337,"height":73,"id":"2963dc4e-9467-45e1-97d7-847bde2c848b","x":48,"y":276,"tagName":"p","type":"text"},{"opacity":100,"flip":{"vertical":false,"horizontal":false},"rotationAngle":360,"lockAspectRatio":true,"backgroundTextMode":"FILL","font":{"family":"IBM Plex Sans"},"fontSize":16,"backgroundColor":{"color":{"r":249,"g":249,"b":249}},"lineHeight":1.399999999999999911182158029987476766109466552734375,"textAlign":"left","padding":{"locked":true,"hasHiddenPadding":true,"horizontal":8,"vertical":4},"content":"<span style=\"color: #2f2f2f\">Na \u00faltima edi\u00e7\u00e3o o Bloco dos Sujos arrastou multid\u00e3o reunindo mais de 400 mil pessoas no centro da cidade.<\/span>\n<span style=\"color: #2f2f2f\">O Berbig\u00e3o do Boca elege todo ano sua Rainha!<\/span>","borderRadius":{"locked":true,"topLeft":2,"topRight":2,"bottomRight":2,"bottomLeft":2},"width":334,"height":117,"id":"72b2008f-4f5d-4cfa-bce4-d4dd5730ee7d","x":48,"y":374,"type":"text"}],"backgroundColor":{"color":{"r":255,"g":255,"b":255}},"animations":[],"type":"page","id":"b458e8f2-521d-4a7c-aaa0-80d7111f47b9","pageTemplateType":null,"defaultBackgroundElement":{"opacity":100,"flip":{"vertical":false,"horizontal":false},"rotationAngle":0,"lockAspectRatio":true,"backgroundColor":{"color":{"r":196,"g":196,"b":196}},"x":1,"y":1,"width":1,"height":1,"mask":{"type":"rectangle"},"isBackground":true,"isDefaultBackground":true,"id":"e14ddd98-2063-406c-84d4-116306e7dd03","type":"shape"},"pageAttachment":{"url":"https:\/\/www.mapadehoteis.com.br\/blog\/carnaval\/top-5-melhores-carnavais-do-brasil\/","icon":"https:\/\/www.mapadehoteis.com.br\/blog\/wp-content\/uploads\/2024\/01\/galo-da-madrugada-gabi-amarantos-recife-648x483.jpg","needsProxy":false}},{"elements":[{"opacity":100,"flip":{"vertical":false,"horizontal":false},"rotationAngle":0,"lockAspectRatio":true,"backgroundColor":{"color":{"r":196,"g":196,"b":196}},"x":1,"y":1,"width":1,"height":1,"mask":{"type":"rectangle"},"isBackground":true,"isDefaultBackground":true,"id":"1050eda1-b285-4ce9-af1b-6766a67fd1bd","type":"shape"},{"opacity":100,"flip":{"vertical":false,"horizontal":false},"rotationAngle":0,"lockAspectRatio":true,"backgroundTextMode":"NONE","font":{"family":"IBM Plex Sans"},"fontSize":25,"backgroundColor":{"color":{"r":196,"g":196,"b":196}},"lineHeight":1.3000000000000000444089209850062616169452667236328125,"textAlign":"left","padding":{"locked":true,"hasHiddenPadding":false},"content":"<span style=\"font-weight: 700; color: #ff9200\">RECIFE E OLINDA (PE)<\/span>","borderRadius":{"locked":true,"topLeft":2,"topRight":2,"bottomRight":2,"bottomLeft":2},"width":337,"height":31,"id":"c2d3f06d-c6f3-4645-90b2-e7ce93b91ef0","x":48,"y":373,"tagName":"p","type":"text","link":{"needsProxy":false,"url":"https:\/\/www.mapadehoteis.com.br\/blog\/resort\/top-5-melhores-resorts-all-inclusive-do-brasil\/","rel":[],"type":"regular","pageId":null,"icon":"https:\/\/www.mapadehoteis.com.br\/blog\/wp-content\/uploads\/2023\/07\/resorts-all-inclusive-brasil-e1690691776587.png","desc":"TOP 5 Melhores Resorts All Inclusive do Brasil - | Blog Mapa de Hot\u00e9is"}},{"opacity":100,"flip":{"vertical":false,"horizontal":false},"rotationAngle":0,"lockAspectRatio":true,"backgroundTextMode":"NONE","font":{"family":"IBM Plex Sans"},"fontSize":16,"backgroundColor":{"color":{"r":196,"g":196,"b":196}},"lineHeight":1.399999999999999911182158029987476766109466552734375,"textAlign":"left","padding":{"locked":true,"hasHiddenPadding":false},"content":"<span style=\"color: #2f2f2f\">\u00c9 o carnaval de fortes ra\u00edzes e o mais cultural do Brasil! O Frevo e Maracatu tomam conta das ruas. Al\u00e9m de gratuito, \u00e9 encantador!<\/span>","borderRadius":{"locked":true,"topLeft":2,"topRight":2,"bottomRight":2,"bottomLeft":2},"width":314,"height":88,"id":"8cb46aae-92c9-4015-8184-f460008e5c2d","x":50,"y":418,"type":"text"},{"opacity":100,"flip":{"vertical":false,"horizontal":false},"rotationAngle":0,"lockAspectRatio":true,"backgroundTextMode":"NONE","font":{"family":"IBM Plex Sans"},"fontSize":35,"backgroundColor":{"color":{"r":196,"g":196,"b":196}},"lineHeight":1.3000000000000000444089209850062616169452667236328125,"textAlign":"left","padding":{"locked":true,"hasHiddenPadding":false},"content":"<span style=\"font-weight: 700; color: #0057ff\">4\u00ba Lugar<\/span>","borderRadius":{"locked":true,"topLeft":2,"topRight":2,"bottomRight":2,"bottomLeft":2},"width":322,"height":46,"id":"aa2fecc9-8ac0-4a12-9af9-ede1b322c2d8","x":50,"y":314,"tagName":"p","type":"text"},{"opacity":100,"flip":{"vertical":false,"horizontal":false},"rotationAngle":0,"lockAspectRatio":true,"backgroundTextMode":"FILL","font":{"family":"Raleway"},"fontSize":21,"backgroundColor":{"color":{"r":51,"g":51,"b":51}},"lineHeight":1.3000000000000000444089209850062616169452667236328125,"textAlign":"center","padding":{"hasHiddenPadding":true,"horizontal":8,"vertical":12},"x":222,"y":557,"width":142,"height":49,"content":"<span style=\"font-weight: 500; color: #fff\">Ler mais<\/span>","id":"f951be41-58d4-4c77-aabf-4ad706ee916f","marginOffset":2.772000000000002017941369558684527873992919921875,"link":{"needsProxy":false,"url":"https:\/\/www.mapadehoteis.com.br\/blog\/carnaval\/top-5-melhores-carnavais-do-brasil\/","rel":[],"type":"regular","pageId":null,"icon":"https:\/\/www.mapadehoteis.com.br\/blog\/wp-content\/uploads\/2024\/01\/galo-da-madrugada-gabi-amarantos-recife-648x483.jpg","desc":"TOP 5 Melhores Carnavais do Brasil - | Blog Mapa de Hot\u00e9is"},"type":"text"},{"opacity":100,"flip":{"vertical":false,"horizontal":false},"rotationAngle":0,"lockAspectRatio":false,"scale":100,"focalX":50,"focalY":50,"resource":{"type":"image","mimeType":"image\/jpeg","width":275,"height":183,"sizes":{"thumbnail":{"file":"carnaval-de-olinda-pe-150x150.jpg","width":150,"height":150,"filesize":9876,"mimeType":"image\/jpeg","sourceUrl":"https:\/\/www.mapadehoteis.com.br\/blog\/wp-content\/uploads\/2024\/01\/carnaval-de-olinda-pe-150x150.jpg"},"tab-small":{"file":"carnaval-de-olinda-pe-60x60.jpg","width":60,"height":60,"filesize":1954,"mimeType":"image\/jpeg","sourceUrl":"https:\/\/www.mapadehoteis.com.br\/blog\/wp-content\/uploads\/2024\/01\/carnaval-de-olinda-pe-60x60.jpg"},"web-stories-publisher-logo":{"file":"carnaval-de-olinda-pe-96x96.jpg","width":96,"height":96,"filesize":4137,"mimeType":"image\/jpeg","sourceUrl":"https:\/\/www.mapadehoteis.com.br\/blog\/wp-content\/uploads\/2024\/01\/carnaval-de-olinda-pe-96x96.jpg"},"web-stories-thumbnail":{"file":"carnaval-de-olinda-pe-150x100.jpg","width":150,"height":100,"filesize":6640,"mimeType":"image\/jpeg","sourceUrl":"https:\/\/www.mapadehoteis.com.br\/blog\/wp-content\/uploads\/2024\/01\/carnaval-de-olinda-pe-150x100.jpg"},"full":{"file":"carnaval-de-olinda-pe.jpg","width":275,"height":183,"mimeType":"image\/jpeg","sourceUrl":"https:\/\/www.mapadehoteis.com.br\/blog\/wp-content\/uploads\/2024\/01\/carnaval-de-olinda-pe.jpg"}},"isPlaceholder":false,"isExternal":false,"needsProxy":false,"baseColor":null,"blurHash":"","creationDate":"2024-01-25T15:35:26","src":"https:\/\/www.mapadehoteis.com.br\/blog\/wp-content\/uploads\/2024\/01\/carnaval-de-olinda-pe.jpg","id":5206,"alt":"carnaval olindense","local":false},"type":"image","x":-14,"y":-69,"width":429,"height":324,"mask":{"type":"rectangle","showInLibrary":true,"name":"Ret\u00e2ngulo","path":"M 0,0 1,0 1,1 0,1 0,0 Z","ratio":1,"supportsBorder":true},"id":"0b317fc2-0749-4a3f-a08b-b8a185432e87"}],"backgroundColor":{"color":{"r":255,"g":255,"b":255}},"animations":[],"type":"page","id":"c666e93b-0dd6-4bd2-8d28-397bf8272304","pageTemplateType":null},{"elements":[{"opacity":100,"flip":{"vertical":false,"horizontal":false},"rotationAngle":0,"lockAspectRatio":true,"backgroundColor":{"color":{"r":196,"g":196,"b":196}},"x":48,"y":0,"width":320,"height":427,"mask":{"type":"rectangle"},"isBackground":true,"id":"b9e40b32-f28e-4855-ae77-6ee6ccf22bc7","type":"image","scale":100,"focalX":50,"focalY":50,"resource":{"type":"image","mimeType":"image\/jpeg","width":640,"height":853,"sizes":{"medium":{"file":"cropped-bloco-galo-da-madrugada-225x300.jpg","width":225,"height":300,"filesize":18356,"mimeType":"image\/jpeg","sourceUrl":"https:\/\/i0.wp.com\/www.mapadehoteis.com.br\/blog\/wp-content\/uploads\/2024\/01\/cropped-bloco-galo-da-madrugada.jpg?fit=225%2C300&ssl=1"},"large":{"file":"cropped-bloco-galo-da-madrugada-486x648.jpg","width":486,"height":648,"filesize":64718,"mimeType":"image\/jpeg","sourceUrl":"https:\/\/i0.wp.com\/www.mapadehoteis.com.br\/blog\/wp-content\/uploads\/2024\/01\/cropped-bloco-galo-da-madrugada.jpg?fit=486%2C648&ssl=1"},"thumbnail":{"file":"cropped-bloco-galo-da-madrugada-150x150.jpg","width":150,"height":150,"filesize":8183,"mimeType":"image\/jpeg","sourceUrl":"https:\/\/i0.wp.com\/www.mapadehoteis.com.br\/blog\/wp-content\/uploads\/2024\/01\/cropped-bloco-galo-da-madrugada.jpg?resize=150%2C150&ssl=1"},"sparkling-featured":{"file":"cropped-bloco-galo-da-madrugada-640x410.jpg","width":640,"height":410,"filesize":68321,"mimeType":"image\/jpeg","sourceUrl":"https:\/\/i0.wp.com\/www.mapadehoteis.com.br\/blog\/wp-content\/uploads\/2024\/01\/cropped-bloco-galo-da-madrugada.jpg?resize=640%2C410&ssl=1"},"tab-small":{"file":"cropped-bloco-galo-da-madrugada-60x60.jpg","width":60,"height":60,"filesize":1970,"mimeType":"image\/jpeg","sourceUrl":"https:\/\/i0.wp.com\/www.mapadehoteis.com.br\/blog\/wp-content\/uploads\/2024\/01\/cropped-bloco-galo-da-madrugada.jpg?resize=60%2C60&ssl=1"},"web-stories-publisher-logo":{"file":"cropped-bloco-galo-da-madrugada-96x96.jpg","width":96,"height":96,"filesize":3809,"mimeType":"image\/jpeg","sourceUrl":"https:\/\/i0.wp.com\/www.mapadehoteis.com.br\/blog\/wp-content\/uploads\/2024\/01\/cropped-bloco-galo-da-madrugada.jpg?resize=96%2C96&ssl=1"},"web-stories-thumbnail":{"file":"cropped-bloco-galo-da-madrugada-150x200.jpg","width":150,"height":200,"filesize":9331,"mimeType":"image\/jpeg","sourceUrl":"https:\/\/i0.wp.com\/www.mapadehoteis.com.br\/blog\/wp-content\/uploads\/2024\/01\/cropped-bloco-galo-da-madrugada.jpg?fit=150%2C200&ssl=1"},"full":{"file":"cropped-bloco-galo-da-madrugada.jpg?fit=640%2C853&ssl=1","width":640,"height":853,"mimeType":"image\/jpeg","sourceUrl":"https:\/\/i0.wp.com\/www.mapadehoteis.com.br\/blog\/wp-content\/uploads\/2024\/01\/cropped-bloco-galo-da-madrugada.jpg?fit=640%2C853&ssl=1"}},"isPlaceholder":false,"isExternal":false,"needsProxy":false,"baseColor":"#bcbebd","blurHash":"UeIE;IVtSvXm~XnOn%W.t-kAkCnjY6g4V[jI","creationDate":"2024-01-25T16:28:17","src":"https:\/\/www.mapadehoteis.com.br\/blog\/wp-content\/uploads\/2024\/01\/cropped-bloco-galo-da-madrugada.jpg","id":5210,"alt":"Bloco Galo da Madrugada de Recife Pernambuco","local":false}},{"opacity":100,"flip":{"vertical":false,"horizontal":false},"rotationAngle":0,"lockAspectRatio":true,"backgroundTextMode":"FILL","font":{"family":"IBM Plex Sans"},"fontSize":16,"backgroundColor":{"color":{"r":255,"g":255,"b":255}},"lineHeight":1.399999999999999911182158029987476766109466552734375,"textAlign":"left","padding":{"locked":true,"hasHiddenPadding":true,"horizontal":8,"vertical":4},"content":"<span style=\"color: #2f2f2f\">O <\/span><span style=\"font-weight: 700; color: #2f2f2f\">Galo da Madrugada<\/span><span style=\"color: #2f2f2f\">, em Recife, \u00e9 o maior bloco de Carnaval do mundo, arrastando milh\u00f5es de foli\u00f5es ao som do frevo nas ruas do centro da cidade, sempre no s\u00e1bado de Z\u00e9 Pereira.<\/span>","borderRadius":{"locked":true,"topLeft":2,"topRight":2,"bottomRight":2,"bottomLeft":2},"width":314,"height":118,"id":"59c2d54e-cba5-4182-a1ee-fff39f6e9ce7","x":56,"y":439,"type":"text"}],"backgroundColor":{"color":{"r":255,"g":255,"b":255}},"animations":[],"type":"page","id":"078de43f-5f0d-46c2-af6b-b2d5796e8d82","pageTemplateType":null,"pageAttachment":{"url":"https:\/\/www.mapadehoteis.com.br\/blog\/carnaval\/top-5-melhores-carnavais-do-brasil\/","icon":"https:\/\/www.mapadehoteis.com.br\/blog\/wp-content\/uploads\/2024\/01\/galo-da-madrugada-gabi-amarantos-recife-648x483.jpg","needsProxy":false},"defaultBackgroundElement":{"opacity":100,"flip":{"vertical":false,"horizontal":false},"rotationAngle":0,"lockAspectRatio":true,"backgroundColor":{"color":{"r":196,"g":196,"b":196}},"x":1,"y":1,"width":1,"height":1,"mask":{"type":"rectangle"},"isBackground":true,"isDefaultBackground":true,"id":"0a02e98b-5472-465d-a9a0-b2ce9688582a","type":"shape"}},{"elements":[{"opacity":100,"flip":{"vertical":false,"horizontal":false},"rotationAngle":0,"lockAspectRatio":true,"backgroundColor":{"color":{"r":196,"g":196,"b":196}},"x":1,"y":1,"width":1,"height":1,"mask":{"type":"rectangle"},"isBackground":true,"isDefaultBackground":true,"id":"4c741b87-1fcd-49e0-915b-22e5bd004a64","type":"shape"},{"opacity":100,"flip":{"vertical":false,"horizontal":false},"rotationAngle":0,"lockAspectRatio":true,"backgroundTextMode":"NONE","font":{"family":"IBM Plex Sans"},"fontSize":25,"backgroundColor":{"color":{"r":245,"g":236,"b":233}},"lineHeight":1.3000000000000000444089209850062616169452667236328125,"textAlign":"left","padding":{"locked":true,"hasHiddenPadding":false,"horizontal":0,"vertical":0},"content":"<span style=\"font-weight: 700; color: #ff9200\">CARNAVAL DE S\u00c3O PAULO<\/span>","borderRadius":{"locked":true,"topLeft":2,"topRight":2,"bottomRight":2,"bottomLeft":2},"width":337,"height":32,"id":"6147f183-1211-4fd9-a810-613d41628b4e","x":48,"y":369,"tagName":"p","type":"text","link":{"needsProxy":false,"url":"https:\/\/www.mapadehoteis.com.br\/blog\/resort\/top-5-melhores-resorts-all-inclusive-do-brasil\/","rel":[],"type":"regular","pageId":null,"icon":"https:\/\/www.mapadehoteis.com.br\/blog\/wp-content\/uploads\/2023\/07\/resorts-all-inclusive-brasil-e1690691776587.png","desc":"TOP 5 Melhores Resorts All Inclusive do Brasil - | Blog Mapa de Hot\u00e9is"}},{"opacity":100,"flip":{"vertical":false,"horizontal":false},"rotationAngle":0,"lockAspectRatio":true,"backgroundTextMode":"NONE","font":{"family":"IBM Plex Sans"},"fontSize":16,"backgroundColor":{"color":{"r":245,"g":236,"b":233}},"lineHeight":1.399999999999999911182158029987476766109466552734375,"textAlign":"left","padding":{"locked":true,"hasHiddenPadding":false,"horizontal":0,"vertical":0},"content":"<span style=\"color: #2f2f2f\">Al\u00e9m dos desfiles das escolas de samba no Samb\u00f3dromo, a cidade de S\u00e3o Paulo merece o 3\u00ba lugar no ranking por possuir uma cena crescente de blocos de rua que atraem multid\u00f5es<\/span>","borderRadius":{"locked":true,"topLeft":2,"topRight":2,"bottomRight":2,"bottomLeft":2},"width":314,"height":111,"id":"384e6060-d02c-46d0-a432-4507158b5ce6","x":46,"y":429,"type":"text","link":{"needsProxy":false,"url":"https:\/\/www.mapadehoteis.com.br\/blog\/carnaval\/top-5-melhores-carnavais-do-brasil\/","rel":[],"type":"regular","pageId":null,"icon":"https:\/\/www.mapadehoteis.com.br\/blog\/wp-content\/uploads\/2024\/01\/galo-da-madrugada-gabi-amarantos-recife-648x483.jpg","desc":"TOP 5 Melhores Carnavais do Brasil \u2013 | Blog Mapa de Hot\u00e9is"}},{"opacity":100,"flip":{"vertical":false,"horizontal":false},"rotationAngle":0,"lockAspectRatio":true,"backgroundTextMode":"NONE","font":{"family":"IBM Plex Sans"},"fontSize":35,"backgroundColor":{"color":{"r":196,"g":196,"b":196}},"lineHeight":1.3000000000000000444089209850062616169452667236328125,"textAlign":"left","padding":{"locked":true,"hasHiddenPadding":false},"content":"<span style=\"font-weight: 700; color: #0057ff\">3\u00ba Lugar<\/span>","borderRadius":{"locked":true,"topLeft":2,"topRight":2,"bottomRight":2,"bottomLeft":2},"width":322,"height":46,"id":"996e1fdd-6498-4ff7-885b-d015cd389286","x":51,"y":309,"tagName":"p","type":"text"},{"opacity":100,"flip":{"vertical":false,"horizontal":false},"rotationAngle":0,"lockAspectRatio":true,"backgroundTextMode":"FILL","font":{"family":"Raleway"},"fontSize":21,"backgroundColor":{"color":{"r":51,"g":51,"b":51}},"lineHeight":1.3000000000000000444089209850062616169452667236328125,"textAlign":"center","padding":{"hasHiddenPadding":true,"horizontal":8,"vertical":12},"x":204,"y":567,"width":142,"height":49,"content":"<span style=\"font-weight: 500; color: #fff\">Ler mais<\/span>","id":"f5debae1-a498-4822-84fa-2bb535988ac0","marginOffset":2.772000000000002017941369558684527873992919921875,"link":{"needsProxy":false,"url":"https:\/\/www.mapadehoteis.com.br\/blog\/carnaval\/top-5-melhores-carnavais-do-brasil\/","rel":[],"type":"regular","pageId":null,"icon":"https:\/\/www.mapadehoteis.com.br\/blog\/wp-content\/uploads\/2024\/01\/galo-da-madrugada-gabi-amarantos-recife-648x483.jpg","desc":"TOP 5 Melhores Carnavais do Brasil - | Blog Mapa de Hot\u00e9is"},"type":"text"},{"opacity":100,"flip":{"vertical":false,"horizontal":false},"rotationAngle":0,"lockAspectRatio":false,"scale":100,"focalX":50,"focalY":50,"resource":{"type":"image","mimeType":"image\/jpeg","width":1920,"height":1280,"sizes":{"medium":{"file":"Bloco-Agrada-Gregos-300x200.jpg","width":300,"height":200,"filesize":25742,"mimeType":"image\/jpeg","sourceUrl":"https:\/\/www.mapadehoteis.com.br\/blog\/wp-content\/uploads\/2024\/01\/Bloco-Agrada-Gregos-300x200.jpg"},"large":{"file":"Bloco-Agrada-Gregos-648x432.jpg","width":648,"height":432,"filesize":86695,"mimeType":"image\/jpeg","sourceUrl":"https:\/\/www.mapadehoteis.com.br\/blog\/wp-content\/uploads\/2024\/01\/Bloco-Agrada-Gregos-648x432.jpg"},"thumbnail":{"file":"Bloco-Agrada-Gregos-150x150.jpg","width":150,"height":150,"filesize":10908,"mimeType":"image\/jpeg","sourceUrl":"https:\/\/www.mapadehoteis.com.br\/blog\/wp-content\/uploads\/2024\/01\/Bloco-Agrada-Gregos-150x150.jpg"},"medium_large":{"file":"Bloco-Agrada-Gregos-768x512.jpg","width":768,"height":512,"filesize":111935,"mimeType":"image\/jpeg","sourceUrl":"https:\/\/www.mapadehoteis.com.br\/blog\/wp-content\/uploads\/2024\/01\/Bloco-Agrada-Gregos-768x512.jpg"},"1536x1536":{"file":"Bloco-Agrada-Gregos-1536x1024.jpg","width":1536,"height":1024,"filesize":324502,"mimeType":"image\/jpeg","sourceUrl":"https:\/\/www.mapadehoteis.com.br\/blog\/wp-content\/uploads\/2024\/01\/Bloco-Agrada-Gregos-1536x1024.jpg"},"sparkling-featured":{"file":"Bloco-Agrada-Gregos-750x410.jpg","width":750,"height":410,"filesize":92193,"mimeType":"image\/jpeg","sourceUrl":"https:\/\/www.mapadehoteis.com.br\/blog\/wp-content\/uploads\/2024\/01\/Bloco-Agrada-Gregos-750x410.jpg"},"tab-small":{"file":"Bloco-Agrada-Gregos-60x60.jpg","width":60,"height":60,"filesize":2294,"mimeType":"image\/jpeg","sourceUrl":"https:\/\/www.mapadehoteis.com.br\/blog\/wp-content\/uploads\/2024\/01\/Bloco-Agrada-Gregos-60x60.jpg"},"web-stories-poster-portrait":{"file":"Bloco-Agrada-Gregos-640x853.jpg","width":640,"height":853,"filesize":132157,"mimeType":"image\/jpeg","sourceUrl":"https:\/\/www.mapadehoteis.com.br\/blog\/wp-content\/uploads\/2024\/01\/Bloco-Agrada-Gregos-640x853.jpg"},"web-stories-publisher-logo":{"file":"Bloco-Agrada-Gregos-96x96.jpg","width":96,"height":96,"filesize":4764,"mimeType":"image\/jpeg","sourceUrl":"https:\/\/www.mapadehoteis.com.br\/blog\/wp-content\/uploads\/2024\/01\/Bloco-Agrada-Gregos-96x96.jpg"},"web-stories-thumbnail":{"file":"Bloco-Agrada-Gregos-150x100.jpg","width":150,"height":100,"filesize":7883,"mimeType":"image\/jpeg","sourceUrl":"https:\/\/www.mapadehoteis.com.br\/blog\/wp-content\/uploads\/2024\/01\/Bloco-Agrada-Gregos-150x100.jpg"},"full":{"file":"Bloco-Agrada-Gregos.jpg","width":1920,"height":1280,"mimeType":"image\/jpeg","sourceUrl":"https:\/\/www.mapadehoteis.com.br\/blog\/wp-content\/uploads\/2024\/01\/Bloco-Agrada-Gregos.jpg"}},"isPlaceholder":false,"isExternal":false,"needsProxy":false,"baseColor":"#a0868d","blurHash":"UAI#4N^-%iKi3CBhtls:0i^+~X-q9b^+?b-o","creationDate":"2024-01-02T00:50:18","src":"https:\/\/www.mapadehoteis.com.br\/blog\/wp-content\/uploads\/2024\/01\/Bloco-Agrada-Gregos.jpg","id":5126,"alt":"Bloco Agrada Gregos de s\u00e3o paulo","local":false},"type":"image","x":-3,"y":-58,"width":418,"height":315,"mask":{"type":"rectangle","showInLibrary":true,"name":"Ret\u00e2ngulo","path":"M 0,0 1,0 1,1 0,1 0,0 Z","ratio":1,"supportsBorder":true},"id":"246149a1-aff4-4cd2-8917-db47bdb96735"}],"backgroundColor":{"color":{"r":255,"g":255,"b":255}},"animations":[],"type":"page","id":"e4fa2ba0-b64e-4936-8691-117591732b1f","pageTemplateType":null,"defaultBackgroundElement":{"opacity":100,"flip":{"vertical":false,"horizontal":false},"rotationAngle":0,"lockAspectRatio":true,"backgroundColor":{"color":{"r":196,"g":196,"b":196}},"x":1,"y":1,"width":1,"height":1,"mask":{"type":"rectangle"},"isBackground":true,"isDefaultBackground":true,"id":"4c741b87-1fcd-49e0-915b-22e5bd004a64","type":"shape"}},{"elements":[{"opacity":100,"flip":{"vertical":false,"horizontal":false},"rotationAngle":0,"lockAspectRatio":true,"backgroundColor":{"color":{"r":196,"g":196,"b":196}},"x":48,"y":0,"width":330,"height":185,"mask":{"type":"rectangle"},"isBackground":true,"id":"89508cfb-d069-4c84-b289-a515d95e0429","type":"image","scale":100,"focalX":50,"focalY":50,"resource":{"type":"image","mimeType":"image\/jpeg","width":1600,"height":900,"sizes":{"medium":{"file":"carnaval-de-rua-sao-paulo-300x169.jpeg","width":300,"height":169,"filesize":16794,"mimeType":"image\/jpeg","sourceUrl":"https:\/\/www.mapadehoteis.com.br\/blog\/wp-content\/uploads\/2024\/01\/carnaval-de-rua-sao-paulo-300x169.jpeg"},"large":{"file":"carnaval-de-rua-sao-paulo-648x365.jpeg","width":648,"height":365,"filesize":67720,"mimeType":"image\/jpeg","sourceUrl":"https:\/\/www.mapadehoteis.com.br\/blog\/wp-content\/uploads\/2024\/01\/carnaval-de-rua-sao-paulo-648x365.jpeg"},"thumbnail":{"file":"carnaval-de-rua-sao-paulo-150x150.jpeg","width":150,"height":150,"filesize":8238,"mimeType":"image\/jpeg","sourceUrl":"https:\/\/www.mapadehoteis.com.br\/blog\/wp-content\/uploads\/2024\/01\/carnaval-de-rua-sao-paulo-150x150.jpeg"},"medium_large":{"file":"carnaval-de-rua-sao-paulo-768x432.jpeg","width":768,"height":432,"filesize":92554,"mimeType":"image\/jpeg","sourceUrl":"https:\/\/www.mapadehoteis.com.br\/blog\/wp-content\/uploads\/2024\/01\/carnaval-de-rua-sao-paulo-768x432.jpeg"},"1536x1536":{"file":"carnaval-de-rua-sao-paulo-1536x864.jpeg","width":1536,"height":864,"filesize":312208,"mimeType":"image\/jpeg","sourceUrl":"https:\/\/www.mapadehoteis.com.br\/blog\/wp-content\/uploads\/2024\/01\/carnaval-de-rua-sao-paulo-1536x864.jpeg"},"sparkling-featured":{"file":"carnaval-de-rua-sao-paulo-750x410.jpeg","width":750,"height":410,"filesize":87121,"mimeType":"image\/jpeg","sourceUrl":"https:\/\/www.mapadehoteis.com.br\/blog\/wp-content\/uploads\/2024\/01\/carnaval-de-rua-sao-paulo-750x410.jpeg"},"tab-small":{"file":"carnaval-de-rua-sao-paulo-60x60.jpeg","width":60,"height":60,"filesize":1850,"mimeType":"image\/jpeg","sourceUrl":"https:\/\/www.mapadehoteis.com.br\/blog\/wp-content\/uploads\/2024\/01\/carnaval-de-rua-sao-paulo-60x60.jpeg"},"web-stories-poster-portrait":{"file":"carnaval-de-rua-sao-paulo-640x853.jpeg","width":640,"height":853,"filesize":145509,"mimeType":"image\/jpeg","sourceUrl":"https:\/\/www.mapadehoteis.com.br\/blog\/wp-content\/uploads\/2024\/01\/carnaval-de-rua-sao-paulo-640x853.jpeg"},"web-stories-publisher-logo":{"file":"carnaval-de-rua-sao-paulo-96x96.jpeg","width":96,"height":96,"filesize":3680,"mimeType":"image\/jpeg","sourceUrl":"https:\/\/www.mapadehoteis.com.br\/blog\/wp-content\/uploads\/2024\/01\/carnaval-de-rua-sao-paulo-96x96.jpeg"},"web-stories-thumbnail":{"file":"carnaval-de-rua-sao-paulo-150x84.jpeg","width":150,"height":84,"filesize":5072,"mimeType":"image\/jpeg","sourceUrl":"https:\/\/www.mapadehoteis.com.br\/blog\/wp-content\/uploads\/2024\/01\/carnaval-de-rua-sao-paulo-150x84.jpeg"},"full":{"file":"carnaval-de-rua-sao-paulo.jpeg","width":1600,"height":900,"mimeType":"image\/jpeg","sourceUrl":"https:\/\/www.mapadehoteis.com.br\/blog\/wp-content\/uploads\/2024\/01\/carnaval-de-rua-sao-paulo.jpeg"}},"isPlaceholder":false,"isExternal":false,"needsProxy":false,"baseColor":null,"blurHash":"","creationDate":"2024-01-25T15:50:42","src":"https:\/\/www.mapadehoteis.com.br\/blog\/wp-content\/uploads\/2024\/01\/carnaval-de-rua-sao-paulo.jpeg","id":5207,"alt":"carnaval de rua de s\u00e3o paulo bloquinhos","local":false}},{"opacity":100,"flip":{"vertical":false,"horizontal":false},"rotationAngle":0,"lockAspectRatio":true,"backgroundTextMode":"FILL","font":{"family":"IBM Plex Sans"},"fontSize":16,"backgroundColor":{"color":{"r":255,"g":255,"b":255}},"lineHeight":1.399999999999999911182158029987476766109466552734375,"textAlign":"left","padding":{"locked":true,"hasHiddenPadding":true,"horizontal":8,"vertical":4},"content":"<span style=\"color: #2f2f2f\">Bairros como Vila Madalena s\u00e3o conhecidos por suas festas animadas durante o carnaval, mas o centro de S\u00e3o Paulo, Largo da Batata e muitos outros bairros tamb\u00e9m concentram os famosos blocos de rua.<\/span>","borderRadius":{"locked":true,"topLeft":2,"topRight":2,"bottomRight":2,"bottomLeft":2},"width":337,"height":119,"id":"bad29c15-c301-4994-ae51-e293613904ae","x":27,"y":118,"type":"text"}],"backgroundColor":{"color":{"r":255,"g":255,"b":255}},"animations":[],"type":"page","id":"b0457f8b-a9f2-4cbb-8490-e3e2d7c9a7e3","pageTemplateType":null,"defaultBackgroundElement":{"opacity":100,"flip":{"vertical":false,"horizontal":false},"rotationAngle":0,"lockAspectRatio":true,"backgroundColor":{"color":{"r":196,"g":196,"b":196}},"x":1,"y":1,"width":1,"height":1,"mask":{"type":"rectangle"},"isBackground":true,"isDefaultBackground":true,"id":"83a49e1e-88b3-4c10-bf4d-659e6158f48b","type":"shape"},"pageAttachment":{"url":"https:\/\/www.mapadehoteis.com.br\/blog\/carnaval\/top-5-melhores-carnavais-do-brasil\/","icon":"https:\/\/www.mapadehoteis.com.br\/blog\/wp-content\/uploads\/2024\/01\/galo-da-madrugada-gabi-amarantos-recife-648x483.jpg","needsProxy":false}},{"elements":[{"opacity":100,"flip":{"vertical":false,"horizontal":false},"rotationAngle":0,"lockAspectRatio":true,"backgroundColor":{"color":{"r":196,"g":196,"b":196}},"x":1,"y":1,"width":1,"height":1,"mask":{"type":"rectangle"},"isBackground":true,"isDefaultBackground":true,"id":"7b5feb74-87a4-45aa-b377-7e9a8d2fbc62","type":"shape"},{"opacity":100,"flip":{"vertical":false,"horizontal":false},"rotationAngle":0,"lockAspectRatio":true,"backgroundTextMode":"NONE","font":{"family":"IBM Plex Sans"},"fontSize":25,"backgroundColor":{"color":{"r":196,"g":196,"b":196}},"lineHeight":1.3000000000000000444089209850062616169452667236328125,"textAlign":"left","padding":{"locked":true,"hasHiddenPadding":false},"content":"<span style=\"color: #ff9200\">CARNAVAL DE SALVADOR<\/span>","borderRadius":{"locked":true,"topLeft":2,"topRight":2,"bottomRight":2,"bottomLeft":2},"width":337,"height":32,"id":"483a7460-9a6b-4d4e-a589-c4c0da3d6964","x":46,"y":404,"tagName":"p","link":{"needsProxy":false,"url":"https:\/\/www.mapadehoteis.com.br\/blog\/resort\/top-5-melhores-resorts-all-inclusive-do-brasil\/","rel":[],"type":"regular","pageId":null,"icon":"https:\/\/www.mapadehoteis.com.br\/blog\/wp-content\/uploads\/2023\/07\/resorts-all-inclusive-brasil-e1690691776587.png","desc":"TOP 5 Melhores Resorts All Inclusive do Brasil - | Blog Mapa de Hot\u00e9is"},"type":"text"},{"opacity":100,"flip":{"vertical":false,"horizontal":false},"rotationAngle":0,"lockAspectRatio":true,"backgroundTextMode":"NONE","font":{"family":"IBM Plex Sans"},"fontSize":16,"backgroundColor":{"color":{"r":196,"g":196,"b":196}},"lineHeight":1.399999999999999911182158029987476766109466552734375,"textAlign":"left","padding":{"locked":true,"hasHiddenPadding":false},"content":"<span style=\"color: #2f2f2f\">O Carnaval de Salvador \u00e9 conhecido pela sua atmosfera \u00fanica de trios el\u00e9tricos, com grandes artistas percorrendo os circuitos da cidade e arrastando multid\u00f5es de foli\u00f5es.<\/span>","borderRadius":{"locked":true,"topLeft":2,"topRight":2,"bottomRight":2,"bottomLeft":2},"width":317,"height":88,"id":"339c6cc1-076d-47e8-aafa-a14b069dc955","x":47,"y":459,"type":"text"},{"opacity":100,"flip":{"vertical":false,"horizontal":false},"rotationAngle":0,"lockAspectRatio":true,"backgroundTextMode":"FILL","font":{"family":"Raleway"},"fontSize":21,"backgroundColor":{"color":{"r":51,"g":51,"b":51}},"lineHeight":1.3000000000000000444089209850062616169452667236328125,"textAlign":"center","padding":{"hasHiddenPadding":true,"horizontal":8,"vertical":12},"x":222,"y":569,"width":142,"height":49,"content":"<span style=\"font-weight: 500; color: #fff\">Ler mais<\/span>","id":"7abaaec6-0417-4fbc-a39d-b0e14be98614","marginOffset":2.772000000000002017941369558684527873992919921875,"link":{"needsProxy":false,"url":"https:\/\/www.mapadehoteis.com.br\/blog\/carnaval\/top-5-melhores-carnavais-do-brasil\/","rel":[],"type":"regular","pageId":"ffc8e95c-666a-4427-8c71-f9594093a1fa","icon":"https:\/\/www.mapadehoteis.com.br\/blog\/wp-content\/uploads\/2024\/01\/galo-da-madrugada-gabi-amarantos-recife-648x483.jpg","desc":"TOP 5 Melhores Carnavais do Brasil \u2013 | Blog Mapa de Hot\u00e9is"},"type":"text"},{"opacity":100,"flip":{"vertical":false,"horizontal":false},"rotationAngle":0,"lockAspectRatio":false,"scale":100,"focalX":50,"focalY":50,"resource":{"type":"image","mimeType":"image\/jpeg","width":1080,"height":1350,"sizes":{"medium":{"file":"carnaval-salvador-ivete-240x300.jpg","width":240,"height":300,"filesize":20031,"mimeType":"image\/jpeg","sourceUrl":"https:\/\/www.mapadehoteis.com.br\/blog\/wp-content\/uploads\/2024\/01\/carnaval-salvador-ivete-240x300.jpg"},"large":{"file":"carnaval-salvador-ivete-518x648.jpg","width":518,"height":648,"filesize":74608,"mimeType":"image\/jpeg","sourceUrl":"https:\/\/www.mapadehoteis.com.br\/blog\/wp-content\/uploads\/2024\/01\/carnaval-salvador-ivete-518x648.jpg"},"thumbnail":{"file":"carnaval-salvador-ivete-150x150.jpg","width":150,"height":150,"filesize":7793,"mimeType":"image\/jpeg","sourceUrl":"https:\/\/www.mapadehoteis.com.br\/blog\/wp-content\/uploads\/2024\/01\/carnaval-salvador-ivete-150x150.jpg"},"medium_large":{"file":"carnaval-salvador-ivete-768x960.jpg","width":768,"height":960,"filesize":146076,"mimeType":"image\/jpeg","sourceUrl":"https:\/\/www.mapadehoteis.com.br\/blog\/wp-content\/uploads\/2024\/01\/carnaval-salvador-ivete-768x960.jpg"},"sparkling-featured":{"file":"carnaval-salvador-ivete-750x410.jpg","width":750,"height":410,"filesize":61547,"mimeType":"image\/jpeg","sourceUrl":"https:\/\/www.mapadehoteis.com.br\/blog\/wp-content\/uploads\/2024\/01\/carnaval-salvador-ivete-750x410.jpg"},"tab-small":{"file":"carnaval-salvador-ivete-60x60.jpg","width":60,"height":60,"filesize":2077,"mimeType":"image\/jpeg","sourceUrl":"https:\/\/www.mapadehoteis.com.br\/blog\/wp-content\/uploads\/2024\/01\/carnaval-salvador-ivete-60x60.jpg"},"web-stories-poster-portrait":{"file":"carnaval-salvador-ivete-640x853.jpg","width":640,"height":853,"filesize":115015,"mimeType":"image\/jpeg","sourceUrl":"https:\/\/www.mapadehoteis.com.br\/blog\/wp-content\/uploads\/2024\/01\/carnaval-salvador-ivete-640x853.jpg"},"web-stories-publisher-logo":{"file":"carnaval-salvador-ivete-96x96.jpg","width":96,"height":96,"filesize":3780,"mimeType":"image\/jpeg","sourceUrl":"https:\/\/www.mapadehoteis.com.br\/blog\/wp-content\/uploads\/2024\/01\/carnaval-salvador-ivete-96x96.jpg"},"web-stories-thumbnail":{"file":"carnaval-salvador-ivete-150x188.jpg","width":150,"height":188,"filesize":9524,"mimeType":"image\/jpeg","sourceUrl":"https:\/\/www.mapadehoteis.com.br\/blog\/wp-content\/uploads\/2024\/01\/carnaval-salvador-ivete-150x188.jpg"},"full":{"file":"carnaval-salvador-ivete.jpg","width":1080,"height":1350,"mimeType":"image\/jpeg","sourceUrl":"https:\/\/www.mapadehoteis.com.br\/blog\/wp-content\/uploads\/2024\/01\/carnaval-salvador-ivete.jpg"}},"isPlaceholder":false,"isExternal":false,"needsProxy":false,"baseColor":null,"blurHash":"UEF?^H^,%6=#v1DODkpdHWK3UwMK#AyD?Ib^","creationDate":"2024-01-25T16:09:34","src":"https:\/\/www.mapadehoteis.com.br\/blog\/wp-content\/uploads\/2024\/01\/carnaval-salvador-ivete.jpg","id":5208,"alt":"ivete canaval de salvador","local":false,"provider":"local"},"type":"image","x":-18,"y":-83,"width":448,"height":422,"mask":{"type":"rectangle","showInLibrary":true,"name":"Ret\u00e2ngulo","path":"M 0,0 1,0 1,1 0,1 0,0 Z","ratio":1,"supportsBorder":true},"id":"fd4300b3-730b-4a1d-a2eb-00de77e55dbd"},{"opacity":100,"flip":{"vertical":false,"horizontal":false},"rotationAngle":0,"lockAspectRatio":true,"backgroundTextMode":"NONE","font":{"family":"IBM Plex Sans"},"fontSize":35,"backgroundColor":{"color":{"r":196,"g":196,"b":196}},"lineHeight":1.3000000000000000444089209850062616169452667236328125,"textAlign":"left","padding":{"locked":true,"hasHiddenPadding":false},"content":"<span style=\"font-weight: 700; color: #0057ff\">2\u00ba Lugar<\/span>","borderRadius":{"locked":true,"topLeft":2,"topRight":2,"bottomRight":2,"bottomLeft":2},"width":322,"height":46,"id":"960eece1-5d6e-4865-bfb1-ad5a4b31654e","x":47,"y":349,"tagName":"p","type":"text"}],"backgroundColor":{"color":{"r":255,"g":255,"b":255}},"animations":[],"type":"page","id":"f427feab-08e3-4fb3-891b-43c77dfc8968","pageTemplateType":null},{"elements":[{"opacity":100,"flip":{"vertical":false,"horizontal":false},"rotationAngle":0,"lockAspectRatio":true,"x":48,"y":0,"width":330,"height":412,"mask":{"type":"rectangle"},"isBackground":true,"type":"image","id":"daf08072-a3ee-4527-9b26-c75de79e699c","scale":100,"focalX":50,"focalY":50,"resource":{"type":"image","mimeType":"image\/jpeg","width":800,"height":1000,"sizes":{"medium":{"file":"leo-santana-carnaval-salvador-240x300.jpg","width":240,"height":300,"filesize":21195,"mimeType":"image\/jpeg","sourceUrl":"https:\/\/www.mapadehoteis.com.br\/blog\/wp-content\/uploads\/2024\/01\/leo-santana-carnaval-salvador-240x300.jpg"},"large":{"file":"leo-santana-carnaval-salvador-518x648.jpg","width":518,"height":648,"filesize":78619,"mimeType":"image\/jpeg","sourceUrl":"https:\/\/www.mapadehoteis.com.br\/blog\/wp-content\/uploads\/2024\/01\/leo-santana-carnaval-salvador-518x648.jpg"},"thumbnail":{"file":"leo-santana-carnaval-salvador-150x150.jpg","width":150,"height":150,"filesize":8460,"mimeType":"image\/jpeg","sourceUrl":"https:\/\/www.mapadehoteis.com.br\/blog\/wp-content\/uploads\/2024\/01\/leo-santana-carnaval-salvador-150x150.jpg"},"medium_large":{"file":"leo-santana-carnaval-salvador-768x960.jpg","width":768,"height":960,"filesize":147218,"mimeType":"image\/jpeg","sourceUrl":"https:\/\/www.mapadehoteis.com.br\/blog\/wp-content\/uploads\/2024\/01\/leo-santana-carnaval-salvador-768x960.jpg"},"sparkling-featured":{"file":"leo-santana-carnaval-salvador-750x410.jpg","width":750,"height":410,"filesize":83225,"mimeType":"image\/jpeg","sourceUrl":"https:\/\/www.mapadehoteis.com.br\/blog\/wp-content\/uploads\/2024\/01\/leo-santana-carnaval-salvador-750x410.jpg"},"tab-small":{"file":"leo-santana-carnaval-salvador-60x60.jpg","width":60,"height":60,"filesize":2032,"mimeType":"image\/jpeg","sourceUrl":"https:\/\/www.mapadehoteis.com.br\/blog\/wp-content\/uploads\/2024\/01\/leo-santana-carnaval-salvador-60x60.jpg"},"web-stories-poster-portrait":{"file":"leo-santana-carnaval-salvador-640x853.jpg","width":640,"height":853,"filesize":115806,"mimeType":"image\/jpeg","sourceUrl":"https:\/\/www.mapadehoteis.com.br\/blog\/wp-content\/uploads\/2024\/01\/leo-santana-carnaval-salvador-640x853.jpg"},"web-stories-publisher-logo":{"file":"leo-santana-carnaval-salvador-96x96.jpg","width":96,"height":96,"filesize":3925,"mimeType":"image\/jpeg","sourceUrl":"https:\/\/www.mapadehoteis.com.br\/blog\/wp-content\/uploads\/2024\/01\/leo-santana-carnaval-salvador-96x96.jpg"},"web-stories-thumbnail":{"file":"leo-santana-carnaval-salvador-150x188.jpg","width":150,"height":188,"filesize":9988,"mimeType":"image\/jpeg","sourceUrl":"https:\/\/www.mapadehoteis.com.br\/blog\/wp-content\/uploads\/2024\/01\/leo-santana-carnaval-salvador-150x188.jpg"},"full":{"file":"leo-santana-carnaval-salvador.jpg","width":800,"height":1000,"mimeType":"image\/jpeg","sourceUrl":"https:\/\/www.mapadehoteis.com.br\/blog\/wp-content\/uploads\/2024\/01\/leo-santana-carnaval-salvador.jpg"}},"isPlaceholder":false,"isExternal":false,"needsProxy":false,"baseColor":"#bcc6d3","blurHash":"UTIYY34r59R=GdRD?wNayYR6ITs7IZi_xZt5","creationDate":"2024-01-20T01:37:15","src":"https:\/\/www.mapadehoteis.com.br\/blog\/wp-content\/uploads\/2024\/01\/leo-santana-carnaval-salvador.jpg","id":5196,"alt":"leo santana no carnaval de salvador","local":false}},{"opacity":100,"flip":{"vertical":false,"horizontal":false},"rotationAngle":0,"lockAspectRatio":true,"backgroundTextMode":"FILL","font":{"family":"IBM Plex Sans"},"fontSize":16,"backgroundColor":{"color":{"r":246,"g":241,"b":235}},"lineHeight":1.399999999999999911182158029987476766109466552734375,"textAlign":"left","padding":{"locked":true,"hasHiddenPadding":true,"horizontal":8,"vertical":4},"type":"text","content":"<span style=\"color: #2f2f2f\">Os blocos afro e afox\u00e9s tamb\u00e9m s\u00e3o parte importante da tradi\u00e7\u00e3o carnavalesca de Salvador..<\/span>\n<span style=\"color: #2f2f2f\">Al\u00e9m disso existe&nbsp; a quest\u00e3o da dura\u00e7\u00e3o prolongada da festa o que honra a medalha de prata!<\/span>","borderRadius":{"locked":true,"topLeft":2,"topRight":2,"bottomRight":2,"bottomLeft":2},"width":315,"height":141,"id":"c15011a8-1687-44a2-b97c-7bdeacd7a8c0","x":50,"y":426}],"animations":[],"backgroundColor":{"color":{"r":255,"g":255,"b":255}},"type":"page","id":"ffc8e95c-666a-4427-8c71-f9594093a1fa","pageTemplateType":null,"defaultBackgroundElement":{"opacity":100,"flip":{"vertical":false,"horizontal":false},"rotationAngle":0,"lockAspectRatio":true,"x":1,"y":1,"width":1,"height":1,"mask":{"type":"rectangle"},"isBackground":true,"isDefaultBackground":true,"type":"shape","id":"061c9e73-e3e8-42b7-9a01-401e077f9618"},"pageAttachment":{"url":"https:\/\/www.mapadehoteis.com.br\/blog\/carnaval\/top-5-melhores-carnavais-do-brasil\/","icon":"https:\/\/www.mapadehoteis.com.br\/blog\/wp-content\/uploads\/2024\/01\/galo-da-madrugada-gabi-amarantos-recife-648x483.jpg","needsProxy":false}},{"elements":[{"opacity":100,"flip":{"vertical":false,"horizontal":false},"rotationAngle":0,"lockAspectRatio":true,"backgroundColor":{"color":{"r":196,"g":196,"b":196}},"x":1,"y":1,"width":1,"height":1,"mask":{"type":"rectangle"},"isBackground":true,"isDefaultBackground":true,"id":"ab03f39e-dc82-404d-8ba2-ecb4d214e1ca","type":"shape"},{"opacity":100,"flip":{"vertical":false,"horizontal":false},"rotationAngle":0,"lockAspectRatio":true,"backgroundTextMode":"NONE","font":{"family":"IBM Plex Sans"},"fontSize":25,"backgroundColor":{"color":{"r":196,"g":196,"b":196}},"lineHeight":1.3000000000000000444089209850062616169452667236328125,"textAlign":"left","padding":{"locked":true,"hasHiddenPadding":false},"content":"<span style=\"color: #ff9200\">CARNAVAL DO RIO DE JANEIRO<\/span>","borderRadius":{"locked":true,"topLeft":2,"topRight":2,"bottomRight":2,"bottomLeft":2},"width":337,"height":65,"id":"2b29425e-61a0-4165-a4d0-a98ec6927772","x":48,"y":328,"tagName":"p","link":{"needsProxy":false,"url":"https:\/\/www.mapadehoteis.com.br\/blog\/resort\/top-5-melhores-resorts-all-inclusive-do-brasil\/","rel":[],"type":"regular","pageId":null,"icon":"https:\/\/www.mapadehoteis.com.br\/blog\/wp-content\/uploads\/2023\/07\/resorts-all-inclusive-brasil-e1690691776587.png","desc":"TOP 5 Melhores Resorts All Inclusive do Brasil - | Blog Mapa de Hot\u00e9is"},"type":"text"},{"opacity":100,"flip":{"vertical":false,"horizontal":false},"rotationAngle":0,"lockAspectRatio":true,"backgroundTextMode":"NONE","font":{"family":"IBM Plex Sans"},"fontSize":16,"backgroundColor":{"color":{"r":196,"g":196,"b":196}},"lineHeight":1.399999999999999911182158029987476766109466552734375,"textAlign":"left","padding":{"locked":true,"hasHiddenPadding":false},"content":"<span style=\"color: #2f2f2f\">Elegemos a medalha de ouro para o carnaval do Rio de Janeiro, mais ddo que merecido, &nbsp;por sua atra\u00e7\u00e3o internacional, por ser uma experi\u00eancia incr\u00edvel assistir uma escola de samba.<\/span>","borderRadius":{"locked":true,"topLeft":2,"topRight":2,"bottomRight":2,"bottomLeft":2},"width":314,"height":111,"id":"136db1f0-54fd-4f9c-af40-3041524c12ab","x":50,"y":401,"type":"text"},{"opacity":100,"flip":{"vertical":false,"horizontal":false},"rotationAngle":0,"lockAspectRatio":true,"backgroundTextMode":"NONE","font":{"family":"IBM Plex Sans"},"fontSize":35,"backgroundColor":{"color":{"r":196,"g":196,"b":196}},"lineHeight":1.3000000000000000444089209850062616169452667236328125,"textAlign":"left","padding":{"locked":true,"hasHiddenPadding":false},"content":"<span style=\"font-weight: 700; color: #0057ff\">1\u00ba Lugar<\/span>","borderRadius":{"locked":true,"topLeft":2,"topRight":2,"bottomRight":2,"bottomLeft":2},"width":322,"height":47,"id":"c7656e7a-9228-4169-bbbb-e1d3846a53bc","x":50,"y":274,"tagName":"p","type":"text"},{"opacity":100,"flip":{"vertical":false,"horizontal":false},"rotationAngle":0,"lockAspectRatio":false,"scale":100,"focalX":50,"focalY":50,"resource":{"type":"image","mimeType":"image\/jpeg","width":900,"height":601,"sizes":{"thumbnail":{"file":"foto-carnaval-rio-de-janeiro-150x150.jpg","width":150,"height":150,"mimeType":"image\/jpeg","sourceUrl":"https:\/\/www.mapadehoteis.com.br\/blog\/wp-content\/uploads\/2015\/01\/foto-carnaval-rio-de-janeiro-150x150.jpg"},"medium":{"file":"foto-carnaval-rio-de-janeiro-300x200.jpg","width":300,"height":200,"mimeType":"image\/jpeg","sourceUrl":"https:\/\/www.mapadehoteis.com.br\/blog\/wp-content\/uploads\/2015\/01\/foto-carnaval-rio-de-janeiro-300x200.jpg"},"large":{"file":"foto-carnaval-rio-de-janeiro-648x432.jpg","width":648,"height":432,"mimeType":"image\/jpeg","sourceUrl":"https:\/\/www.mapadehoteis.com.br\/blog\/wp-content\/uploads\/2015\/01\/foto-carnaval-rio-de-janeiro-648x432.jpg"},"sparkling-featured":{"file":"foto-carnaval-rio-de-janeiro-750x410.jpg","width":750,"height":410,"mimeType":"image\/jpeg","sourceUrl":"https:\/\/www.mapadehoteis.com.br\/blog\/wp-content\/uploads\/2015\/01\/foto-carnaval-rio-de-janeiro-750x410.jpg"},"tab-small":{"file":"foto-carnaval-rio-de-janeiro-60x60.jpg","width":60,"height":60,"mimeType":"image\/jpeg","sourceUrl":"https:\/\/www.mapadehoteis.com.br\/blog\/wp-content\/uploads\/2015\/01\/foto-carnaval-rio-de-janeiro-60x60.jpg"},"full":{"file":"foto-carnaval-rio-de-janeiro-e1516388192993.jpg","width":900,"height":601,"mimeType":"image\/jpeg","sourceUrl":"https:\/\/www.mapadehoteis.com.br\/blog\/wp-content\/uploads\/2015\/01\/foto-carnaval-rio-de-janeiro-e1516388192993.jpg"}},"isPlaceholder":false,"isExternal":false,"needsProxy":false,"baseColor":"#2c251b","blurHash":"U2C$fW=q029b0a9u^K?G00xv}*-.00s,_1NG","creationDate":"2015-01-24T00:13:02.000Z","src":"https:\/\/www.mapadehoteis.com.br\/blog\/wp-content\/uploads\/2015\/01\/foto-carnaval-rio-de-janeiro-e1516388192993.jpg","id":2546,"alt":"Foto Carnaval Rio de Janeiro","local":false},"type":"image","x":-3,"y":-66,"width":420,"height":317,"mask":{"type":"rectangle","showInLibrary":true,"name":"Ret\u00e2ngulo","path":"M 0,0 1,0 1,1 0,1 0,0 Z","ratio":1,"supportsBorder":true},"id":"443dcba8-2f1e-4dd2-bfa8-052276cd60f4"}],"backgroundColor":{"color":{"r":255,"g":255,"b":255}},"animations":[],"type":"page","id":"8b542aab-b516-4cb8-aab8-19fa7e26bda3","pageTemplateType":null,"pageAttachment":{"url":"https:\/\/www.mapadehoteis.com.br\/blog\/carnaval\/top-5-melhores-carnavais-do-brasil\/","icon":"https:\/\/www.mapadehoteis.com.br\/blog\/wp-content\/uploads\/2024\/01\/galo-da-madrugada-gabi-amarantos-recife-648x483.jpg","needsProxy":false}},{"elements":[{"opacity":100,"flip":{"vertical":false,"horizontal":false},"rotationAngle":0,"lockAspectRatio":true,"backgroundColor":{"color":{"r":196,"g":196,"b":196}},"x":48,"y":0,"width":330,"height":220,"mask":{"type":"rectangle"},"isBackground":true,"id":"b9978c1d-4f11-48fd-89b8-f9988416b57b","type":"image","scale":100,"focalX":50,"focalY":50,"resource":{"type":"image","mimeType":"image\/jpeg","width":669,"height":446,"sizes":{"medium":{"file":"carnaval-do-rio-300x200.jpg","width":300,"height":200,"filesize":19982,"mimeType":"image\/jpeg","sourceUrl":"https:\/\/www.mapadehoteis.com.br\/blog\/wp-content\/uploads\/2024\/01\/carnaval-do-rio-300x200.jpg"},"large":{"file":"carnaval-do-rio-648x432.jpg","width":648,"height":432,"filesize":76824,"mimeType":"image\/jpeg","sourceUrl":"https:\/\/www.mapadehoteis.com.br\/blog\/wp-content\/uploads\/2024\/01\/carnaval-do-rio-648x432.jpg"},"thumbnail":{"file":"carnaval-do-rio-150x150.jpg","width":150,"height":150,"filesize":8560,"mimeType":"image\/jpeg","sourceUrl":"https:\/\/www.mapadehoteis.com.br\/blog\/wp-content\/uploads\/2024\/01\/carnaval-do-rio-150x150.jpg"},"sparkling-featured":{"file":"carnaval-do-rio-669x410.jpg","width":669,"height":410,"filesize":88497,"mimeType":"image\/jpeg","sourceUrl":"https:\/\/www.mapadehoteis.com.br\/blog\/wp-content\/uploads\/2024\/01\/carnaval-do-rio-669x410.jpg"},"tab-small":{"file":"carnaval-do-rio-60x60.jpg","width":60,"height":60,"filesize":1949,"mimeType":"image\/jpeg","sourceUrl":"https:\/\/www.mapadehoteis.com.br\/blog\/wp-content\/uploads\/2024\/01\/carnaval-do-rio-60x60.jpg"},"web-stories-poster-portrait":{"file":"carnaval-do-rio-640x446.jpg","width":640,"height":446,"filesize":90962,"mimeType":"image\/jpeg","sourceUrl":"https:\/\/www.mapadehoteis.com.br\/blog\/wp-content\/uploads\/2024\/01\/carnaval-do-rio-640x446.jpg"},"web-stories-publisher-logo":{"file":"carnaval-do-rio-96x96.jpg","width":96,"height":96,"filesize":3805,"mimeType":"image\/jpeg","sourceUrl":"https:\/\/www.mapadehoteis.com.br\/blog\/wp-content\/uploads\/2024\/01\/carnaval-do-rio-96x96.jpg"},"web-stories-thumbnail":{"file":"carnaval-do-rio-150x100.jpg","width":150,"height":100,"filesize":6240,"mimeType":"image\/jpeg","sourceUrl":"https:\/\/www.mapadehoteis.com.br\/blog\/wp-content\/uploads\/2024\/01\/carnaval-do-rio-150x100.jpg"},"full":{"file":"carnaval-do-rio.jpg","width":669,"height":446,"mimeType":"image\/jpeg","sourceUrl":"https:\/\/www.mapadehoteis.com.br\/blog\/wp-content\/uploads\/2024\/01\/carnaval-do-rio.jpg"}},"isPlaceholder":false,"isExternal":false,"needsProxy":false,"baseColor":"#a2845b","blurHash":"UAI|afGE9cY5{HSh${wa19E1GF,C1gWGIoae","creationDate":1706199882000,"src":"https:\/\/www.mapadehoteis.com.br\/blog\/wp-content\/uploads\/2024\/01\/carnaval-do-rio.jpg","id":5209,"alt":"carnaval do rio musa colorida","local":false}},{"opacity":100,"flip":{"vertical":false,"horizontal":false},"rotationAngle":0,"lockAspectRatio":true,"backgroundTextMode":"FILL","font":{"family":"IBM Plex Sans"},"fontSize":16,"backgroundColor":{"color":{"r":244,"g":243,"b":241}},"lineHeight":1.399999999999999911182158029987476766109466552734375,"textAlign":"left","padding":{"locked":true,"hasHiddenPadding":true,"horizontal":8,"vertical":4},"content":"<span style=\"color: #2f2f2f\">Vai al\u00e9m disso, \u00e9 a cultura do samba, a tradi\u00e7\u00e3o das m\u00e1rcaras que \u00e9 algo muito forte nas fantasias das escolas, \u00e9 o fervor das baterias!<\/span>","borderRadius":{"locked":true,"topLeft":2,"topRight":2,"bottomRight":2,"bottomLeft":2},"width":314,"height":96,"id":"e2c53a9b-8667-4e2f-adfb-7c72e8404493","x":55,"y":450,"type":"text"}],"backgroundColor":{"color":{"r":255,"g":255,"b":255}},"animations":[],"type":"page","id":"a3ea8e05-3209-4029-855d-195c008d79ce","pageTemplateType":null,"defaultBackgroundElement":{"opacity":100,"flip":{"vertical":false,"horizontal":false},"rotationAngle":0,"lockAspectRatio":true,"backgroundColor":{"color":{"r":196,"g":196,"b":196}},"x":1,"y":1,"width":1,"height":1,"mask":{"type":"rectangle"},"isBackground":true,"isDefaultBackground":true,"id":"4d253e9e-ae7e-486a-aa8d-a13629f48f8f","type":"shape"},"pageAttachment":{"url":"https:\/\/www.mapadehoteis.com.br\/blog\/carnaval\/top-5-melhores-carnavais-do-brasil\/","icon":"https:\/\/www.mapadehoteis.com.br\/blog\/wp-content\/uploads\/2024\/01\/galo-da-madrugada-gabi-amarantos-recife-648x483.jpg","needsProxy":false}},{"elements":[{"opacity":100,"flip":{"vertical":false,"horizontal":false},"rotationAngle":0,"lockAspectRatio":true,"backgroundColor":{"color":{"r":196,"g":196,"b":196}},"x":48,"y":0,"width":330,"height":276,"mask":{"type":"rectangle"},"isBackground":true,"id":"08d13bae-3863-46b3-9284-b180459da741","type":"image","scale":100,"focalX":50,"focalY":50,"resource":{"type":"image","mimeType":"image\/png","width":940,"height":788,"sizes":{"medium":{"file":"rooftop-cidade-grande-300x251.png","width":300,"height":251,"filesize":167941,"mimeType":"image\/png","sourceUrl":"https:\/\/www.mapadehoteis.com.br\/blog\/wp-content\/uploads\/2023\/10\/rooftop-cidade-grande-300x251.png"},"large":{"file":"rooftop-cidade-grande-648x543.png","width":648,"height":543,"filesize":710646,"mimeType":"image\/png","sourceUrl":"https:\/\/www.mapadehoteis.com.br\/blog\/wp-content\/uploads\/2023\/10\/rooftop-cidade-grande-648x543.png"},"thumbnail":{"file":"rooftop-cidade-grande-150x150.png","width":150,"height":150,"filesize":53099,"mimeType":"image\/png","sourceUrl":"https:\/\/www.mapadehoteis.com.br\/blog\/wp-content\/uploads\/2023\/10\/rooftop-cidade-grande-150x150.png"},"medium_large":{"file":"rooftop-cidade-grande-768x644.png","width":768,"height":644,"filesize":975357,"mimeType":"image\/png","sourceUrl":"https:\/\/www.mapadehoteis.com.br\/blog\/wp-content\/uploads\/2023\/10\/rooftop-cidade-grande-768x644.png"},"sparkling-featured":{"file":"rooftop-cidade-grande-750x410.png","width":750,"height":410,"filesize":654822,"mimeType":"image\/png","sourceUrl":"https:\/\/www.mapadehoteis.com.br\/blog\/wp-content\/uploads\/2023\/10\/rooftop-cidade-grande-750x410.png"},"tab-small":{"file":"rooftop-cidade-grande-60x60.png","width":60,"height":60,"filesize":9315,"mimeType":"image\/png","sourceUrl":"https:\/\/www.mapadehoteis.com.br\/blog\/wp-content\/uploads\/2023\/10\/rooftop-cidade-grande-60x60.png"},"web-stories-poster-portrait":{"file":"rooftop-cidade-grande-640x788.png","width":640,"height":788,"filesize":1064757,"mimeType":"image\/png","sourceUrl":"https:\/\/www.mapadehoteis.com.br\/blog\/wp-content\/uploads\/2023\/10\/rooftop-cidade-grande-640x788.png"},"web-stories-publisher-logo":{"file":"rooftop-cidade-grande-96x96.png","width":96,"height":96,"filesize":22741,"mimeType":"image\/png","sourceUrl":"https:\/\/www.mapadehoteis.com.br\/blog\/wp-content\/uploads\/2023\/10\/rooftop-cidade-grande-96x96.png"},"web-stories-thumbnail":{"file":"rooftop-cidade-grande-150x126.png","width":150,"height":126,"filesize":45158,"mimeType":"image\/png","sourceUrl":"https:\/\/www.mapadehoteis.com.br\/blog\/wp-content\/uploads\/2023\/10\/rooftop-cidade-grande-150x126.png"},"full":{"file":"rooftop-cidade-grande.png","width":940,"height":788,"mimeType":"image\/png","sourceUrl":"https:\/\/www.mapadehoteis.com.br\/blog\/wp-content\/uploads\/2023\/10\/rooftop-cidade-grande.png"}},"isPlaceholder":false,"isExternal":false,"needsProxy":false,"baseColor":"#282f3d","blurHash":"UACiOA%7s%9rXF-r0~5PDPr?o|oxD#Iot5j^","creationDate":"2023-10-17T03:07:05","src":"https:\/\/www.mapadehoteis.com.br\/blog\/wp-content\/uploads\/2023\/10\/rooftop-cidade-grande.png","id":4847,"alt":"rooftop cidade grande","local":false}},{"opacity":100,"flip":{"vertical":false,"horizontal":false},"rotationAngle":360,"lockAspectRatio":true,"backgroundTextMode":"FILL","font":{"family":"IBM Plex Sans"},"fontSize":29,"backgroundColor":{"color":{"r":255,"g":255,"b":255}},"lineHeight":1.1999999999999999555910790149937383830547332763671875,"textAlign":"center","padding":{"locked":true,"hasHiddenPadding":true,"horizontal":8,"vertical":4},"content":"<span style=\"font-weight: 700; color: #ff9200\">CONFIRA TAMB\u00c9M<\/span>","borderRadius":{"locked":true,"topLeft":2,"topRight":2,"bottomRight":2,"bottomLeft":2},"x":52,"y":40,"width":297,"height":46,"id":"35f00fb4-5d95-43dc-bf54-5f969c21d4c6","tagName":"h1","type":"text"},{"opacity":100,"flip":{"vertical":false,"horizontal":false},"rotationAngle":0,"lockAspectRatio":true,"backgroundTextMode":"FILL","font":{"family":"IBM Plex Sans"},"fontSize":20,"backgroundColor":{"color":{"r":255,"g":255,"b":255}},"lineHeight":1.1999999999999999555910790149937383830547332763671875,"textAlign":"left","padding":{"locked":true,"hasHiddenPadding":true,"horizontal":8,"vertical":4},"content":"<span style=\"color: #454545\">Os melhores Rooftops , de alta gastronomia, cheios de entretenimento e estilo!<\/span>","x":52,"y":86,"width":325,"borderRadius":{"locked":true,"topLeft":2,"topRight":2,"bottomRight":2,"bottomLeft":2},"height":83,"id":"2dfeb77d-ab17-437f-bcf2-14744aea4988","type":"text"}],"backgroundColor":{"color":{"r":255,"g":255,"b":255}},"animations":[],"type":"page","id":"83d7f211-a7d4-4c8b-b070-d3aecec90904","pageTemplateType":"cover","groups":{"9cec2110-856a-4b49-8046-7443dd3762fd":{"name":"Image","isLocked":false,"isCollapsed":true},"0cbe4651-5718-4b29-9e21-8d12260c98e4":{"name":"Section Copy","isLocked":false}},"pageAttachment":{"url":"https:\/\/www.mapadehoteis.com.br\/blog\/melhores-hoteis\/melhores-rooftops-de-sao-paulo-bares-e-hoteis\/","icon":"https:\/\/www.mapadehoteis.com.br\/blog\/wp-content\/uploads\/2023\/10\/rooftop-cidade-grande.png","needsProxy":false},"defaultBackgroundElement":{"opacity":100,"flip":{"vertical":false,"horizontal":false},"rotationAngle":0,"lockAspectRatio":true,"backgroundColor":{"color":{"r":196,"g":196,"b":196}},"x":1,"y":1,"width":1,"height":1,"mask":{"type":"rectangle"},"isBackground":true,"isDefaultBackground":true,"id":"ce91342b-a589-409f-bc17-76c0fb65dcd0","type":"shape"}}],"fonts":{"IBM Plex Sans":{"family":"IBM Plex Sans","fallbacks":["sans-serif"],"weights":[100,200,300,400,500,600,700],"styles":["italic","regular"],"variants":[[0,100],[1,100],[0,200],[1,200],[0,300],[1,300],[0,400],[1,400],[0,500],[1,500],[0,600],[1,600],[0,700],[1,700]],"service":"fonts.google.com","metrics":{"upm":1000,"asc":1025,"des":-275,"tAsc":780,"tDes":-220,"tLGap":300,"wAsc":1025,"wDes":275,"xH":516,"capH":698,"yMin":-245,"yMax":1119,"hAsc":1025,"hDes":-275,"lGap":0}},"Raleway":{"family":"Raleway","fallbacks":["sans-serif"],"weights":[100,200,300,400,500,600,700,800,900],"styles":["regular","italic"],"variants":[[0,100],[0,200],[0,300],[0,400],[0,500],[0,600],[0,700],[0,800],[0,900],[1,100],[1,200],[1,300],[1,400],[1,500],[1,600],[1,700],[1,800],[1,900]],"service":"fonts.google.com","metrics":{"upm":1000,"asc":940,"des":-234,"tAsc":940,"tDes":-234,"tLGap":0,"wAsc":1154,"wDes":234,"xH":519,"capH":710,"yMin":-224,"yMax":1141,"hAsc":940,"hDes":-234,"lGap":0}}},"autoAdvance":true,"defaultPageDuration":7,"currentStoryStyles":{"colors":[{"color":{"r":0,"g":87,"b":255}},{"color":{"r":255,"g":255,"b":255}},{"color":{"r":196,"g":196,"b":196}},{"color":{"r":61,"g":61,"b":61}}]}},"story_poster":{"id":5210,"url":"https:\/\/i0.wp.com\/www.mapadehoteis.com.br\/blog\/wp-content\/uploads\/2024\/01\/cropped-bloco-galo-da-madrugada.jpg?resize=640%2C853&ssl=1","width":640,"height":853,"needsProxy":false},"_links":{"self":[{"href":"https:\/\/www.mapadehoteis.com.br\/blog\/wp-json\/web-stories\/v1\/web-story\/5204","targetHints":{"allow":["GET"]}}],"collection":[{"href":"https:\/\/www.mapadehoteis.com.br\/blog\/wp-json\/web-stories\/v1\/web-story"}],"about":[{"href":"https:\/\/www.mapadehoteis.com.br\/blog\/wp-json\/wp\/v2\/types\/web-story"}],"author":[{"embeddable":true,"href":"https:\/\/www.mapadehoteis.com.br\/blog\/wp-json\/web-stories\/v1\/users\/1"}],"version-history":[{"count":9,"href":"https:\/\/www.mapadehoteis.com.br\/blog\/wp-json\/web-stories\/v1\/web-story\/5204\/revisions"}],"predecessor-version":[{"id":5722,"href":"https:\/\/www.mapadehoteis.com.br\/blog\/wp-json\/web-stories\/v1\/web-story\/5204\/revisions\/5722"}],"wp:featuredmedia":[{"embeddable":true,"href":"https:\/\/www.mapadehoteis.com.br\/blog\/wp-json\/web-stories\/v1\/media\/5210"}],"wp:attachment":[{"href":"https:\/\/www.mapadehoteis.com.br\/blog\/wp-json\/web-stories\/v1\/media?parent=5204"}],"wp:term":[{"taxonomy":"web_story_category","embeddable":true,"href":"https:\/\/www.mapadehoteis.com.br\/blog\/wp-json\/web-stories\/v1\/web_story_category?post=5204"},{"taxonomy":"web_story_tag","embeddable":true,"href":"https:\/\/www.mapadehoteis.com.br\/blog\/wp-json\/web-stories\/v1\/web_story_tag?post=5204"}],"wp:lock":[{"embeddable":true,"href":"https:\/\/www.mapadehoteis.com.br\/blog\/wp-json\/web-stories\/v1\/web-story\/5204\/lock"}],"wp:publisherlogo":[{"embeddable":true,"href":"https:\/\/www.mapadehoteis.com.br\/blog\/wp-json\/web-stories\/v1\/media\/4682"}],"curies":[{"name":"wp","href":"https:\/\/api.w.org\/{rel}","templated":true}]}}