{"id":1064,"date":"2013-05-01T14:20:56","date_gmt":"2013-05-01T17:20:56","guid":{"rendered":"http:\/\/www.mapadehoteis.com.br\/blog\/?p=1064"},"modified":"2013-07-29T21:24:53","modified_gmt":"2013-07-30T00:24:53","slug":"onde-esta-elieser-do-bbb13","status":"publish","type":"post","link":"https:\/\/www.mapadehoteis.com.br\/blog\/famosos\/onde-esta-elieser-do-bbb13\/","title":{"rendered":"Onde est\u00e1 Eli\u00e9ser do BBB13?"},"content":{"rendered":"<p>Eli\u00e9ser ele passeou no rio, ganhou um colar de uma \u00edndia e mergulhou com o boto cor-de-rosa. Al\u00e9m disso ir\u00e1 fazer apresenta\u00e7\u00f5es como DJ em uma casa noturna da cidade.<br \/>\nE agora, sabem onde est\u00e1 o Eli\u00e9ser do BBB13?<\/p>\n<p>Para quem disse Manaus, parab\u00e9ns voc\u00ea acertou! Eli\u00e9ser est\u00e1 hospedado no <a title=\"Hotel Aria\u00fa Amazon Towers\" href=\"http:\/\/www.mapadehoteis.com.br\/hoteis_quadro.php?estado=AM&amp;cidade=MANAUS&amp;nome=Hotel%20Aria%FA%20Amazon%20Towers\"><strong>HOTEL ARIA\u00da AMAZON TOWERS<\/strong><\/a>, entrem e confiram!<\/p>\n<p style=\"text-align: center;\"><img data-recalc-dims=\"1\" loading=\"lazy\" decoding=\"async\" class=\"aligncenter  wp-image-1065\" alt=\"Eli\u00e9ser em Hotel Aria\u00fa Amazon Towers\" src=\"https:\/\/i0.wp.com\/www.mapadehoteis.com.br\/blog\/wp-content\/uploads\/2013\/05\/hotel-aria%C3%BA.jpg?resize=458%2C344\" width=\"458\" height=\"344\" srcset=\"https:\/\/i0.wp.com\/www.mapadehoteis.com.br\/blog\/wp-content\/uploads\/2013\/05\/hotel-aria%C3%BA.jpg?w=620&amp;ssl=1 620w, https:\/\/i0.wp.com\/www.mapadehoteis.com.br\/blog\/wp-content\/uploads\/2013\/05\/hotel-aria%C3%BA.jpg?resize=300%2C225&amp;ssl=1 300w\" sizes=\"auto, (max-width: 458px) 100vw, 458px\" \/><\/p>\n","protected":false},"excerpt":{"rendered":"<p>Eli\u00e9ser ele passeou no rio, ganhou um colar de uma \u00edndia e mergulhou com o boto cor-de-rosa. Al\u00e9m disso ir\u00e1 fazer apresenta\u00e7\u00f5es como DJ em uma casa noturna da cidade. E agora, sabem onde est\u00e1 o Eli\u00e9ser do BBB13? Para quem disse Manaus, parab\u00e9ns voc\u00ea acertou! Eli\u00e9ser est\u00e1 hospedado no HOTEL ARIA\u00da AMAZON TOWERS, entrem [&hellip;]<\/p>\n","protected":false},"author":1,"featured_media":0,"comment_status":"open","ping_status":"open","sticky":false,"template":"","format":"standard","meta":{"_lmt_disableupdate":"","_lmt_disable":"","_sitemap_exclude":false,"_sitemap_priority":"","_sitemap_frequency":"","_uf_show_specific_survey":0,"_uf_disable_surveys":false,"footnotes":""},"categories":[190],"tags":[210,207,212,208,426,10,209,328],"class_list":["post-1064","post","type-post","status-publish","format-standard","hentry","category-famosos","tag-amazonas","tag-bbb13","tag-celebridades-em-hoteis","tag-elieser-bbb13","tag-famosos","tag-hoteis-luxuosos","tag-hotel-em-manaus","tag-manaus"],"modified_by":"Leticia Carvalho","_links":{"self":[{"href":"https:\/\/www.mapadehoteis.com.br\/blog\/wp-json\/wp\/v2\/posts\/1064","targetHints":{"allow":["GET"]}}],"collection":[{"href":"https:\/\/www.mapadehoteis.com.br\/blog\/wp-json\/wp\/v2\/posts"}],"about":[{"href":"https:\/\/www.mapadehoteis.com.br\/blog\/wp-json\/wp\/v2\/types\/post"}],"author":[{"embeddable":true,"href":"https:\/\/www.mapadehoteis.com.br\/blog\/wp-json\/wp\/v2\/users\/1"}],"replies":[{"embeddable":true,"href":"https:\/\/www.mapadehoteis.com.br\/blog\/wp-json\/wp\/v2\/comments?post=1064"}],"version-history":[{"count":8,"href":"https:\/\/www.mapadehoteis.com.br\/blog\/wp-json\/wp\/v2\/posts\/1064\/revisions"}],"predecessor-version":[{"id":1068,"href":"https:\/\/www.mapadehoteis.com.br\/blog\/wp-json\/wp\/v2\/posts\/1064\/revisions\/1068"}],"wp:attachment":[{"href":"https:\/\/www.mapadehoteis.com.br\/blog\/wp-json\/wp\/v2\/media?parent=1064"}],"wp:term":[{"taxonomy":"category","embeddable":true,"href":"https:\/\/www.mapadehoteis.com.br\/blog\/wp-json\/wp\/v2\/categories?post=1064"},{"taxonomy":"post_tag","embeddable":true,"href":"https:\/\/www.mapadehoteis.com.br\/blog\/wp-json\/wp\/v2\/tags?post=1064"}],"curies":[{"name":"wp","href":"https:\/\/api.w.org\/{rel}","templated":true}]}}