{"id":1807,"date":"2023-09-20T21:28:52","date_gmt":"2023-09-21T00:28:52","guid":{"rendered":"http:\/\/www.mapadehoteis.com.br\/blog\/?p=1807"},"modified":"2024-02-21T01:12:43","modified_gmt":"2024-02-21T04:12:43","slug":"hoteis-para-oktoberfest-onde-se-hospedar-na-festa-alema","status":"publish","type":"post","link":"https:\/\/www.mapadehoteis.com.br\/blog\/festas\/hoteis-para-oktoberfest-onde-se-hospedar-na-festa-alema\/","title":{"rendered":"Oktoberfest S\u00e3o Paulo 2023: Ingressos, Data e Hot\u00e9is Pr\u00f3ximos"},"content":{"rendered":"<p>No post de hoje iremos mostrar o porque a Oktoberfest \u00e9 a maior festa alem\u00e3 do Brasil, e nesta edi\u00e7\u00e3o especial em S\u00e3o Paulo!<\/p>\n<div id=\"ez-toc-container\" class=\"ez-toc-v2_0_73 counter-hierarchy ez-toc-counter ez-toc-grey ez-toc-container-direction\">\n<div class=\"ez-toc-title-container\">\n<p class=\"ez-toc-title\" style=\"cursor:inherit\">Sum\u00e1rio<\/p>\n<span class=\"ez-toc-title-toggle\"><a href=\"#\" class=\"ez-toc-pull-right ez-toc-btn ez-toc-btn-xs ez-toc-btn-default ez-toc-toggle\" aria-label=\"Alternar tabela de conte\u00fado\"><span class=\"ez-toc-js-icon-con\"><span class=\"\"><span class=\"eztoc-hide\" style=\"display:none;\">Toggle<\/span><span class=\"ez-toc-icon-toggle-span\"><svg style=\"fill: #999;color:#999\" xmlns=\"http:\/\/www.w3.org\/2000\/svg\" class=\"list-377408\" width=\"20px\" height=\"20px\" viewBox=\"0 0 24 24\" fill=\"none\"><path d=\"M6 6H4v2h2V6zm14 0H8v2h12V6zM4 11h2v2H4v-2zm16 0H8v2h12v-2zM4 16h2v2H4v-2zm16 0H8v2h12v-2z\" fill=\"currentColor\"><\/path><\/svg><svg style=\"fill: #999;color:#999\" class=\"arrow-unsorted-368013\" xmlns=\"http:\/\/www.w3.org\/2000\/svg\" width=\"10px\" height=\"10px\" viewBox=\"0 0 24 24\" version=\"1.2\" baseProfile=\"tiny\"><path d=\"M18.2 9.3l-6.2-6.3-6.2 6.3c-.2.2-.3.4-.3.7s.1.5.3.7c.2.2.4.3.7.3h11c.3 0 .5-.1.7-.3.2-.2.3-.5.3-.7s-.1-.5-.3-.7zM5.8 14.7l6.2 6.3 6.2-6.3c.2-.2.3-.5.3-.7s-.1-.5-.3-.7c-.2-.2-.4-.3-.7-.3h-11c-.3 0-.5.1-.7.3-.2.2-.3.5-.3.7s.1.5.3.7z\"\/><\/svg><\/span><\/span><\/span><\/a><\/span><\/div>\n<nav><ul class='ez-toc-list ez-toc-list-level-1 ' ><li class='ez-toc-page-1 ez-toc-heading-level-2'><a class=\"ez-toc-link ez-toc-heading-1\" href=\"https:\/\/www.mapadehoteis.com.br\/blog\/festas\/hoteis-para-oktoberfest-onde-se-hospedar-na-festa-alema\/#A_Historia_da_Oktoberfest\" title=\"A Hist\u00f3ria da Oktoberfest\">A Hist\u00f3ria da Oktoberfest<\/a><\/li><li class='ez-toc-page-1 ez-toc-heading-level-2'><a class=\"ez-toc-link ez-toc-heading-2\" href=\"https:\/\/www.mapadehoteis.com.br\/blog\/festas\/hoteis-para-oktoberfest-onde-se-hospedar-na-festa-alema\/#Quando_sera_a_Oktoberfest_de_Sao_Paulo_2023\" title=\"Quando ser\u00e1 a Oktoberfest de S\u00e3o Paulo 2023\">Quando ser\u00e1 a Oktoberfest de S\u00e3o Paulo 2023<\/a><\/li><li class='ez-toc-page-1 ez-toc-heading-level-2'><a class=\"ez-toc-link ez-toc-heading-3\" href=\"https:\/\/www.mapadehoteis.com.br\/blog\/festas\/hoteis-para-oktoberfest-onde-se-hospedar-na-festa-alema\/#Tipos_de_ingressos_e_precos\" title=\"Tipos de ingressos e pre\u00e7os\">Tipos de ingressos e pre\u00e7os<\/a><\/li><li class='ez-toc-page-1 ez-toc-heading-level-2'><a class=\"ez-toc-link ez-toc-heading-4\" href=\"https:\/\/www.mapadehoteis.com.br\/blog\/festas\/hoteis-para-oktoberfest-onde-se-hospedar-na-festa-alema\/#Onde_se_hospedar_para_a_Oktoberfest_Sao_Paulo\" title=\"Onde se hospedar para a Oktoberfest S\u00e3o Paulo\">Onde se hospedar para a Oktoberfest S\u00e3o Paulo<\/a><\/li><\/ul><\/nav><\/div>\n<h2><span class=\"ez-toc-section\" id=\"A_Historia_da_Oktoberfest\"><\/span><b>A Hist\u00f3ria da Oktoberfest<\/b><span class=\"ez-toc-section-end\"><\/span><\/h2>\n<p>Oktoberfest foi inspirada na festa alem\u00e3, que teve origem em 1810, sabiam que faz todo este tempo? A festa se iniciou em 12 de outubro de 1810, quando o Rei Luis I festejou seu casamento com a Princesa Tereza da Sax\u00f4nia. A festa foi t\u00e3o boa que se tornou anual com a participa\u00e7\u00e3o do povo da regi\u00e3o. Quando a festa chegou at\u00e9 Munique a\u00ed sim come\u00e7ou todo o entretenimento, como o primeiro trem transportando visitantes, fot\u00f3grafos e barracas para o evento.<\/p>\n<p>Engana-se quem pensa que a cerveja era a principal atra\u00e7\u00e3o destes eventos, at\u00e9 este momento a cerveja era proibida e passou-se a ser servida apenas em 1918! Com a libera\u00e7\u00e3o da cerveja, veio o marketing em cima da famosa imagem de pessoas sorrindo com os copos cheios de cerveja.<\/p>\n<p>Devido \u00e0 Guerra alguns anos n\u00e3o foram realizadas as festas, mas de 1945 at\u00e9 hoje a Oktoberfest se tornou anualmente a festa de Munique com um p\u00fablico de quase 10 milh\u00f5es de pessoas e sem interrup\u00e7\u00f5es! Para um festival que come\u00e7ou sem cerveja, hoje o consumo chega a 7 milh\u00f5es de litros!<\/p>\n<h3><b>Oktoberfest no Brasil<\/b><\/h3>\n<p>Obviamente a Oktoberfest se tornou a maior festa alem\u00e3 no Brasil, localizado mais precisamente na cidade de Blumenau no estado de Santa Catarina. A estreia do festival foi em 1984, um sucesso total com registro de 102 mil pessoas em 10 dias de evento.<\/p>\n<p><center><iframe loading=\"lazy\" src=\"https:\/\/www.youtube.com\/embed\/rWnuk4ZO2eA\" width=\"560\" height=\"315\" frameborder=\"0\" allowfullscreen=\"allowfullscreen\"><\/iframe><\/center>&nbsp;<\/p>\n<h2><span class=\"ez-toc-section\" id=\"Quando_sera_a_Oktoberfest_de_Sao_Paulo_2023\"><\/span>Quando ser\u00e1 a Oktoberfest de S\u00e3o Paulo 2023<span class=\"ez-toc-section-end\"><\/span><\/h2>\n<p>O evento mais aguardado pelos amantes da cultura alem\u00e3 que acontecer\u00e1 em S\u00e3o Paulo ser\u00e1 <b>de 06 a 22 de outubro<\/b>, \u00e9 um dos eventos mais esperados dos paulistas amantes da cultura alem\u00e3. O estouro da festa aqui no Brasil originou a edi\u00e7\u00e3o especial de <strong>S\u00e3o Paulo.<\/strong><\/p>\n<p><img data-recalc-dims=\"1\" loading=\"lazy\" decoding=\"async\" class=\"aligncenter wp-image-4791\" src=\"https:\/\/i0.wp.com\/www.mapadehoteis.com.br\/blog\/wp-content\/uploads\/2023\/09\/oktoberfest-sao-paulo-vila-dos-patrocinadores.png?resize=431%2C253&#038;ssl=1\" alt=\"oktoberfest sao paulo vila dos patrocinadores\" width=\"431\" height=\"253\" srcset=\"https:\/\/i0.wp.com\/www.mapadehoteis.com.br\/blog\/wp-content\/uploads\/2023\/09\/oktoberfest-sao-paulo-vila-dos-patrocinadores.png?resize=648%2C380&amp;ssl=1 648w, https:\/\/i0.wp.com\/www.mapadehoteis.com.br\/blog\/wp-content\/uploads\/2023\/09\/oktoberfest-sao-paulo-vila-dos-patrocinadores.png?resize=300%2C176&amp;ssl=1 300w, https:\/\/i0.wp.com\/www.mapadehoteis.com.br\/blog\/wp-content\/uploads\/2023\/09\/oktoberfest-sao-paulo-vila-dos-patrocinadores.png?resize=150%2C88&amp;ssl=1 150w, https:\/\/i0.wp.com\/www.mapadehoteis.com.br\/blog\/wp-content\/uploads\/2023\/09\/oktoberfest-sao-paulo-vila-dos-patrocinadores.png?w=735&amp;ssl=1 735w\" sizes=\"auto, (max-width: 431px) 100vw, 431px\" \/><\/p>\n<h2><span class=\"ez-toc-section\" id=\"Tipos_de_ingressos_e_precos\"><\/span>Tipos de ingressos e pre\u00e7os<span class=\"ez-toc-section-end\"><\/span><\/h2>\n<p>O ingresso Pista oferece acesso a todas as \u00e1reas do festival com exce\u00e7\u00e3o das \u00e1reas VIPs. J\u00e1 o ingresso Pista Combo al\u00e9m do livre acesso \u00e0s \u00e1reas, \u00e9 poss\u00edvel garantir no lote especial e no 1\u00ba lote a caneca e o tirante da edi\u00e7\u00e3o da 2023 para serem retirados no evento com um valor promocional. Nos demais lotes \u00e9 poss\u00edvel garantir apenas a caneca da edi\u00e7\u00e3o de 2023.<\/p>\n<p>A \u00c1rea Open Bier, d\u00e1 acesso a uma \u00e1rea exclusiva com vista para o palco principal da Biertent, e tamb\u00e9m garante a caneca exclusiva com tirante, Open Bar de Cerveja Oficial da S\u00e3o Paulo Oktoberfest, \u00e1gua, suco, refrigerante e banheiro exclusivo.<\/p>\n<p>Mais informa\u00e7\u00f5es em <a href=\"https:\/\/saopaulooktoberfest.com.br\/\">https:\/\/saopaulooktoberfest.com.br\/<\/a>.<\/p>\n<h2><span class=\"ez-toc-section\" id=\"Onde_se_hospedar_para_a_Oktoberfest_Sao_Paulo\"><\/span><b>Onde se hospedar para a Oktoberfest S\u00e3o Paulo<\/b><b><\/b><span class=\"ez-toc-section-end\"><\/span><\/h2>\n<p>A S\u00e3o Paulo Oktoberfest, a assim como aconteceu na edi\u00e7\u00e3o de 2022, voltar\u00e1 a ser realizado em 2023 no Complexo do Ibirapuera. Existem muitos hot\u00e9is em S\u00e3o Paulo, mas indicaremos as melhores acomoda\u00e7\u00f5es que esteam pr\u00f3ximas ao evento:<\/p>\n<p>O\u00a0<a href=\"https:\/\/www.mapadehoteis.com.br\/hoteis\/sp\/sao-paulo\/bourbon-convention-ibirapuera\/\"><strong>Bourbon Ibirapuera Convention Hotel<\/strong><\/a> \u00e9 refer\u00eancia em conven\u00e7\u00f5es e eventos, com capacidade para receber at\u00e9 1.100 pessoas simultaneamente, possui modernos equipamentos audiovisuais e equipe especializada para tornar o seu evento memor\u00e1vel. Ele est\u00e1 muito bem localizado a apenas 400 metros da esta\u00e7\u00e3o de metr\u00f4 Eucaliptos.<\/p>\n<p><img data-recalc-dims=\"1\" loading=\"lazy\" decoding=\"async\" class=\"aligncenter size-large wp-image-4009\" src=\"https:\/\/i0.wp.com\/www.mapadehoteis.com.br\/blog\/wp-content\/uploads\/2019\/11\/bourbon-convention-ibirapuera.jpg?resize=648%2C432&#038;ssl=1\" alt=\"bourbon convention ibirapuera\" width=\"648\" height=\"432\" srcset=\"https:\/\/i0.wp.com\/www.mapadehoteis.com.br\/blog\/wp-content\/uploads\/2019\/11\/bourbon-convention-ibirapuera.jpg?resize=648%2C432&amp;ssl=1 648w, https:\/\/i0.wp.com\/www.mapadehoteis.com.br\/blog\/wp-content\/uploads\/2019\/11\/bourbon-convention-ibirapuera.jpg?resize=300%2C200&amp;ssl=1 300w, https:\/\/i0.wp.com\/www.mapadehoteis.com.br\/blog\/wp-content\/uploads\/2019\/11\/bourbon-convention-ibirapuera.jpg?resize=768%2C512&amp;ssl=1 768w, https:\/\/i0.wp.com\/www.mapadehoteis.com.br\/blog\/wp-content\/uploads\/2019\/11\/bourbon-convention-ibirapuera.jpg?w=1024&amp;ssl=1 1024w\" sizes=\"auto, (max-width: 648px) 100vw, 648px\" \/><\/p>\n<p><center><a class=\"botao_lead\" href=\"https:\/\/www.booking.com\/hotel\/br\/bourbon-convention-ibirapuera.pt-br.html?aid=370065#availability_target\" target=\"_blank\" rel=\"nofollow noopener\">Reservar Agora<\/a><\/center>Tamb\u00e9m \u00e9 uma boa op\u00e7\u00e3o o <a href=\"https:\/\/www.mapadehoteis.com.br\/hoteis\/sp\/sao-paulo\/paulista-garden-hotel\/\"><strong>Paulista Garden Hotel<\/strong><\/a>! Possui localiza\u00e7\u00e3o favor\u00e1vel e a menos de 700m da Avenida Paulista e da Esta\u00e7\u00e3o de Metr\u00f4 Brigadeiro. Possuem um \u00f3timo caf\u00e9-da-manh\u00e3!<\/p>\n<p><img data-recalc-dims=\"1\" loading=\"lazy\" decoding=\"async\" class=\"aligncenter wp-image-4794\" src=\"https:\/\/i0.wp.com\/www.mapadehoteis.com.br\/blog\/wp-content\/uploads\/2023\/09\/suite-Paulista-Garden-Hotel.jpg?resize=587%2C391&#038;ssl=1\" alt=\"paulista garden hotel quarto\" width=\"587\" height=\"391\" srcset=\"https:\/\/i0.wp.com\/www.mapadehoteis.com.br\/blog\/wp-content\/uploads\/2023\/09\/suite-Paulista-Garden-Hotel.jpg?resize=648%2C432&amp;ssl=1 648w, https:\/\/i0.wp.com\/www.mapadehoteis.com.br\/blog\/wp-content\/uploads\/2023\/09\/suite-Paulista-Garden-Hotel.jpg?resize=300%2C200&amp;ssl=1 300w, https:\/\/i0.wp.com\/www.mapadehoteis.com.br\/blog\/wp-content\/uploads\/2023\/09\/suite-Paulista-Garden-Hotel.jpg?resize=768%2C512&amp;ssl=1 768w, https:\/\/i0.wp.com\/www.mapadehoteis.com.br\/blog\/wp-content\/uploads\/2023\/09\/suite-Paulista-Garden-Hotel.jpg?resize=150%2C100&amp;ssl=1 150w, https:\/\/i0.wp.com\/www.mapadehoteis.com.br\/blog\/wp-content\/uploads\/2023\/09\/suite-Paulista-Garden-Hotel.jpg?w=1024&amp;ssl=1 1024w\" sizes=\"auto, (max-width: 587px) 100vw, 587px\" \/><\/p>\n<p>&nbsp;<\/p>\n","protected":false},"excerpt":{"rendered":"<p>No post de hoje iremos mostrar o porque a Oktoberfest \u00e9 a maior festa alem\u00e3 do Brasil, e nesta edi\u00e7\u00e3o especial em S\u00e3o Paulo! A Hist\u00f3ria da Oktoberfest Oktoberfest foi inspirada na festa alem\u00e3, que teve origem em 1810, sabiam que faz todo este tempo? A festa se iniciou em 12 de outubro de 1810, [&hellip;]<\/p>\n","protected":false},"author":1,"featured_media":1818,"comment_status":"open","ping_status":"open","sticky":false,"template":"","format":"standard","meta":{"_lmt_disableupdate":"","_lmt_disable":"","_sitemap_exclude":false,"_sitemap_priority":"","_sitemap_frequency":"","_uf_show_specific_survey":0,"_uf_disable_surveys":false,"footnotes":""},"categories":[344],"tags":[341,495,1203,340,424],"class_list":["post-1807","post","type-post","status-publish","format-standard","has-post-thumbnail","hentry","category-festas","tag-festival","tag-hoteis-para-a-oktoberfest","tag-ibirapuera","tag-oktoberfest","tag-sao-paulo"],"modified_by":"Leticia Carvalho","_links":{"self":[{"href":"https:\/\/www.mapadehoteis.com.br\/blog\/wp-json\/wp\/v2\/posts\/1807","targetHints":{"allow":["GET"]}}],"collection":[{"href":"https:\/\/www.mapadehoteis.com.br\/blog\/wp-json\/wp\/v2\/posts"}],"about":[{"href":"https:\/\/www.mapadehoteis.com.br\/blog\/wp-json\/wp\/v2\/types\/post"}],"author":[{"embeddable":true,"href":"https:\/\/www.mapadehoteis.com.br\/blog\/wp-json\/wp\/v2\/users\/1"}],"replies":[{"embeddable":true,"href":"https:\/\/www.mapadehoteis.com.br\/blog\/wp-json\/wp\/v2\/comments?post=1807"}],"version-history":[{"count":30,"href":"https:\/\/www.mapadehoteis.com.br\/blog\/wp-json\/wp\/v2\/posts\/1807\/revisions"}],"predecessor-version":[{"id":4796,"href":"https:\/\/www.mapadehoteis.com.br\/blog\/wp-json\/wp\/v2\/posts\/1807\/revisions\/4796"}],"wp:featuredmedia":[{"embeddable":true,"href":"https:\/\/www.mapadehoteis.com.br\/blog\/wp-json\/wp\/v2\/media\/1818"}],"wp:attachment":[{"href":"https:\/\/www.mapadehoteis.com.br\/blog\/wp-json\/wp\/v2\/media?parent=1807"}],"wp:term":[{"taxonomy":"category","embeddable":true,"href":"https:\/\/www.mapadehoteis.com.br\/blog\/wp-json\/wp\/v2\/categories?post=1807"},{"taxonomy":"post_tag","embeddable":true,"href":"https:\/\/www.mapadehoteis.com.br\/blog\/wp-json\/wp\/v2\/tags?post=1807"}],"curies":[{"name":"wp","href":"https:\/\/api.w.org\/{rel}","templated":true}]}}