{"id":2310,"date":"2015-01-09T23:56:25","date_gmt":"2015-01-10T01:56:25","guid":{"rendered":"http:\/\/www.mapadehoteis.com.br\/blog\/?p=2310"},"modified":"2015-01-13T21:01:12","modified_gmt":"2015-01-13T23:01:12","slug":"onde-se-hospedar-em-ibitipoca-mg","status":"publish","type":"post","link":"https:\/\/www.mapadehoteis.com.br\/blog\/turismo\/onde-se-hospedar-em-ibitipoca-mg\/","title":{"rendered":"Onde se Hospedar em Ibitipoca, Minas Gerais"},"content":{"rendered":"<p>Para quem deseja um passeio ecol\u00f3gico, com paisagem natural e contato direto com a natureza, o Parque estadual do Ibitipoca tem toda a infraestrutura para proporcionar uma viagem inesquec\u00edvel. O parque est\u00e1 localizado na vila de Concei\u00e7\u00e3o do Ibitipoca no distrito de Lima Duarte \u00ad MG, sendo considerado pelo Traveller&#8217;s Choice 2013 , do site de viagens TripAdvisor, o terceiro melhor da Am\u00e9rica Latina .<\/p>\n<p><center><img data-recalc-dims=\"1\" loading=\"lazy\" decoding=\"async\" class=\"aligncenter size-large wp-image-2314\" src=\"https:\/\/i0.wp.com\/www.mapadehoteis.com.br\/blog\/wp-content\/uploads\/2015\/01\/IMG_20150103_171931772-1024x575.jpg?resize=450%2C252\" alt=\"Parque Ibitipoca Lima Duarte\" width=\"450\" height=\"252\" \/><\/center><center><\/center><\/p>\n<p>O vilarejo pacato possui cerca de mil habitantes, com costumes peculiares,e uma culin\u00e1ria tipica, como o p\u00e3o de canela e a polenta mineira, com pouco mais de 300 anos os habitantes ainda mat\u00e9m alguns costumes , cren\u00e7as e tradi\u00e7\u00f5es culturais curiosas, tais como: a Reza a S\u00e3o Bento, para se livrar das cobras venenosas; Reza a S\u00e3o Jer\u00f4nimo e Santa B\u00e1rbara, para prote\u00e7\u00e3o contra raios e trov\u00f5es, e ainda, o rapto da noiva pelo pretendente quando este n\u00e3o possui condi\u00e7\u00f5es financeiras para sustent\u00e1\u00adla.<\/p>\n<p><center><img data-recalc-dims=\"1\" loading=\"lazy\" decoding=\"async\" class=\"aligncenter  wp-image-2318\" src=\"https:\/\/i0.wp.com\/www.mapadehoteis.com.br\/blog\/wp-content\/uploads\/2015\/01\/IMG-20150103-WA0049-1024x576.jpg?resize=500%2C281\" alt=\"Parque estadual de ibitipoca\" width=\"500\" height=\"281\" \/><\/center><\/p>\n<h2><strong>Hot\u00e9is e Pousadas em Ibitipoca<\/strong><\/h2>\n<p>Ibitipoca conta tamb\u00e9m com Hot\u00e9is e Pousadas como <a href=\"http:\/\/www.mapadehoteis.com.br\/hoteis\/mg\/conceicao-de-ibitipoca\/hotel-alpha-ville-chales\/\" target=\"_blank\"><strong>Hotel AlphaVille Chal\u00e9s<\/strong><\/a>, <strong>Serra do Ibitipoca Hotel de Laser<\/strong>, Chal\u00e9s Belo Vale, Pousada Janela do C\u00e9u com di\u00e1rias de 150,00 at\u00e9 540,00 o casal. Os hot\u00e9is contam tamb\u00e9m com pacotes promocionais para finais de semana e feriados, com caf\u00e9 da manh\u00e3 e passeio no parque incluso.<\/p>\n<p>Os chal\u00e9s possuem quarto,banheiro,uma pequena sala e cozinha,todos com uma decora\u00e7\u00e3o tipicamente da serra, com detalhes em madeira e m\u00f3veis r\u00fasticos.Os hot\u00e9is tamb\u00e9m possuem um centro de conven\u00e7\u00e3o ideal para realiza\u00e7\u00e3o de workshop, pr\u00e1ticas terap\u00eauticas, treinamentos, reuni\u00f5es, congressos e festas em geral.<\/p>\n<p><center><figure id=\"attachment_2357\" class=\"thumbnail wp-caption aligncenter\" style=\"width: 558px\"><a href=\"http:\/\/www.mapadehoteis.com.br\/hoteis\/mg\/conceicao-de-ibitipoca\/serra-do-ibitipoca-hotel-de-laser\/\" target=\"_blank\"><img data-recalc-dims=\"1\" loading=\"lazy\" decoding=\"async\" class=\"wp-image-2357\" src=\"https:\/\/i0.wp.com\/www.mapadehoteis.com.br\/blog\/wp-content\/uploads\/2015\/01\/serra-do-ibitipoca-de-lazer-5.jpg?resize=548%2C340\" alt=\"Serra do Ibitipoca Hotel de Lazer\" width=\"548\" height=\"340\" \/><\/a><figcaption class=\"caption wp-caption-text\">Serra do Ibitipoca Hotel de Lazer<\/figcaption><\/figure><\/center><\/p>\n<p>Os hot\u00e9is tamb\u00e9m s\u00e3o indicados para quem est\u00e1 a procura de um final de semana tranquilo, por possu\u00edrem restaurante e bar, piscina com cascata, piscina aquecida(podendo ser cobrado a parte), saunas seca e a vapor, sala de jogos, playground, quadras de v\u00f4lei e futebol, ofur\u00f4 (servi\u00e7o cobrado a parte), hidromassagem (servi\u00e7o cobrado a parte), pesque pague, \u00e1rea de shows e p\u00f4r-do-sol com churrasqueira,ideal para todo a fam\u00edlia.Desde 2000 o Serra de Ibitipoca Hotel e Laser tem sediado um dos melhores eventos de jazz, o Ibitipoca Jazz Festival, reunindo os melhores m\u00fasicos e sempre acompanhado de \u00f3tima gastronomia.<\/p>\n","protected":false},"excerpt":{"rendered":"<p>Para quem deseja um passeio ecol\u00f3gico, com paisagem natural e contato direto com a natureza, o Parque estadual do Ibitipoca tem toda a infraestrutura para proporcionar uma viagem inesquec\u00edvel. O parque est\u00e1 localizado na vila de Concei\u00e7\u00e3o do Ibitipoca no distrito de Lima Duarte \u00ad MG, sendo considerado pelo Traveller&#8217;s Choice 2013 , do site [&hellip;]<\/p>\n","protected":false},"author":1,"featured_media":2318,"comment_status":"open","ping_status":"open","sticky":false,"template":"","format":"standard","meta":{"_lmt_disableupdate":"","_lmt_disable":"","_sitemap_exclude":false,"_sitemap_priority":"","_sitemap_frequency":"","_uf_show_specific_survey":0,"_uf_disable_surveys":false,"footnotes":""},"categories":[72],"tags":[356,286,355],"class_list":["post-2310","post","type-post","status-publish","format-standard","has-post-thumbnail","hentry","category-turismo","tag-ibitipoca","tag-mg","tag-parque-estadual-ibitipoca"],"modified_by":"Leticia Carvalho","_links":{"self":[{"href":"https:\/\/www.mapadehoteis.com.br\/blog\/wp-json\/wp\/v2\/posts\/2310","targetHints":{"allow":["GET"]}}],"collection":[{"href":"https:\/\/www.mapadehoteis.com.br\/blog\/wp-json\/wp\/v2\/posts"}],"about":[{"href":"https:\/\/www.mapadehoteis.com.br\/blog\/wp-json\/wp\/v2\/types\/post"}],"author":[{"embeddable":true,"href":"https:\/\/www.mapadehoteis.com.br\/blog\/wp-json\/wp\/v2\/users\/1"}],"replies":[{"embeddable":true,"href":"https:\/\/www.mapadehoteis.com.br\/blog\/wp-json\/wp\/v2\/comments?post=2310"}],"version-history":[{"count":25,"href":"https:\/\/www.mapadehoteis.com.br\/blog\/wp-json\/wp\/v2\/posts\/2310\/revisions"}],"predecessor-version":[{"id":2365,"href":"https:\/\/www.mapadehoteis.com.br\/blog\/wp-json\/wp\/v2\/posts\/2310\/revisions\/2365"}],"wp:featuredmedia":[{"embeddable":true,"href":"https:\/\/www.mapadehoteis.com.br\/blog\/wp-json\/wp\/v2\/media\/2318"}],"wp:attachment":[{"href":"https:\/\/www.mapadehoteis.com.br\/blog\/wp-json\/wp\/v2\/media?parent=2310"}],"wp:term":[{"taxonomy":"category","embeddable":true,"href":"https:\/\/www.mapadehoteis.com.br\/blog\/wp-json\/wp\/v2\/categories?post=2310"},{"taxonomy":"post_tag","embeddable":true,"href":"https:\/\/www.mapadehoteis.com.br\/blog\/wp-json\/wp\/v2\/tags?post=2310"}],"curies":[{"name":"wp","href":"https:\/\/api.w.org\/{rel}","templated":true}]}}