{"id":2333,"date":"2025-02-19T14:28:43","date_gmt":"2025-02-19T17:28:43","guid":{"rendered":"http:\/\/www.mapadehoteis.com.br\/blog\/?p=2333"},"modified":"2025-02-21T13:02:47","modified_gmt":"2025-02-21T16:02:47","slug":"bloco-sargento-pimenta-pre-carnaval-em-sao-paulo","status":"publish","type":"post","link":"https:\/\/www.mapadehoteis.com.br\/blog\/carnaval\/bloco-sargento-pimenta-pre-carnaval-em-sao-paulo\/","title":{"rendered":"Carnaval 2025 Bloco Sargento Pimenta e Bangalafumenga"},"content":{"rendered":"<p style=\"text-align: left;\">J\u00e1 vi muitas pessoas comentarem sobre o Sargento Pimenta no Rio de Janeiro, e ele ficou t\u00e3o famoso que acabou acontecendo no <a href=\"https:\/\/www.mapadehoteis.com.br\/blog\/carnaval\/carnaval-em-sao-paulo-confira-atracoes-e-onde-se-hospedar\/\">carnaval de S\u00e3o Paulo<\/a> tamb\u00e9m. De tanto falarem fui l\u00e1 conferir se realmente \u00e9 tudo o que dizem ou se \u00e9 apenas propaganda.<\/p>\n<p>J\u00e1 \u00e9 um bloco garantido no pr\u00e9-Carnaval de S\u00e3o Paulo, e posso dizer que \u00e9 indicado at\u00e9 para quem n\u00e3o gosta de ficar ouvindo Ax\u00e9, Pagode e Funk o tempo todo, pois ele \u00e9 bem tradicional e a banda toca apenas m\u00fasicas dos Beatles com uma batida de samba. H\u00e1 quem diga ser um bloco um pouco elitista&#8230;mas eu n\u00e3o achei para tanto, inclusive amamos!<\/p>\n<div id=\"ez-toc-container\" class=\"ez-toc-v2_0_73 counter-hierarchy ez-toc-counter ez-toc-grey ez-toc-container-direction\">\n<div class=\"ez-toc-title-container\">\n<p class=\"ez-toc-title\" style=\"cursor:inherit\">Sum\u00e1rio<\/p>\n<span class=\"ez-toc-title-toggle\"><a href=\"#\" class=\"ez-toc-pull-right ez-toc-btn ez-toc-btn-xs ez-toc-btn-default ez-toc-toggle\" aria-label=\"Alternar tabela de conte\u00fado\"><span class=\"ez-toc-js-icon-con\"><span class=\"\"><span class=\"eztoc-hide\" style=\"display:none;\">Toggle<\/span><span class=\"ez-toc-icon-toggle-span\"><svg style=\"fill: #999;color:#999\" xmlns=\"http:\/\/www.w3.org\/2000\/svg\" class=\"list-377408\" width=\"20px\" height=\"20px\" viewBox=\"0 0 24 24\" fill=\"none\"><path d=\"M6 6H4v2h2V6zm14 0H8v2h12V6zM4 11h2v2H4v-2zm16 0H8v2h12v-2zM4 16h2v2H4v-2zm16 0H8v2h12v-2z\" fill=\"currentColor\"><\/path><\/svg><svg style=\"fill: #999;color:#999\" class=\"arrow-unsorted-368013\" xmlns=\"http:\/\/www.w3.org\/2000\/svg\" width=\"10px\" height=\"10px\" viewBox=\"0 0 24 24\" version=\"1.2\" baseProfile=\"tiny\"><path d=\"M18.2 9.3l-6.2-6.3-6.2 6.3c-.2.2-.3.4-.3.7s.1.5.3.7c.2.2.4.3.7.3h11c.3 0 .5-.1.7-.3.2-.2.3-.5.3-.7s-.1-.5-.3-.7zM5.8 14.7l6.2 6.3 6.2-6.3c.2-.2.3-.5.3-.7s-.1-.5-.3-.7c-.2-.2-.4-.3-.7-.3h-11c-.3 0-.5.1-.7.3-.2.2-.3.5-.3.7s.1.5.3.7z\"\/><\/svg><\/span><\/span><\/span><\/a><\/span><\/div>\n<nav><ul class='ez-toc-list ez-toc-list-level-1 ' ><li class='ez-toc-page-1 ez-toc-heading-level-2'><a class=\"ez-toc-link ez-toc-heading-1\" href=\"https:\/\/www.mapadehoteis.com.br\/blog\/carnaval\/bloco-sargento-pimenta-pre-carnaval-em-sao-paulo\/#O_Bloco_Sargento_Pimenta\" title=\"O Bloco Sargento Pimenta\">O Bloco Sargento Pimenta<\/a><\/li><li class='ez-toc-page-1 ez-toc-heading-level-2'><a class=\"ez-toc-link ez-toc-heading-2\" href=\"https:\/\/www.mapadehoteis.com.br\/blog\/carnaval\/bloco-sargento-pimenta-pre-carnaval-em-sao-paulo\/#O_que_e_o_Sargento_Pimenta_segundo_o_proprio_bloco\" title=\"O que \u00e9 o Sargento Pimenta, segundo o pr\u00f3prio bloco:\">O que \u00e9 o Sargento Pimenta, segundo o pr\u00f3prio bloco:<\/a><\/li><li class='ez-toc-page-1 ez-toc-heading-level-2'><a class=\"ez-toc-link ez-toc-heading-3\" href=\"https:\/\/www.mapadehoteis.com.br\/blog\/carnaval\/bloco-sargento-pimenta-pre-carnaval-em-sao-paulo\/#Programacao_Sargento_Pimenta_em_Sao_Paulo_2025\" title=\"Programa\u00e7\u00e3o Sargento Pimenta em S\u00e3o Paulo 2025\">Programa\u00e7\u00e3o Sargento Pimenta em S\u00e3o Paulo 2025<\/a><\/li><li class='ez-toc-page-1 ez-toc-heading-level-2'><a class=\"ez-toc-link ez-toc-heading-4\" href=\"https:\/\/www.mapadehoteis.com.br\/blog\/carnaval\/bloco-sargento-pimenta-pre-carnaval-em-sao-paulo\/#O_Bloco_Bangalafumenga\" title=\"O Bloco\u00a0Bangalafumenga\">O Bloco\u00a0Bangalafumenga<\/a><\/li><li class='ez-toc-page-1 ez-toc-heading-level-2'><a class=\"ez-toc-link ez-toc-heading-5\" href=\"https:\/\/www.mapadehoteis.com.br\/blog\/carnaval\/bloco-sargento-pimenta-pre-carnaval-em-sao-paulo\/#Onde_se_hospedar_para_curtir_os_blocos_de_SP\" title=\"Onde se hospedar para curtir os blocos de SP\">Onde se hospedar para curtir os blocos de SP<\/a><\/li><li class='ez-toc-page-1 ez-toc-heading-level-2'><a class=\"ez-toc-link ez-toc-heading-6\" href=\"https:\/\/www.mapadehoteis.com.br\/blog\/carnaval\/bloco-sargento-pimenta-pre-carnaval-em-sao-paulo\/#Ibis_Styles_SP_Faria_Lima\" title=\"Ibis Styles SP Faria Lima\">Ibis Styles SP Faria Lima<\/a><\/li><li class='ez-toc-page-1 ez-toc-heading-level-2'><a class=\"ez-toc-link ez-toc-heading-7\" href=\"https:\/\/www.mapadehoteis.com.br\/blog\/carnaval\/bloco-sargento-pimenta-pre-carnaval-em-sao-paulo\/#Nex_One_Faria_Lima\" title=\"Nex One Faria Lima\">Nex One Faria Lima<\/a><\/li><li class='ez-toc-page-1 ez-toc-heading-level-2'><a class=\"ez-toc-link ez-toc-heading-8\" href=\"https:\/\/www.mapadehoteis.com.br\/blog\/carnaval\/bloco-sargento-pimenta-pre-carnaval-em-sao-paulo\/#Hilton_Garden_Inn_Reboucas\" title=\"Hilton Garden Inn Rebou\u00e7as\">Hilton Garden Inn Rebou\u00e7as<\/a><\/li><\/ul><\/nav><\/div>\n<h2><span class=\"ez-toc-section\" id=\"O_Bloco_Sargento_Pimenta\"><\/span>O Bloco Sargento Pimenta<span class=\"ez-toc-section-end\"><\/span><\/h2>\n<p>A ideia surgiu em 2010, quando um grupo de amigos decidiu fundar seu pr\u00f3prio bloco. Sob a baqueta do s\u00f3lido m\u00e9tido de educa\u00e7\u00e3o musical &#8220;O Passo&#8221;, o conjunto evoluiu at\u00e9 a forma\u00e7\u00e3o que debutou no maior festival de rua do mundo.<\/p>\n<p>Al\u00e9m da sofistica\u00e7\u00e3o dos arranjos, o Sargento Pimenta inova no figurino, na arte visual e na din\u00e2mica das suas apresenta\u00e7\u00f5es, fazendo um espet\u00e1culo l\u00fadico e irreverente.<\/p>\n<p>O efeito cat\u00e1rtico e a como\u00e7\u00e3o do p\u00fablico comprovam o poder da m\u00fasica em unir os mais diferentes tipos de pessoas, ao mesmo tempo que relembram cl\u00e1ssicos do rock &#8216;old school&#8217;.<\/p>\n<p>As misturas deram certo e, em sua estreia no Carnaval de 2011, o grupo levou milhares de pessoas \u00e0s ruas de Botafogo, no Rio de Janeiro, atingindo marcas expressivas. Foi eleito o melhor bloco de rua do ano pelo voto popular, em concurso promovido pelo jornal <strong>O Globo<\/strong>.<\/p>\n<p><center><img data-recalc-dims=\"1\" loading=\"lazy\" decoding=\"async\" class=\"aligncenter wp-image-2340\" src=\"https:\/\/i0.wp.com\/www.mapadehoteis.com.br\/blog\/wp-content\/uploads\/2015\/01\/bloco-sargento-pimenta.jpg?resize=436%2C243\" alt=\"Bloco Sargento Pimenta\" width=\"436\" height=\"243\" \/><\/center><center><\/center>&nbsp;<\/p>\n<h2><span class=\"ez-toc-section\" id=\"O_que_e_o_Sargento_Pimenta_segundo_o_proprio_bloco\"><\/span>O que \u00e9 o Sargento Pimenta, segundo o pr\u00f3prio bloco:<span class=\"ez-toc-section-end\"><\/span><\/h2>\n<p>&#8220;O Sargento Pimenta \u00e9 um Bloco idealizado para unir mundos. Mistura os ritmos percussivos e a m\u00fasica dos Beatles, combinando tradi\u00e7\u00e3o carnavalesca e inova\u00e7\u00e3o tem\u00e1tica.<\/p>\n<p>Os Pimentas s\u00e3o integrantes de todas as idades, divididos entre a banda &#8211; com guitarras, baixo, cavaquinho, sopros e vocais &#8211; e a bateria, comporta por surdos, caixas, repiques, tamboris, agog\u00f4s e pandeirolas.<\/p>\n<p>Por onde passa, o Sargento potencializa as mensagens universais do Quarteto de Liverpool, contagiando a todos com seu batuque e sua alegria.<\/p>\n<p>Somos o Bloco do Sargento Pimenta.<\/p>\n<p>WE HOPE YOU WILL ENJOY THE SHOW!&#8221;<\/p>\n<h2><span class=\"ez-toc-section\" id=\"Programacao_Sargento_Pimenta_em_Sao_Paulo_2025\"><\/span>Programa\u00e7\u00e3o Sargento Pimenta em S\u00e3o Paulo 2025<span class=\"ez-toc-section-end\"><\/span><\/h2>\n<p>Em S\u00e3o Paulo tamb\u00e9m n\u00e3o deixou a desejar, \u00e9 realmente um bloco muito maior do que eu esperava e muito mais animado tamb\u00e9m. Fui em 2014 e foram mais ou menos umas 50 mil pessoas, recomendo!<\/p>\n<p>Em 2025 o Sargento Pimenta participa da programa\u00e7\u00e3o de pr\u00e9-Carnaval em S\u00e3o Paulo e no Rio de Janeiro durante a programa\u00e7\u00e3o oficial da folia. Minha recomenda\u00e7\u00e3o? N\u00e3o beba demais, n\u00e3o v\u00e1 com roupas apertadas pois sempre est\u00e1 muito calor e, de prefer\u00eancia, v\u00e1 fantasiado!<\/p>\n<p><strong>Data de sa\u00edda do bloco Sargento Pimenta:<\/strong><\/p>\n<ul>\n<li><strong>S\u00e3o Paulo:<\/strong> 23\/02\/2025<br \/>\n<strong>Onde?<\/strong> No Obelisco do Ibirapuera, \u00e0s 12h (concentra\u00e7\u00e3o a partir das 11h)<\/li>\n<li><strong>Rio de Janeiro: <\/strong>03\/03\/2025<strong><br \/>\n<\/strong><strong>Onde? <\/strong>No Aterro do Flamengo \u00e0s 10h<\/li>\n<\/ul>\n<p>Elis Regina, a eterna &#8220;Pimentinha&#8221;, ser\u00e1 homenageada no bloco. Elis gravou can\u00e7\u00f5es dos Beatles e ainda eternizou &#8220;Para Lennon e McCartney&#8221;, que ser\u00e1 tocada nos desfiles.<\/p>\n<h2><span class=\"ez-toc-section\" id=\"O_Bloco_Bangalafumenga\"><\/span>O Bloco\u00a0Bangalafumenga<span class=\"ez-toc-section-end\"><\/span><\/h2>\n<p>A bateria do Bangalafumenga conta com batidas diferentes,\u00a0\u00e9 uma banda brasileira surgida em 1998, conhecida por promover fus\u00f5es entre funk e samba e outros ritmos brasileiros. Primeiro foi criada a banda, no planet\u00e1rio do Rio de Janeiro e posteriormente virou um bloco carnavalesco come\u00e7ando a desfilar no Leblon. Recentemente o bloco passou a desfilar, tamb\u00e9m em S\u00e3o Paulo, mais precisamente no bairro do Sumar\u00e9<span style=\"font-size: 13.3333px;\">.<\/span><\/p>\n<p>&nbsp;<\/p>\n<p><center><iframe loading=\"lazy\" title=\"YouTube video player\" src=\"https:\/\/www.youtube.com\/embed\/4TkEPZ-ASl0?si=siVoES6Paz-Er6KW\" width=\"560\" height=\"315\" frameborder=\"0\" allowfullscreen=\"allowfullscreen\"><\/iframe><\/center><strong>Data de sa\u00edda do Bangalafumenga 2025:<\/strong><\/p>\n<ul>\n<li><strong>S\u00e3o Paulo:<\/strong> 22\/02\/2025<br \/>\n<strong>Onde?<\/strong> Av. Faria Lima com a Av.JK \u00e0s 13 horas<\/li>\n<li><strong>Rio de Janeiro:<\/strong> 02\/03\/2025<br \/>\n<strong>Onde?<\/strong> No Aterro do Flamengo \u00e0s 09h<\/li>\n<\/ul>\n<p>O cantor de piseiro <strong>Jo\u00e3o Gomes<\/strong> \u00e9 atra\u00e7\u00e3o confirmada na edi\u00e7\u00e3o de S\u00e3o Paulo com mais de 200 batuqueiros. O tema deste ano \u00e9 <strong>\u201cIsso Tudo \u00c9 Arte&#8221;. <\/strong>A produ\u00e7\u00e3o do bloco \u00e9 assinada pela\u00a0VOE, ag\u00eancia de\u00a0Live Marketing do Grupo 4ZERO4, e a realiza\u00e7\u00e3o em\u00a0<a href=\"https:\/\/abcdoabc.com.br\/noticias\/sao-paulo\/\">S\u00e3o Paulo<\/a>\u00a0\u00e9 da\u00a0Oficina, ag\u00eancia precursora do\u00a0Carnaval de Rua paulistano\u00a0e de\u00a0festas, espet\u00e1culos e eventos.<\/p>\n<p>Veja tamb\u00e9m: <a href=\"https:\/\/www.mapadehoteis.com.br\/blog\/carnaval\/melhores-bloquinhos-de-carnaval-de-sao-paulo-2024\/\"><strong>Melhores Blocos de carnaval de S\u00e3o Paulo<\/strong><\/a><\/p>\n<h2><span class=\"ez-toc-section\" id=\"Onde_se_hospedar_para_curtir_os_blocos_de_SP\"><\/span>Onde se hospedar para curtir os blocos de SP<span class=\"ez-toc-section-end\"><\/span><\/h2>\n<p>A nossa dica principal \u00e9 escolher uma hospedagem que seja pr\u00f3xima a uma esta\u00e7\u00e3o de metr\u00f4 para fugir do tr\u00e2nsito e tamb\u00e9m evitar os pre\u00e7os elevados dos aplicativos de transporte nessa \u00e9poca do ano, principalmente no retorno dos blocos carnavalescos.<\/p>\n<p>Confira abaixo nossa sele\u00e7\u00e3o de hot\u00e9is e aproveite!<\/p>\n<div class=\"hp__hotel-title pp-header\">\n<div id=\"hp_hotel_name\">\n<div data-capla-component-boundary=\"b-property-web-property-page\/PropertyHeaderName\" data-capla-hydration=\"0\">\n<h2 class=\"d2fee87262 pp-header__title\"><span class=\"ez-toc-section\" id=\"Ibis_Styles_SP_Faria_Lima\"><\/span>Ibis Styles SP Faria Lima<span class=\"ez-toc-section-end\"><\/span><\/h2>\n<p class=\"a53cbfa6de b3efd73f69\" data-testid=\"property-description\">O <a href=\"https:\/\/www.booking.com\/hotel\/br\/howard-johnson-faria-lima-inn-sao-paulo.pt-br.html?sid=7fd0ffdb7afb00309654df2c9e2ec394&amp;aid=370065&amp;ucfs=1&amp;checkin=2025-02-28&amp;checkout=2025-03-03&amp;dest_id=255978&amp;dest_type=landmark&amp;group_adults=1&amp;no_rooms=1&amp;group_children=0&amp;srpvid=1a8112e9904e0333&amp;srepoch=1740105835&amp;matching_block_id=28063905_94390383_1_34_0&amp;atlas_src=sr_iw_title\">Ibis Styles Sao Paulo Faria Lima<\/a> possui quartos com ar-condicionado, frigobar, cofre e telefone, mesa de trabalho, internet e TV a cabo. Voc\u00ea pode desfrutar de pratos da cozinha peruana e coquet\u00e9is no restaurante e bar da propriedade, que tamb\u00e9m serve pratos \u00e0 la carte para o almo\u00e7o e jantar.<\/p>\n<div id='gallery-1' class='gallery galleryid-2333 gallery-columns-3 gallery-size-medium'><figure class='gallery-item'>\n\t\t\t<div class='gallery-icon landscape'>\n\t\t\t\t<img loading=\"lazy\" decoding=\"async\" width=\"300\" height=\"225\" src=\"https:\/\/i0.wp.com\/www.mapadehoteis.com.br\/blog\/wp-content\/uploads\/2025\/02\/ibisfarialima1.jpg?fit=300%2C225&amp;ssl=1\" class=\"attachment-medium size-medium\" alt=\"fachada ibis styles faria lima em s\u00e3o paulo\" srcset=\"https:\/\/i0.wp.com\/www.mapadehoteis.com.br\/blog\/wp-content\/uploads\/2025\/02\/ibisfarialima1.jpg?w=1200&amp;ssl=1 1200w, https:\/\/i0.wp.com\/www.mapadehoteis.com.br\/blog\/wp-content\/uploads\/2025\/02\/ibisfarialima1.jpg?resize=300%2C225&amp;ssl=1 300w, https:\/\/i0.wp.com\/www.mapadehoteis.com.br\/blog\/wp-content\/uploads\/2025\/02\/ibisfarialima1.jpg?resize=648%2C486&amp;ssl=1 648w, https:\/\/i0.wp.com\/www.mapadehoteis.com.br\/blog\/wp-content\/uploads\/2025\/02\/ibisfarialima1.jpg?resize=768%2C576&amp;ssl=1 768w, https:\/\/i0.wp.com\/www.mapadehoteis.com.br\/blog\/wp-content\/uploads\/2025\/02\/ibisfarialima1.jpg?resize=150%2C113&amp;ssl=1 150w\" sizes=\"auto, (max-width: 300px) 100vw, 300px\" \/>\n\t\t\t<\/div><\/figure><figure class='gallery-item'>\n\t\t\t<div class='gallery-icon landscape'>\n\t\t\t\t<img loading=\"lazy\" decoding=\"async\" width=\"300\" height=\"225\" src=\"https:\/\/i0.wp.com\/www.mapadehoteis.com.br\/blog\/wp-content\/uploads\/2025\/02\/ibisfarialima.jpg?fit=300%2C225&amp;ssl=1\" class=\"attachment-medium size-medium\" alt=\"quarto ibis styles faria lima sp\" srcset=\"https:\/\/i0.wp.com\/www.mapadehoteis.com.br\/blog\/wp-content\/uploads\/2025\/02\/ibisfarialima.jpg?w=1200&amp;ssl=1 1200w, https:\/\/i0.wp.com\/www.mapadehoteis.com.br\/blog\/wp-content\/uploads\/2025\/02\/ibisfarialima.jpg?resize=300%2C225&amp;ssl=1 300w, https:\/\/i0.wp.com\/www.mapadehoteis.com.br\/blog\/wp-content\/uploads\/2025\/02\/ibisfarialima.jpg?resize=648%2C486&amp;ssl=1 648w, https:\/\/i0.wp.com\/www.mapadehoteis.com.br\/blog\/wp-content\/uploads\/2025\/02\/ibisfarialima.jpg?resize=768%2C576&amp;ssl=1 768w, https:\/\/i0.wp.com\/www.mapadehoteis.com.br\/blog\/wp-content\/uploads\/2025\/02\/ibisfarialima.jpg?resize=150%2C113&amp;ssl=1 150w\" sizes=\"auto, (max-width: 300px) 100vw, 300px\" \/>\n\t\t\t<\/div><\/figure><figure class='gallery-item'>\n\t\t\t<div class='gallery-icon landscape'>\n\t\t\t\t<img loading=\"lazy\" decoding=\"async\" width=\"300\" height=\"225\" src=\"https:\/\/i0.wp.com\/www.mapadehoteis.com.br\/blog\/wp-content\/uploads\/2025\/02\/ibisfarialima2.jpg?fit=300%2C225&amp;ssl=1\" class=\"attachment-medium size-medium\" alt=\"recep\u00e7\u00e3o ibis styles faria lima em s\u00e3o paulo\" srcset=\"https:\/\/i0.wp.com\/www.mapadehoteis.com.br\/blog\/wp-content\/uploads\/2025\/02\/ibisfarialima2.jpg?w=1200&amp;ssl=1 1200w, https:\/\/i0.wp.com\/www.mapadehoteis.com.br\/blog\/wp-content\/uploads\/2025\/02\/ibisfarialima2.jpg?resize=300%2C225&amp;ssl=1 300w, https:\/\/i0.wp.com\/www.mapadehoteis.com.br\/blog\/wp-content\/uploads\/2025\/02\/ibisfarialima2.jpg?resize=648%2C486&amp;ssl=1 648w, https:\/\/i0.wp.com\/www.mapadehoteis.com.br\/blog\/wp-content\/uploads\/2025\/02\/ibisfarialima2.jpg?resize=768%2C576&amp;ssl=1 768w, https:\/\/i0.wp.com\/www.mapadehoteis.com.br\/blog\/wp-content\/uploads\/2025\/02\/ibisfarialima2.jpg?resize=150%2C113&amp;ssl=1 150w\" sizes=\"auto, (max-width: 300px) 100vw, 300px\" \/>\n\t\t\t<\/div><\/figure>\n\t\t<\/div>\n\n<p style=\"text-align: center;\"><a class=\"botao_conversao\" href=\"https:\/\/www.booking.com\/hotel\/br\/howard-johnson-faria-lima-inn-sao-paulo.pt-br.html?aid=370065;sid=2d079d96f3eb098303f105213c9af4be;dcid=1#availability_target\">Consultar Reserva<\/a><\/p>\n<\/div>\n<\/div>\n<\/div>\n<p>&nbsp;<\/p>\n<h2 class=\"d2fee87262 pp-header__title\"><span class=\"ez-toc-section\" id=\"Nex_One_Faria_Lima\"><\/span>Nex One Faria Lima<span class=\"ez-toc-section-end\"><\/span><\/h2>\n<p><a href=\"https:\/\/www.booking.com\/hotel\/br\/nex-one-faria-lima.pt-br.html?sid=7fd0ffdb7afb00309654df2c9e2ec394&amp;aid=370065&amp;ucfs=1&amp;checkin=2025-02-28&amp;checkout=2025-03-03&amp;dest_id=255978&amp;dest_type=landmark&amp;group_adults=1&amp;no_rooms=1&amp;group_children=0&amp;srpvid=1a8112e9904e0333&amp;srepoch=1740106485&amp;matching_block_id=1338157102_408092187_2_0_0&amp;atlas_src=sr_iw_title\">Nex One Faria Lima<\/a> \u00e9 um apartamento que, al\u00e9m de ser pr\u00f3ximo ao metr\u00f4, possui piscina ao ar livre, Wi-Fi e recep\u00e7\u00e3o 24 horas. Com vista para a cidade, o apartamento tamb\u00e9m conta com com ar-condicionado, TV de tela plana, espa\u00e7o para refei\u00e7\u00f5es, cozinha com geladeira e forno.<\/p>\n<div id='gallery-2' class='gallery galleryid-2333 gallery-columns-3 gallery-size-medium'><figure class='gallery-item'>\n\t\t\t<div class='gallery-icon landscape'>\n\t\t\t\t<img loading=\"lazy\" decoding=\"async\" width=\"300\" height=\"225\" src=\"https:\/\/i0.wp.com\/www.mapadehoteis.com.br\/blog\/wp-content\/uploads\/2025\/02\/nextone.jpg?fit=300%2C225&amp;ssl=1\" class=\"attachment-medium size-medium\" alt=\"fachada do next one faria lima\" srcset=\"https:\/\/i0.wp.com\/www.mapadehoteis.com.br\/blog\/wp-content\/uploads\/2025\/02\/nextone.jpg?w=1024&amp;ssl=1 1024w, https:\/\/i0.wp.com\/www.mapadehoteis.com.br\/blog\/wp-content\/uploads\/2025\/02\/nextone.jpg?resize=300%2C225&amp;ssl=1 300w, https:\/\/i0.wp.com\/www.mapadehoteis.com.br\/blog\/wp-content\/uploads\/2025\/02\/nextone.jpg?resize=648%2C486&amp;ssl=1 648w, https:\/\/i0.wp.com\/www.mapadehoteis.com.br\/blog\/wp-content\/uploads\/2025\/02\/nextone.jpg?resize=768%2C576&amp;ssl=1 768w, https:\/\/i0.wp.com\/www.mapadehoteis.com.br\/blog\/wp-content\/uploads\/2025\/02\/nextone.jpg?resize=150%2C113&amp;ssl=1 150w\" sizes=\"auto, (max-width: 300px) 100vw, 300px\" \/>\n\t\t\t<\/div><\/figure><figure class='gallery-item'>\n\t\t\t<div class='gallery-icon landscape'>\n\t\t\t\t<img loading=\"lazy\" decoding=\"async\" width=\"300\" height=\"225\" src=\"https:\/\/i0.wp.com\/www.mapadehoteis.com.br\/blog\/wp-content\/uploads\/2025\/02\/nextone1.jpg?fit=300%2C225&amp;ssl=1\" class=\"attachment-medium size-medium\" alt=\"piscina do next one faria lima\" srcset=\"https:\/\/i0.wp.com\/www.mapadehoteis.com.br\/blog\/wp-content\/uploads\/2025\/02\/nextone1.jpg?w=1024&amp;ssl=1 1024w, https:\/\/i0.wp.com\/www.mapadehoteis.com.br\/blog\/wp-content\/uploads\/2025\/02\/nextone1.jpg?resize=300%2C225&amp;ssl=1 300w, https:\/\/i0.wp.com\/www.mapadehoteis.com.br\/blog\/wp-content\/uploads\/2025\/02\/nextone1.jpg?resize=648%2C486&amp;ssl=1 648w, https:\/\/i0.wp.com\/www.mapadehoteis.com.br\/blog\/wp-content\/uploads\/2025\/02\/nextone1.jpg?resize=768%2C576&amp;ssl=1 768w, https:\/\/i0.wp.com\/www.mapadehoteis.com.br\/blog\/wp-content\/uploads\/2025\/02\/nextone1.jpg?resize=150%2C113&amp;ssl=1 150w\" sizes=\"auto, (max-width: 300px) 100vw, 300px\" \/>\n\t\t\t<\/div><\/figure><figure class='gallery-item'>\n\t\t\t<div class='gallery-icon landscape'>\n\t\t\t\t<img loading=\"lazy\" decoding=\"async\" width=\"300\" height=\"225\" src=\"https:\/\/i0.wp.com\/www.mapadehoteis.com.br\/blog\/wp-content\/uploads\/2025\/02\/nextone2.jpg?fit=300%2C225&amp;ssl=1\" class=\"attachment-medium size-medium\" alt=\"quarto next one faria lima\" srcset=\"https:\/\/i0.wp.com\/www.mapadehoteis.com.br\/blog\/wp-content\/uploads\/2025\/02\/nextone2.jpg?w=1024&amp;ssl=1 1024w, https:\/\/i0.wp.com\/www.mapadehoteis.com.br\/blog\/wp-content\/uploads\/2025\/02\/nextone2.jpg?resize=300%2C225&amp;ssl=1 300w, https:\/\/i0.wp.com\/www.mapadehoteis.com.br\/blog\/wp-content\/uploads\/2025\/02\/nextone2.jpg?resize=648%2C486&amp;ssl=1 648w, https:\/\/i0.wp.com\/www.mapadehoteis.com.br\/blog\/wp-content\/uploads\/2025\/02\/nextone2.jpg?resize=768%2C576&amp;ssl=1 768w, https:\/\/i0.wp.com\/www.mapadehoteis.com.br\/blog\/wp-content\/uploads\/2025\/02\/nextone2.jpg?resize=150%2C113&amp;ssl=1 150w\" sizes=\"auto, (max-width: 300px) 100vw, 300px\" \/>\n\t\t\t<\/div><\/figure>\n\t\t<\/div>\n\n<p style=\"text-align: center;\"><a class=\"botao_conversao\" href=\"https:\/\/www.booking.com\/hotel\/br\/nex-one-faria-lima.pt-br.html?aid=370065;sid=2d079d96f3eb098303f105213c9af4be;dcid=1#availability_target\">Consultar Reserva<\/a><\/p>\n<h2 class=\"d2fee87262 pp-header__title\"><span class=\"ez-toc-section\" id=\"Hilton_Garden_Inn_Reboucas\"><\/span>Hilton Garden Inn Rebou\u00e7as<span class=\"ez-toc-section-end\"><\/span><\/h2>\n<p>Esta op\u00e7\u00e3o \u00e9 para aqueles que n\u00e3o dispensam um luxo e conforto. O <a href=\"https:\/\/www.booking.com\/hotel\/br\/hilton-garden-inn-reboucas.pt-br.html?sid=7fd0ffdb7afb00309654df2c9e2ec394&amp;aid=370065&amp;ucfs=1&amp;checkin=2025-02-28&amp;checkout=2025-03-03&amp;dest_id=255978&amp;dest_type=landmark&amp;group_adults=1&amp;no_rooms=1&amp;group_children=0&amp;srpvid=1a8112e9904e0333&amp;srepoch=1740107247&amp;matching_block_id=772617602_335197460_1_1_0&amp;atlas_src=sr_iw_title\">Hilton Garden Inn Rebou\u00e7as<\/a> \u00e9 um hotel 4 estrelas que fica a poucos metros da esta\u00e7\u00e3o de metr\u00f4 Fradique Coutinho. Disp\u00f5e de restaurante, academia, bar, recep\u00e7\u00e3o 24 horas e estacionamento (pago a parte).<\/p>\n<p>Os quartos do hotel est\u00e3o equipados com TV de tela plana e tomadas 220V em todo o hotel. O hotel tamb\u00e9m oferece buffet de caf\u00e9 da manh\u00e3 diariamente.<\/p>\n<div id='gallery-3' class='gallery galleryid-2333 gallery-columns-3 gallery-size-medium'><figure class='gallery-item'>\n\t\t\t<div class='gallery-icon landscape'>\n\t\t\t\t<img loading=\"lazy\" decoding=\"async\" width=\"300\" height=\"200\" src=\"https:\/\/i0.wp.com\/www.mapadehoteis.com.br\/blog\/wp-content\/uploads\/2025\/02\/hiltongarden.jpg?fit=300%2C200&amp;ssl=1\" class=\"attachment-medium size-medium\" alt=\"hotel hilton garden inn\" srcset=\"https:\/\/i0.wp.com\/www.mapadehoteis.com.br\/blog\/wp-content\/uploads\/2025\/02\/hiltongarden.jpg?w=1280&amp;ssl=1 1280w, https:\/\/i0.wp.com\/www.mapadehoteis.com.br\/blog\/wp-content\/uploads\/2025\/02\/hiltongarden.jpg?resize=300%2C200&amp;ssl=1 300w, https:\/\/i0.wp.com\/www.mapadehoteis.com.br\/blog\/wp-content\/uploads\/2025\/02\/hiltongarden.jpg?resize=648%2C431&amp;ssl=1 648w, https:\/\/i0.wp.com\/www.mapadehoteis.com.br\/blog\/wp-content\/uploads\/2025\/02\/hiltongarden.jpg?resize=768%2C511&amp;ssl=1 768w, https:\/\/i0.wp.com\/www.mapadehoteis.com.br\/blog\/wp-content\/uploads\/2025\/02\/hiltongarden.jpg?resize=150%2C100&amp;ssl=1 150w\" sizes=\"auto, (max-width: 300px) 100vw, 300px\" \/>\n\t\t\t<\/div><\/figure><figure class='gallery-item'>\n\t\t\t<div class='gallery-icon landscape'>\n\t\t\t\t<img loading=\"lazy\" decoding=\"async\" width=\"300\" height=\"200\" src=\"https:\/\/i0.wp.com\/www.mapadehoteis.com.br\/blog\/wp-content\/uploads\/2025\/02\/hiltongarden1.jpg?fit=300%2C200&amp;ssl=1\" class=\"attachment-medium size-medium\" alt=\"quarto do hotel hilton garden inn\" srcset=\"https:\/\/i0.wp.com\/www.mapadehoteis.com.br\/blog\/wp-content\/uploads\/2025\/02\/hiltongarden1.jpg?w=1280&amp;ssl=1 1280w, https:\/\/i0.wp.com\/www.mapadehoteis.com.br\/blog\/wp-content\/uploads\/2025\/02\/hiltongarden1.jpg?resize=300%2C200&amp;ssl=1 300w, https:\/\/i0.wp.com\/www.mapadehoteis.com.br\/blog\/wp-content\/uploads\/2025\/02\/hiltongarden1.jpg?resize=648%2C431&amp;ssl=1 648w, https:\/\/i0.wp.com\/www.mapadehoteis.com.br\/blog\/wp-content\/uploads\/2025\/02\/hiltongarden1.jpg?resize=768%2C511&amp;ssl=1 768w, https:\/\/i0.wp.com\/www.mapadehoteis.com.br\/blog\/wp-content\/uploads\/2025\/02\/hiltongarden1.jpg?resize=150%2C100&amp;ssl=1 150w\" sizes=\"auto, (max-width: 300px) 100vw, 300px\" \/>\n\t\t\t<\/div><\/figure><figure class='gallery-item'>\n\t\t\t<div class='gallery-icon landscape'>\n\t\t\t\t<img loading=\"lazy\" decoding=\"async\" width=\"300\" height=\"200\" src=\"https:\/\/i0.wp.com\/www.mapadehoteis.com.br\/blog\/wp-content\/uploads\/2025\/02\/hiltoninn2.jpg?fit=300%2C200&amp;ssl=1\" class=\"attachment-medium size-medium\" alt=\"banheiro do quarto do hotel hilton garden inn\" srcset=\"https:\/\/i0.wp.com\/www.mapadehoteis.com.br\/blog\/wp-content\/uploads\/2025\/02\/hiltoninn2.jpg?w=1280&amp;ssl=1 1280w, https:\/\/i0.wp.com\/www.mapadehoteis.com.br\/blog\/wp-content\/uploads\/2025\/02\/hiltoninn2.jpg?resize=300%2C200&amp;ssl=1 300w, https:\/\/i0.wp.com\/www.mapadehoteis.com.br\/blog\/wp-content\/uploads\/2025\/02\/hiltoninn2.jpg?resize=648%2C431&amp;ssl=1 648w, https:\/\/i0.wp.com\/www.mapadehoteis.com.br\/blog\/wp-content\/uploads\/2025\/02\/hiltoninn2.jpg?resize=768%2C511&amp;ssl=1 768w, https:\/\/i0.wp.com\/www.mapadehoteis.com.br\/blog\/wp-content\/uploads\/2025\/02\/hiltoninn2.jpg?resize=150%2C100&amp;ssl=1 150w\" sizes=\"auto, (max-width: 300px) 100vw, 300px\" \/>\n\t\t\t<\/div><\/figure>\n\t\t<\/div>\n\n<p style=\"text-align: center;\"><a class=\"botao_conversao\" href=\"https:\/\/www.booking.com\/hotel\/br\/hilton-garden-inn-reboucas.pt-br.html?aid=370065;sid=2d079d96f3eb098303f105213c9af4be;dcid=1#availability_target\">Consultar Reserva<\/a><\/p>\n<p>Bom Carnaval a todos! Bebam \u00e1gua e divirtam-se.<\/p>\n","protected":false},"excerpt":{"rendered":"<p>J\u00e1 vi muitas pessoas comentarem sobre o Sargento Pimenta no Rio de Janeiro, e ele ficou t\u00e3o famoso que acabou acontecendo no carnaval de S\u00e3o Paulo tamb\u00e9m. De tanto falarem fui l\u00e1 conferir se realmente \u00e9 tudo o que dizem ou se \u00e9 apenas propaganda. J\u00e1 \u00e9 um bloco garantido no pr\u00e9-Carnaval de S\u00e3o Paulo, [&hellip;]<\/p>\n","protected":false},"author":1,"featured_media":3670,"comment_status":"open","ping_status":"open","sticky":false,"template":"","format":"standard","meta":{"_lmt_disableupdate":"","_lmt_disable":"","_sitemap_exclude":false,"_sitemap_priority":"","_sitemap_frequency":"","_uf_show_specific_survey":0,"_uf_disable_surveys":false,"footnotes":""},"categories":[154],"tags":[515,357,516,1290,1380,424,302],"class_list":["post-2333","post","type-post","status-publish","format-standard","has-post-thumbnail","hentry","category-carnaval","tag-bangalafumenga","tag-bloco-sargento-pimenta","tag-blocos-de-carnaval","tag-carnaval","tag-carnaval-2025","tag-sao-paulo","tag-sp"],"modified_by":"Anna Balvetti","_links":{"self":[{"href":"https:\/\/www.mapadehoteis.com.br\/blog\/wp-json\/wp\/v2\/posts\/2333","targetHints":{"allow":["GET"]}}],"collection":[{"href":"https:\/\/www.mapadehoteis.com.br\/blog\/wp-json\/wp\/v2\/posts"}],"about":[{"href":"https:\/\/www.mapadehoteis.com.br\/blog\/wp-json\/wp\/v2\/types\/post"}],"author":[{"embeddable":true,"href":"https:\/\/www.mapadehoteis.com.br\/blog\/wp-json\/wp\/v2\/users\/1"}],"replies":[{"embeddable":true,"href":"https:\/\/www.mapadehoteis.com.br\/blog\/wp-json\/wp\/v2\/comments?post=2333"}],"version-history":[{"count":51,"href":"https:\/\/www.mapadehoteis.com.br\/blog\/wp-json\/wp\/v2\/posts\/2333\/revisions"}],"predecessor-version":[{"id":5810,"href":"https:\/\/www.mapadehoteis.com.br\/blog\/wp-json\/wp\/v2\/posts\/2333\/revisions\/5810"}],"wp:featuredmedia":[{"embeddable":true,"href":"https:\/\/www.mapadehoteis.com.br\/blog\/wp-json\/wp\/v2\/media\/3670"}],"wp:attachment":[{"href":"https:\/\/www.mapadehoteis.com.br\/blog\/wp-json\/wp\/v2\/media?parent=2333"}],"wp:term":[{"taxonomy":"category","embeddable":true,"href":"https:\/\/www.mapadehoteis.com.br\/blog\/wp-json\/wp\/v2\/categories?post=2333"},{"taxonomy":"post_tag","embeddable":true,"href":"https:\/\/www.mapadehoteis.com.br\/blog\/wp-json\/wp\/v2\/tags?post=2333"}],"curies":[{"name":"wp","href":"https:\/\/api.w.org\/{rel}","templated":true}]}}