{"id":2545,"date":"2025-02-02T13:40:12","date_gmt":"2025-02-02T16:40:12","guid":{"rendered":"http:\/\/www.mapadehoteis.com.br\/blog\/?p=2545"},"modified":"2025-02-10T23:14:02","modified_gmt":"2025-02-11T02:14:02","slug":"onde-se-hospedar-no-carnaval-rio-de-janeiro","status":"publish","type":"post","link":"https:\/\/www.mapadehoteis.com.br\/blog\/carnaval\/onde-se-hospedar-no-carnaval-rio-de-janeiro\/","title":{"rendered":"Carnaval do Rio de Janeiro 2025: Veja Hot\u00e9is e a Programa\u00e7\u00e3o"},"content":{"rendered":"<p>O Carnaval do Rio de Janeiro \u00e9 um dos maiores e mais famosos eventos carnavalescos do mundo. Realizado anualmente, a festa atrai milh\u00f5es de turistas e locais, celebrando a cultura vibrante e a diversidade do Brasil. Os desfiles das escolas de samba na <strong>Marqu\u00eas de Sapuca\u00ed<\/strong> s\u00e3o o ponto alto, onde agremia\u00e7\u00f5es competem com elaborados carros aleg\u00f3ricos, fantasias luxuosas e performances coreografadas.<\/p>\n<p>A m\u00fasica, a dan\u00e7a e a alegria contagiantes s\u00e3o marcas registradas desse evento, tornando o Carnaval do Rio de Janeiro uma experi\u00eancia \u00fanica e inesquec\u00edvel. O Mapa de Hot\u00e9is vem para apresentar os melhores lugares para se hospedar!<\/p>\n<h6 style=\"text-align: center;\"><img data-recalc-dims=\"1\" loading=\"lazy\" decoding=\"async\" class=\"wp-image-5622 aligncenter\" src=\"https:\/\/i0.wp.com\/www.mapadehoteis.com.br\/blog\/wp-content\/uploads\/2020\/01\/Captura-de-Tela-2025-01-14-as-21.21.09.png?resize=474%2C264&#038;ssl=1\" alt=\"Carnaval 2024 desfile da Viradouro\" width=\"474\" height=\"264\" srcset=\"https:\/\/i0.wp.com\/www.mapadehoteis.com.br\/blog\/wp-content\/uploads\/2020\/01\/Captura-de-Tela-2025-01-14-as-21.21.09.png?resize=300%2C167&amp;ssl=1 300w, https:\/\/i0.wp.com\/www.mapadehoteis.com.br\/blog\/wp-content\/uploads\/2020\/01\/Captura-de-Tela-2025-01-14-as-21.21.09.png?resize=648%2C360&amp;ssl=1 648w, https:\/\/i0.wp.com\/www.mapadehoteis.com.br\/blog\/wp-content\/uploads\/2020\/01\/Captura-de-Tela-2025-01-14-as-21.21.09.png?resize=768%2C427&amp;ssl=1 768w, https:\/\/i0.wp.com\/www.mapadehoteis.com.br\/blog\/wp-content\/uploads\/2020\/01\/Captura-de-Tela-2025-01-14-as-21.21.09.png?resize=150%2C83&amp;ssl=1 150w, https:\/\/i0.wp.com\/www.mapadehoteis.com.br\/blog\/wp-content\/uploads\/2020\/01\/Captura-de-Tela-2025-01-14-as-21.21.09.png?w=1460&amp;ssl=1 1460w, https:\/\/i0.wp.com\/www.mapadehoteis.com.br\/blog\/wp-content\/uploads\/2020\/01\/Captura-de-Tela-2025-01-14-as-21.21.09.png?w=1296&amp;ssl=1 1296w\" sizes=\"auto, (max-width: 474px) 100vw, 474px\" \/><br \/>\n<em><span class=\"featured-image__credit\">Foto: CL\u00c9BER MENDES\/AG\u00caNCIA O DIA\/AG\u00caNCIA O DIA\/ESTAD\u00c3O CONTE\u00daDO<\/span><\/em><\/h6>\n<h2>Programa\u00e7\u00e3o da Marqu\u00eas do Sapuca\u00ed 2025<\/h2>\n<p>A festa come\u00e7ar\u00e1 no dia <strong>28 de fevereiro de<\/strong> <strong>2025, com o primeiro dia de desfile do Grupo de Acesso. <\/strong>O Samb\u00f3dromo \u00e9 dividido em setores numerados de 1 a 13, organizados em lados pares e \u00edmpares:<\/p>\n<ul>\n<li><strong>Lado Par:<\/strong>\n<ul>\n<li>Pr\u00f3ximo \u00e0 esta\u00e7\u00e3o de metr\u00f4 da Pra\u00e7a Onze.<\/li>\n<li>Inclui os setores 2, 4, 6, 8, 10 e 12.<\/li>\n<\/ul>\n<\/li>\n<li><strong>Lado \u00cdmpar:<\/strong>\n<ul>\n<li>Pr\u00f3ximo \u00e0 esta\u00e7\u00e3o de metr\u00f4 Central.<\/li>\n<li>Inclui os setores 3, 5, 7, 9, 11 e 13.<\/li>\n<\/ul>\n<\/li>\n<\/ul>\n<p>Cada setor oferece diferentes tipos de acomoda\u00e7\u00f5es, como arquibancadas, frisas e camarotes, proporcionando variadas experi\u00eancias aos espectadores. <span class=\"oXzekf\" data-huuid=\"11856233402022797993\">Os ingressos para o Carnaval do Rio de Janeiro em 2025 custam\u00a0entre R$ 95 e R$ 230, dependendo do setor escolhido.\u00a0<\/span><span class=\"oXzekf\" data-huuid=\"11856233402022799254\">Al\u00e9m dos ingressos avulsos, tamb\u00e9m \u00e9 poss\u00edvel comprar o Passaporte Rio Carnaval, que d\u00e1 acesso aos tr\u00eas dias de desfiles, pelo valor de R$450,00.\u00a0<\/span><\/p>\n<p>Se optar por curtir em um camarote, os<span data-huuid=\"15696815513960248255\"> pre\u00e7os podem variar entre R$ 2.990 e R$ 9.000.\u00a0<\/span><span data-huuid=\"15696815513960250204\">O valor depende do camarote escolhido e do dia do desfile. <\/span><\/p>\n<p><span data-huuid=\"15696815513960250006\">Os camarotes mais badalados s\u00e3o mais caros. <\/span><span data-huuid=\"15696815513960247859\">Alguns dos camarotes mais conhecidos do Rio de Janeiro s\u00e3o:\u00a0<\/span><span data-huuid=\"12263015478495824519\">Camarote N1, Nosso Camarote, Camarote da Arara, Allegria, Camarote Folia Tropical.<span class=\"pjBG2e\" data-cid=\"f5b11ba9-1eb8-4ad4-987d-52f54eed64eb\"><span class=\"UV3uM\"> Todos oferecem vista privilegiada, open food e open bar.<\/span><\/span><\/span><\/p>\n<div class=\"WaaZC\">\n<div class=\"RJPOee EIJn2\">\n<div class=\"rPeykc\" data-hveid=\"CAwQAQ\" data-ved=\"2ahUKEwiou_PtuPaKAxV4E7kGHYYxAdMQo_EKegQIDBAB\">\n<div class=\"NPrrbc\" data-cid=\"f5b11ba9-1eb8-4ad4-987d-52f54eed64eb\" data-uuids=\"15696815513960250006,15696815513960247859,12263015478495824519\">\n<div class=\"BMebGe btku5b fCrZyc LwdV0e FR7ZSc OJeuxf\" tabindex=\"0\" role=\"button\" aria-label=\"Mostrar links relacionados\" data-hveid=\"CAcQAQ\" data-ved=\"2ahUKEwiou_PtuPaKAxV4E7kGHYYxAdMQ3fYKegQIBxAB\">\n<div class=\"niO4u\">\n<div class=\"kHtcsd\"><\/div>\n<\/div>\n<\/div>\n<\/div>\n<\/div>\n<\/div>\n<\/div>\n<h3>Ordem dos Desfiles Grupo Especial<\/h3>\n<p><strong>2 de mar\u00e7o (domingo):<\/strong><\/p>\n<p>22:00 \u2013 Unidos de Padre Miguel<\/p>\n<p>23:30 \u2013 Imperatriz<\/p>\n<p>01:00 \u2013 Viradouro<\/p>\n<p>02:30 \u2013 Mangueira<\/p>\n<p><strong>3 de mar\u00e7o (segunda-feira):<\/strong><\/p>\n<p>22:00 \u2013 Unidos da Tijuca<\/p>\n<p>23:30 \u2013 Beija-Flor<\/p>\n<p>01:00 \u2013 Salgueiro<\/p>\n<p>02:30 \u2013 Vila Isabel<\/p>\n<p><strong>4 de mar\u00e7o (ter\u00e7a-feira):<\/strong><\/p>\n<p>22:00 \u2013 Mocidade<\/p>\n<p>23:30 \u2013 Para\u00edso do Tuiuti<\/p>\n<p>01:00 \u2013 Grande Rio<\/p>\n<p>02:30 \u2013 Portela<\/p>\n<p>&nbsp;<\/p>\n<p>O desfile das Campe\u00e3s acontecer\u00e1 no dia 8 de mar\u00e7o (s\u00e1bado), a partir das 22:00 horas.<\/p>\n<p>&nbsp;<\/p>\n<h2>Hot\u00e9is para se hospedar no Carnaval Rio<\/h2>\n<p>Existe uma lista imensa de <a href=\"https:\/\/www.mapadehoteis.com.br\/hoteis\/rj\/rio-de-janeiro\/\" data-internallinksmanager029f6b8e52c=\"2\" title=\"hoteis no rio\" target=\"_blank\" rel=\"noopener\">Hot\u00e9is no Rio de Janeiro<\/a>, mas iremos indicar para voc\u00eas hospedagens que oferecem exatamente o que voc\u00ea precisa para curtir o carnaval tais como localiza\u00e7\u00e3o, estrutura e comodidades.<\/p>\n<p>O <strong><a title=\"Arosa Rio Hotel\" href=\"https:\/\/www.mapadehoteis.com.br\/hoteis\/rj\/rio-de-janeiro\/arosa-rio-hotel\/\">Arosa Rio Hotel <\/a><\/strong>fica localizado a 1 quil\u00f4metro do Samb\u00f3dromo. Aconchegante e moderno, seus quartos possuem ar-condicionado e WiFi gratuito, incluindo tamb\u00e9m sof\u00e1s, frigobar e uma TV de LCD. Seu estacionamento \u00e9 gr\u00e1tis, dando ao foli\u00e3o toda a seguran\u00e7a necess\u00e1ria para curtir o carnaval tranquilo. Al\u00e9m dessas comodidades o hotel ainda com conta com um delicioso buffet de caf\u00e9 da manh\u00e3, com variedade de frutas, sucos, p\u00e3es e frios, seu card\u00e1pio ainda conta especialidades nacionais e internacionais, al\u00e9m de coquet\u00e9is especiais. E para quem deseja chegar ao rio de avi\u00e3o, o Aeroporto Santos Dumont localiza-se a apenas 4 quil\u00f4metros de distancia do hotel.<\/p>\n<p><center><img data-recalc-dims=\"1\" loading=\"lazy\" decoding=\"async\" class=\"aligncenter wp-image-2551\" src=\"https:\/\/i0.wp.com\/www.mapadehoteis.com.br\/blog\/wp-content\/uploads\/2015\/01\/arosa-rio-hotel-5.jpg?resize=648%2C335\" alt=\"arosa rio hotel\" width=\"648\" height=\"335\" \/><\/center>&nbsp;<\/p>\n<p>O <a title=\"Hotel Gal\u00edcia\" href=\"https:\/\/www.mapadehoteis.com.br\/hoteis\/rj\/rio-de-janeiro\/hotel-galicia\/\"><strong>Hotel Gal\u00edcia<\/strong><\/a> tamb\u00e9m est\u00e1 localizada a 1 quil\u00f4metro da Marqu\u00eas do Sapuca\u00ed e conta com quartos climatizados ,TV a cabo, e banheiros privativos. Possui \u00a0estacionamento e WiFi gr\u00e1tis.<\/p>\n<p><center><img data-recalc-dims=\"1\" loading=\"lazy\" decoding=\"async\" class=\"aligncenter wp-image-2554\" src=\"https:\/\/i0.wp.com\/www.mapadehoteis.com.br\/blog\/wp-content\/uploads\/2015\/01\/hotel-galicia-6.jpg?resize=594%2C325\" alt=\"Hotel Gal\u00edcia\" width=\"594\" height=\"325\" srcset=\"https:\/\/i0.wp.com\/www.mapadehoteis.com.br\/blog\/wp-content\/uploads\/2015\/01\/hotel-galicia-6.jpg?w=840&amp;ssl=1 840w, https:\/\/i0.wp.com\/www.mapadehoteis.com.br\/blog\/wp-content\/uploads\/2015\/01\/hotel-galicia-6.jpg?resize=300%2C164&amp;ssl=1 300w, https:\/\/i0.wp.com\/www.mapadehoteis.com.br\/blog\/wp-content\/uploads\/2015\/01\/hotel-galicia-6.jpg?resize=648%2C355&amp;ssl=1 648w, https:\/\/i0.wp.com\/www.mapadehoteis.com.br\/blog\/wp-content\/uploads\/2015\/01\/hotel-galicia-6.jpg?resize=750%2C410&amp;ssl=1 750w\" sizes=\"auto, (max-width: 594px) 100vw, 594px\" \/><\/center>&nbsp;<\/p>\n<p>O hotel tamb\u00e9m oferece um maravilho e saboroso caf\u00e9 da manh\u00e3, sendo este servido no quarto, dando um total conforto para o foli\u00e3o. Para o foli\u00e3o que pretende esticar o carnaval e conhecer o Rio de janeiro alguns pontos tur\u00edsticos tamb\u00e9m s\u00e3o de f\u00e1cil acesso como o P\u00e3o de a\u00e7\u00facar distante apenas de 6,5 quil\u00f4metros e o Cristo Redentor de 11 quil\u00f4metros do hotel.<\/p>\n<p><img data-recalc-dims=\"1\" loading=\"lazy\" decoding=\"async\" class=\"aligncenter wp-image-5300\" src=\"https:\/\/i0.wp.com\/www.mapadehoteis.com.br\/blog\/wp-content\/uploads\/2020\/01\/hotel-galicia.jpg?resize=593%2C395&#038;ssl=1\" alt=\"barman fazendo drink no hotel galicia\" width=\"593\" height=\"395\" srcset=\"https:\/\/i0.wp.com\/www.mapadehoteis.com.br\/blog\/wp-content\/uploads\/2020\/01\/hotel-galicia.jpg?resize=648%2C432&amp;ssl=1 648w, https:\/\/i0.wp.com\/www.mapadehoteis.com.br\/blog\/wp-content\/uploads\/2020\/01\/hotel-galicia.jpg?resize=300%2C200&amp;ssl=1 300w, https:\/\/i0.wp.com\/www.mapadehoteis.com.br\/blog\/wp-content\/uploads\/2020\/01\/hotel-galicia.jpg?resize=768%2C512&amp;ssl=1 768w, https:\/\/i0.wp.com\/www.mapadehoteis.com.br\/blog\/wp-content\/uploads\/2020\/01\/hotel-galicia.jpg?resize=150%2C100&amp;ssl=1 150w, https:\/\/i0.wp.com\/www.mapadehoteis.com.br\/blog\/wp-content\/uploads\/2020\/01\/hotel-galicia.jpg?w=1024&amp;ssl=1 1024w\" sizes=\"auto, (max-width: 593px) 100vw, 593px\" \/><\/p>\n<p>Se quiser ver todas as op\u00e7\u00f5es recomendadas veja a lista completa em <a href=\"https:\/\/www.mapadehoteis.com.br\/hoteis\/tag\/hoteis-perto-da-marques-de-sapucai\/\">hot\u00e9is perto da Marqu\u00eas de Sapuca\u00ed<\/a><\/p>\n<p>Desejamos a voc\u00eas um \u00f3timo carnaval\u00a0 com muitas alegrias e seguran\u00e7a!<\/p>\n","protected":false},"excerpt":{"rendered":"<p>O Carnaval do Rio de Janeiro \u00e9 um dos maiores e mais famosos eventos carnavalescos do mundo. Realizado anualmente, a festa atrai milh\u00f5es de turistas e locais, celebrando a cultura vibrante e a diversidade do Brasil. Os desfiles das escolas de samba na Marqu\u00eas de Sapuca\u00ed s\u00e3o o ponto alto, onde agremia\u00e7\u00f5es competem com elaborados [&hellip;]<\/p>\n","protected":false},"author":1,"featured_media":2546,"comment_status":"open","ping_status":"open","sticky":false,"template":"","format":"standard","meta":{"_lmt_disableupdate":"","_lmt_disable":"","_sitemap_exclude":false,"_sitemap_priority":"","_sitemap_frequency":"","_uf_show_specific_survey":0,"_uf_disable_surveys":false,"footnotes":""},"categories":[154],"tags":[238,1290,359,268,269],"class_list":["post-2545","post","type-post","status-publish","format-standard","has-post-thumbnail","hentry","category-carnaval","tag-apoteose","tag-carnaval","tag-marques-do-sapucai","tag-rio-de-janeiro-2","tag-rj"],"modified_by":"Anna Balvetti","_links":{"self":[{"href":"https:\/\/www.mapadehoteis.com.br\/blog\/wp-json\/wp\/v2\/posts\/2545","targetHints":{"allow":["GET"]}}],"collection":[{"href":"https:\/\/www.mapadehoteis.com.br\/blog\/wp-json\/wp\/v2\/posts"}],"about":[{"href":"https:\/\/www.mapadehoteis.com.br\/blog\/wp-json\/wp\/v2\/types\/post"}],"author":[{"embeddable":true,"href":"https:\/\/www.mapadehoteis.com.br\/blog\/wp-json\/wp\/v2\/users\/1"}],"replies":[{"embeddable":true,"href":"https:\/\/www.mapadehoteis.com.br\/blog\/wp-json\/wp\/v2\/comments?post=2545"}],"version-history":[{"count":37,"href":"https:\/\/www.mapadehoteis.com.br\/blog\/wp-json\/wp\/v2\/posts\/2545\/revisions"}],"predecessor-version":[{"id":5623,"href":"https:\/\/www.mapadehoteis.com.br\/blog\/wp-json\/wp\/v2\/posts\/2545\/revisions\/5623"}],"wp:featuredmedia":[{"embeddable":true,"href":"https:\/\/www.mapadehoteis.com.br\/blog\/wp-json\/wp\/v2\/media\/2546"}],"wp:attachment":[{"href":"https:\/\/www.mapadehoteis.com.br\/blog\/wp-json\/wp\/v2\/media?parent=2545"}],"wp:term":[{"taxonomy":"category","embeddable":true,"href":"https:\/\/www.mapadehoteis.com.br\/blog\/wp-json\/wp\/v2\/categories?post=2545"},{"taxonomy":"post_tag","embeddable":true,"href":"https:\/\/www.mapadehoteis.com.br\/blog\/wp-json\/wp\/v2\/tags?post=2545"}],"curies":[{"name":"wp","href":"https:\/\/api.w.org\/{rel}","templated":true}]}}