{"id":2662,"date":"2025-03-20T00:40:57","date_gmt":"2025-03-20T03:40:57","guid":{"rendered":"http:\/\/www.mapadehoteis.com.br\/blog\/?p=2662"},"modified":"2025-05-13T15:44:29","modified_gmt":"2025-05-13T18:44:29","slug":"rodeio-de-americana-confira-os-hoteis-e-shows-para-a-festa-de-peao","status":"publish","type":"post","link":"https:\/\/www.mapadehoteis.com.br\/blog\/rodeios\/rodeio-de-americana-confira-os-hoteis-e-shows-para-a-festa-de-peao\/","title":{"rendered":"Rodeio de Americana 2025: Confira os Hot\u00e9is e Shows para a Festa de Pe\u00e3o"},"content":{"rendered":"<p>Voc\u00ea conhece a <strong>Festa do Pe\u00e3o de Americana?<\/strong> Este rodeio \u00e9 uma das festas mais tradicionais do pa\u00eds, e neste ano de 2025 acontecer\u00e1 dos dias 6 a 15 de junho, no <strong>Parque de Eventos CCA<\/strong>, em Americana, S\u00e3o Paulo. Grandes nomes do sertanejo como Luan Santana, Jorge e Mateus, Ana Castela e Z\u00e9 Neto e Cristiano s\u00e3o presen\u00e7as confirmadas nesta edi\u00e7\u00e3o.<\/p>\n<p><center><img data-recalc-dims=\"1\" loading=\"lazy\" decoding=\"async\" class=\" wp-image-2667 aligncenter\" src=\"https:\/\/i0.wp.com\/www.mapadehoteis.com.br\/blog\/wp-content\/uploads\/2015\/03\/rodeio-de-americana-festa-do-peao.jpg?resize=401%2C269&#038;ssl=1\" alt=\"Rodeio de Americana - Festa do Pe\u00e3o\" width=\"401\" height=\"269\" srcset=\"https:\/\/i0.wp.com\/www.mapadehoteis.com.br\/blog\/wp-content\/uploads\/2015\/03\/rodeio-de-americana-festa-do-peao.jpg?resize=300%2C201&amp;ssl=1 300w, https:\/\/i0.wp.com\/www.mapadehoteis.com.br\/blog\/wp-content\/uploads\/2015\/03\/rodeio-de-americana-festa-do-peao.jpg?resize=648%2C433&amp;ssl=1 648w, https:\/\/i0.wp.com\/www.mapadehoteis.com.br\/blog\/wp-content\/uploads\/2015\/03\/rodeio-de-americana-festa-do-peao.jpg?w=800&amp;ssl=1 800w\" sizes=\"auto, (max-width: 401px) 100vw, 401px\" \/><\/center><\/p>\n<div id=\"ez-toc-container\" class=\"ez-toc-v2_0_73 counter-hierarchy ez-toc-counter ez-toc-grey ez-toc-container-direction\">\n<div class=\"ez-toc-title-container\">\n<p class=\"ez-toc-title\" style=\"cursor:inherit\">Sum\u00e1rio<\/p>\n<span class=\"ez-toc-title-toggle\"><a href=\"#\" class=\"ez-toc-pull-right ez-toc-btn ez-toc-btn-xs ez-toc-btn-default ez-toc-toggle\" aria-label=\"Alternar tabela de conte\u00fado\"><span class=\"ez-toc-js-icon-con\"><span class=\"\"><span class=\"eztoc-hide\" style=\"display:none;\">Toggle<\/span><span class=\"ez-toc-icon-toggle-span\"><svg style=\"fill: #999;color:#999\" xmlns=\"http:\/\/www.w3.org\/2000\/svg\" class=\"list-377408\" width=\"20px\" height=\"20px\" viewBox=\"0 0 24 24\" fill=\"none\"><path d=\"M6 6H4v2h2V6zm14 0H8v2h12V6zM4 11h2v2H4v-2zm16 0H8v2h12v-2zM4 16h2v2H4v-2zm16 0H8v2h12v-2z\" fill=\"currentColor\"><\/path><\/svg><svg style=\"fill: #999;color:#999\" class=\"arrow-unsorted-368013\" xmlns=\"http:\/\/www.w3.org\/2000\/svg\" width=\"10px\" height=\"10px\" viewBox=\"0 0 24 24\" version=\"1.2\" baseProfile=\"tiny\"><path d=\"M18.2 9.3l-6.2-6.3-6.2 6.3c-.2.2-.3.4-.3.7s.1.5.3.7c.2.2.4.3.7.3h11c.3 0 .5-.1.7-.3.2-.2.3-.5.3-.7s-.1-.5-.3-.7zM5.8 14.7l6.2 6.3 6.2-6.3c.2-.2.3-.5.3-.7s-.1-.5-.3-.7c-.2-.2-.4-.3-.7-.3h-11c-.3 0-.5.1-.7.3-.2.2-.3.5-.3.7s.1.5.3.7z\"\/><\/svg><\/span><\/span><\/span><\/a><\/span><\/div>\n<nav><ul class='ez-toc-list ez-toc-list-level-1 ' ><li class='ez-toc-page-1 ez-toc-heading-level-2'><a class=\"ez-toc-link ez-toc-heading-1\" href=\"https:\/\/www.mapadehoteis.com.br\/blog\/rodeios\/rodeio-de-americana-confira-os-hoteis-e-shows-para-a-festa-de-peao\/#Historia_do_Rodeio_de_Americana\" title=\"Hist\u00f3ria do Rodeio de Americana\">Hist\u00f3ria do Rodeio de Americana<\/a><\/li><li class='ez-toc-page-1 ez-toc-heading-level-2'><a class=\"ez-toc-link ez-toc-heading-2\" href=\"https:\/\/www.mapadehoteis.com.br\/blog\/rodeios\/rodeio-de-americana-confira-os-hoteis-e-shows-para-a-festa-de-peao\/#Programacao_do_Rodeio_de_Americana_2025\" title=\"Programa\u00e7\u00e3o do Rodeio de Americana 2025\">Programa\u00e7\u00e3o do Rodeio de Americana 2025<\/a><\/li><li class='ez-toc-page-1 ez-toc-heading-level-2'><a class=\"ez-toc-link ez-toc-heading-3\" href=\"https:\/\/www.mapadehoteis.com.br\/blog\/rodeios\/rodeio-de-americana-confira-os-hoteis-e-shows-para-a-festa-de-peao\/#Setores_e_Ingressos_da_Festa_do_Peao_2025\" title=\"Setores e Ingressos da Festa do Pe\u00e3o 2025\">Setores e Ingressos da Festa do Pe\u00e3o 2025<\/a><\/li><li class='ez-toc-page-1 ez-toc-heading-level-2'><a class=\"ez-toc-link ez-toc-heading-4\" href=\"https:\/\/www.mapadehoteis.com.br\/blog\/rodeios\/rodeio-de-americana-confira-os-hoteis-e-shows-para-a-festa-de-peao\/#Onde_se_Hospedar_para_a_Festa_do_Peao_de_Americana\" title=\"Onde se Hospedar para a Festa do Pe\u00e3o de Americana\">Onde se Hospedar para a Festa do Pe\u00e3o de Americana<\/a><\/li><\/ul><\/nav><\/div>\n<h2><span class=\"ez-toc-section\" id=\"Historia_do_Rodeio_de_Americana\"><\/span>Hist\u00f3ria do Rodeio de Americana<span class=\"ez-toc-section-end\"><\/span><\/h2>\n<p><span class=\"relative -mx-px my-[-0.2rem] rounded px-px py-[0.2rem]\">A ideia de realizar um rodeio em Americana surgiu durante uma romaria a Bom Jesus de Pirapora.<\/span> <span class=\"relative -mx-px my-[-0.2rem] rounded px-px py-[0.2rem]\">O primeiro evento oficial ocorreu em 1987, no recinto da Fidam (Feira Industrial de Americana), localizado no centro da cidade.<\/span> <span class=\"relative -mx-px my-[-0.2rem] rounded px-px py-[0.2rem]\">Desde ent\u00e3o, a festa cresceu em dimens\u00e3o e import\u00e2ncia, consolidando-se como uma das principais do pa\u00eds.<\/span><\/p>\n<p><span class=\"relative -mx-px my-[-0.2rem] rounded px-px py-[0.2rem]\">Tradicionalmente, o <strong data-start=\"20\" data-end=\"45\">Desfile de Cavaleiros<\/strong> ocorria na semana anterior \u00e0 festa, reunindo milhares de participantes e sendo considerado o maior desfile a cavalo do estado de S\u00e3o Paulo.<\/span> <span class=\"relative -mx-px my-[-0.2rem] rounded px-px py-[0.2rem]\">No entanto, em junho de 2016, o desfile foi cancelado devido a quest\u00f5es de seguran\u00e7a relacionadas \u00e0 proximidade das rodovias e \u00e0s confraterniza\u00e7\u00f5es que ocorriam ap\u00f3s o evento oficial.<\/span><\/p>\n<p><strong>&gt;&gt;&gt; Leia tamb\u00e9m:<\/strong> <a href=\"https:\/\/www.mapadehoteis.com.br\/blog\/shows\/jorge-e-mateus-20-anos-em-sao-paulo-esgota-ingressos-em-tempo-recorde\/\" target=\"_blank\" rel=\"noopener\">Jorge e Mateus 20 anos em S\u00e3o Paulo esgota ingressos em tempo recorde<\/a><\/p>\n<h2><span class=\"ez-toc-section\" id=\"Programacao_do_Rodeio_de_Americana_2025\"><\/span>Programa\u00e7\u00e3o do Rodeio de Americana 2025<span class=\"ez-toc-section-end\"><\/span><\/h2>\n<p>Firmando-se como um dos maiores rodeios do pa\u00eds, ao lado da Festa do Pe\u00e3o de Barretos e do Rodeio de Jaguari\u00fana, a Festa do Pe\u00e3o de Americana vem com um line-up de peso este ano, trazendo \u00edcones do sertanejo ra\u00edz e atual. Confira a programa\u00e7\u00e3o completa!<\/p>\n<p><strong data-start=\"759\" data-end=\"788\">6 de junho (sexta-feira):<\/strong>\u00a0Henrique e Juliano e Nattan<\/p>\n<p><strong data-start=\"821\" data-end=\"845\">7 de junho (s\u00e1bado):<\/strong>\u00a0Lauana Prado, Alok, Z\u00e9 Neto e Cristiano e Diego e Arnaldo<\/p>\n<p><strong data-start=\"908\" data-end=\"954\">8 de junho (domingo \u2013 Domingo da Fam\u00edlia):<\/strong>\u00a0Gustavo Mioto e Zez\u00e9 Di Camargo e Luciano<\/p>\n<p><strong data-start=\"1001\" data-end=\"1031\">13 de junho (sexta-feira):<\/strong>\u00a0Ana Castela, Murilo Huff e Edson e Hudson<\/p>\n<p><strong data-start=\"1078\" data-end=\"1103\">14 de junho (s\u00e1bado):<\/strong>\u00a0Jorge e Mateus (part. Pedro Libe), Luan Santana, Sami Rico e Clayton e Rom\u00e1rio<\/p>\n<p><strong data-start=\"1187\" data-end=\"1234\">15 de junho (domingo \u2013 Domingo da Fam\u00edlia):<\/strong>\u00a0C\u00e9sar Menotti e Fabiano e Guilherme e Santiago<\/p>\n<h2><span class=\"ez-toc-section\" id=\"Setores_e_Ingressos_da_Festa_do_Peao_2025\"><\/span>Setores e Ingressos da Festa do Pe\u00e3o 2025<span class=\"ez-toc-section-end\"><\/span><\/h2>\n<p class=\"\" data-start=\"0\" data-end=\"126\">\u200b<span class=\"relative -mx-px my-[-0.2rem] rounded px-px py-[0.2rem]\">A <strong data-start=\"2\" data-end=\"37\">Festa do Pe\u00e3o de Americana 2025<\/strong> oferece diversos setores para os espectadores, cada um proporcionando uma experi\u00eancia \u00fanica.<\/span> <span class=\"relative -mx-px my-[-0.2rem] rounded px-px py-[0.2rem]\">Veja quais s\u00e3o:<\/span><\/p>\n<p class=\"\" data-start=\"0\" data-end=\"126\"><img data-recalc-dims=\"1\" loading=\"lazy\" decoding=\"async\" class=\" wp-image-5951 aligncenter\" src=\"https:\/\/i0.wp.com\/www.mapadehoteis.com.br\/blog\/wp-content\/uploads\/2018\/02\/mapa-do-evento-peao-de-americana.png?resize=482%2C252&#038;ssl=1\" alt=\"mapa de setores rodeio de americana 2025\" width=\"482\" height=\"252\" srcset=\"https:\/\/i0.wp.com\/www.mapadehoteis.com.br\/blog\/wp-content\/uploads\/2018\/02\/mapa-do-evento-peao-de-americana.png?resize=300%2C157&amp;ssl=1 300w, https:\/\/i0.wp.com\/www.mapadehoteis.com.br\/blog\/wp-content\/uploads\/2018\/02\/mapa-do-evento-peao-de-americana.png?resize=648%2C338&amp;ssl=1 648w, https:\/\/i0.wp.com\/www.mapadehoteis.com.br\/blog\/wp-content\/uploads\/2018\/02\/mapa-do-evento-peao-de-americana.png?resize=768%2C401&amp;ssl=1 768w, https:\/\/i0.wp.com\/www.mapadehoteis.com.br\/blog\/wp-content\/uploads\/2018\/02\/mapa-do-evento-peao-de-americana.png?resize=150%2C78&amp;ssl=1 150w, https:\/\/i0.wp.com\/www.mapadehoteis.com.br\/blog\/wp-content\/uploads\/2018\/02\/mapa-do-evento-peao-de-americana.png?w=1200&amp;ssl=1 1200w\" sizes=\"auto, (max-width: 482px) 100vw, 482px\" \/>\u200b<\/p>\n<ul data-start=\"128\" data-end=\"563\">\n<li class=\"\" data-start=\"128\" data-end=\"222\">\n<p class=\"\" data-start=\"130\" data-end=\"222\"><strong data-start=\"130\" data-end=\"139\">Arena<\/strong>: <span class=\"relative -mx-px my-[-0.2rem] rounded px-px py-[0.2rem]\">Localizada no cora\u00e7\u00e3o do evento, a Arena \u00e9 ideal para quem deseja vivenciar de perto as emo\u00e7\u00f5es das montarias e dos shows, compartilhando a energia contagiante do p\u00fablico.<\/span><\/p>\n<\/li>\n<li class=\"\" data-start=\"224\" data-end=\"331\">\n<p class=\"\" data-start=\"226\" data-end=\"331\"><strong data-start=\"226\" data-end=\"248\">Camarote Americana<\/strong>: <span class=\"relative -mx-px my-[-0.2rem] rounded px-px py-[0.2rem]\">Oferece uma vista privilegiada do palco e das arenas, proporcionando conforto e servi\u00e7os exclusivos aos seus ocupantes.<\/span>\u200b<\/p>\n<\/li>\n<li class=\"\" data-start=\"333\" data-end=\"439\">\n<p class=\"\" data-start=\"335\" data-end=\"439\"><strong data-start=\"335\" data-end=\"356\">Camarote Farraial<\/strong>: <span class=\"relative -mx-px my-[-0.2rem] rounded px-px py-[0.2rem]\">Conhecido por sua atmosfera animada, este camarote combina m\u00fasica sertaneja e eletr\u00f4nica, garantindo divers\u00e3o cont\u00ednua durante toda a noite.<\/span>\u200b<\/p>\n<\/li>\n<li class=\"\" data-start=\"441\" data-end=\"563\">\n<p class=\"\" data-start=\"443\" data-end=\"563\"><strong data-start=\"443\" data-end=\"478\">Camarote Super Premium Farraial<\/strong>: <span class=\"relative -mx-px my-[-0.2rem] rounded px-px py-[0.2rem]\">Proporciona uma experi\u00eancia ainda mais exclusiva, com servi\u00e7os premium e uma vis\u00e3o privilegiada de todo o evento.<\/span>\u200b<\/p>\n<\/li>\n<\/ul>\n<p data-start=\"565\" data-end=\"1061\">\u200b<span class=\"relative -mx-px my-[-0.2rem] rounded px-px py-[0.2rem]\">O <a href=\"https:\/\/www.farraial.com.br\/\" target=\"_blank\" rel=\"noopener\"><strong data-start=\"2\" data-end=\"14\">Farraial<\/strong><\/a>, reconhecido como o maior festival sertanejo de S\u00e3o Paulo, \u00e9 a maior novidade deste ano, al\u00e9m da mudan\u00e7a na plataforma para venda de ingressos, que nos anteriores foram realizadas pela Total Acesso e este ano \u00e9 realizada pela <a href=\"https:\/\/www.guicheweb.com.br\/\" target=\"_blank\" rel=\"noopener\">Guich\u00ea Web<\/a>. <\/span><\/p>\n<p data-start=\"565\" data-end=\"1061\"><span class=\"relative -mx-px my-[-0.2rem] rounded px-px py-[0.2rem]\">A uni\u00e3o do Farraial com o Rodeio de Americana 2025 refor\u00e7a a tradi\u00e7\u00e3o e a grandiosidade do evento, consolidando-o como um dos mais aguardados do ano.<\/span><\/p>\n<p class=\"\" data-start=\"565\" data-end=\"1061\"><span class=\"relative -mx-px my-[-0.2rem] rounded px-px py-[0.2rem]\">Os valores variam conforme o setor escolhido e a data do evento.<\/span> <span class=\"relative -mx-px my-[-0.2rem] rounded px-px py-[0.2rem]\">Por exemplo, ingressos para a Arena est\u00e3o dispon\u00edveis a partir de R$ 60 (meia-entrada) e R$ 120 (inteira), enquanto os camarotes possuem pre\u00e7os que variam entre R$ 280 e R$ 800, dependendo do dia e das comodidades oferecidas. <\/span><span class=\"relative -mx-px my-[-0.2rem] rounded px-px py-[0.2rem]\">Recomendo adquirir os ingressos com anteced\u00eancia, pois a festa \u00e9 tradicionalmente muito procurada e setores espec\u00edficos podem esgotar rapidamente.<\/span><\/p>\n<h2><span class=\"ez-toc-section\" id=\"Onde_se_Hospedar_para_a_Festa_do_Peao_de_Americana\"><\/span><strong>Onde se Hospedar para a Festa do Pe\u00e3o de Americana<\/strong><span class=\"ez-toc-section-end\"><\/span><\/h2>\n<p>Al\u00e9m de uma festa magn\u00edfica, Americana tamb\u00e9m conta com Hot\u00e9is com todo o conforto para os festeiros. Os <a href=\"https:\/\/www.mapadehoteis.com.br\/hoteis\/sp\/americana\/\" data-internallinksmanager029f6b8e52c=\"11\" title=\"hospedagem em Americana\" target=\"_blank\" rel=\"noopener\">hot\u00e9is em Americana<\/a> mais pr\u00f3ximos ao Parque De Eventos CCA, local onde ser\u00e1 realizado o rodeio, s\u00e3o os mais indicados.<\/p>\n<p>O <a href=\"http:\/\/www.mapadehoteis.com.br\/hoteis\/sp\/americana\/nohotel-premium-americana\/\"><strong>Nohotel Premium<\/strong> <strong>Americana<\/strong><\/a> por exemplo, oferece aos seus clientes quartos com ar-condicionado, WiFi gratuito, TV LCD com canais a cabo, cofre, frigobar, telefone e mesa de trabalho. O banheiro privativo est\u00e1 equipado com chuveiro e secador de cabelo. O estacionamento \u00e9 cortesia. Seu caf\u00e9 da manh\u00e3 \u00e9 composto por uma variedade de frutas, p\u00e3es e frios. Possuiu tamb\u00e9m um \u00f3timo restaurante que oferece especialidades regionais e internacionais, al\u00e9m de uma vasta sele\u00e7\u00e3o de bebidas.<\/p>\n<p><center><img data-recalc-dims=\"1\" loading=\"lazy\" decoding=\"async\" class=\"wp-image-5953 aligncenter\" src=\"https:\/\/i0.wp.com\/www.mapadehoteis.com.br\/blog\/wp-content\/uploads\/2025\/03\/nohotel-premium-americana.jpg?resize=454%2C256&#038;ssl=1\" alt=\"fachada nohotel\" width=\"454\" height=\"256\" srcset=\"https:\/\/i0.wp.com\/www.mapadehoteis.com.br\/blog\/wp-content\/uploads\/2025\/03\/nohotel-premium-americana.jpg?resize=300%2C169&amp;ssl=1 300w, https:\/\/i0.wp.com\/www.mapadehoteis.com.br\/blog\/wp-content\/uploads\/2025\/03\/nohotel-premium-americana.jpg?resize=648%2C365&amp;ssl=1 648w, https:\/\/i0.wp.com\/www.mapadehoteis.com.br\/blog\/wp-content\/uploads\/2025\/03\/nohotel-premium-americana.jpg?resize=768%2C432&amp;ssl=1 768w, https:\/\/i0.wp.com\/www.mapadehoteis.com.br\/blog\/wp-content\/uploads\/2025\/03\/nohotel-premium-americana.jpg?resize=150%2C84&amp;ssl=1 150w, https:\/\/i0.wp.com\/www.mapadehoteis.com.br\/blog\/wp-content\/uploads\/2025\/03\/nohotel-premium-americana.jpg?w=1280&amp;ssl=1 1280w\" sizes=\"auto, (max-width: 454px) 100vw, 454px\" \/><\/center><center><a class=\"botao_conversao\" href=\"http:\/\/www.booking.com\/hotel\/br\/nohotel-americana.pt-br.html?aid=370065;sid=858c2c6c198c28cae6261630c7156dfb;dcid=4;no_rooms=1;req_adults=2;req_children=0&amp;#availability_target\">Reservar Agora<\/a><\/center>&nbsp;<\/p>\n<p>Outra op\u00e7\u00e3o \u00e9 o <strong><a href=\"https:\/\/www.booking.com\/hotel\/br\/boa-vista.pt-br.html?sid=e5c9a5bf738d5fe390ddfa1797fcab25&amp;aid=370065&amp;ucfs=1&amp;dest_id=0&amp;dest_type=latlong&amp;group_adults=2&amp;no_rooms=1&amp;group_children=0&amp;srpvid=2141a7ae8091024b&amp;srepoch=1742773916&amp;atlas_src=sr_iw_title\" target=\"_blank\" rel=\"noopener\">Hotel Boa Vista by Carlton<\/a>,<\/strong> localizado a 46 quil\u00f4metros do Aeroporto Internacional de Viracopos. \u00c9 um hotel 3 estrelas que conta com servi\u00e7o de quarto, recep\u00e7\u00e3o 24 horas e oferece acomoda\u00e7\u00e3o com lounge compartilhado e Wi-Fi gr\u00e1tis em toda a propriedade, al\u00e9m de estacionamento privativo gr\u00e1tis para quem decidir vir de carro. O Shopping Center Campinas fica a 34 km de dist\u00e2ncia e Est\u00e1dio Mois\u00e9s Lucarelli fica a 37 km.<\/p>\n<p><img data-recalc-dims=\"1\" loading=\"lazy\" decoding=\"async\" class=\"wp-image-5954 aligncenter\" src=\"https:\/\/i0.wp.com\/www.mapadehoteis.com.br\/blog\/wp-content\/uploads\/2025\/03\/hotel-boa-vista.jpg?resize=400%2C266&#038;ssl=1\" alt=\"Fachada do Hotel Boa Vista by Carlton, em Americana\" width=\"400\" height=\"266\" srcset=\"https:\/\/i0.wp.com\/www.mapadehoteis.com.br\/blog\/wp-content\/uploads\/2025\/03\/hotel-boa-vista.jpg?resize=300%2C200&amp;ssl=1 300w, https:\/\/i0.wp.com\/www.mapadehoteis.com.br\/blog\/wp-content\/uploads\/2025\/03\/hotel-boa-vista.jpg?resize=648%2C433&amp;ssl=1 648w, https:\/\/i0.wp.com\/www.mapadehoteis.com.br\/blog\/wp-content\/uploads\/2025\/03\/hotel-boa-vista.jpg?resize=768%2C513&amp;ssl=1 768w, https:\/\/i0.wp.com\/www.mapadehoteis.com.br\/blog\/wp-content\/uploads\/2025\/03\/hotel-boa-vista.jpg?resize=150%2C100&amp;ssl=1 150w, https:\/\/i0.wp.com\/www.mapadehoteis.com.br\/blog\/wp-content\/uploads\/2025\/03\/hotel-boa-vista.jpg?w=1024&amp;ssl=1 1024w\" sizes=\"auto, (max-width: 400px) 100vw, 400px\" \/><\/p>\n<p><center><a class=\"botao_conversao\" href=\"https:\/\/www.booking.com\/hotel\/br\/boa-vista.en-gb.html?aid=370065&amp;sid=960d3dc36434f58f0617328f9100338e&amp;atlas_src=sr_iw_title&amp;dest_id=0&amp;dist=0&amp;group_adults=2&amp;group_children=0&amp;keep_landing=1&amp;lang=en-gb&amp;lang_changed=1&amp;no_rooms=1&amp;sb_price_type=total&amp;srepoch=1742773916&amp;srpvid=2141a7ae8091024b&amp;type=total&amp;ucfs=1&amp;\">Reservar Agora<\/a><\/center>Se voc\u00ea gosta de rodeio, n\u00e3o pode deixar de conferir a Festa do Pe\u00e3o de Americana que, com certeza, \u00e9 uma das melhores do Brasil!<\/p>\n","protected":false},"excerpt":{"rendered":"<p>Voc\u00ea conhece a Festa do Pe\u00e3o de Americana? Este rodeio \u00e9 uma das festas mais tradicionais do pa\u00eds, e neste ano de 2025 acontecer\u00e1 dos dias 6 a 15 de junho, no Parque de Eventos CCA, em Americana, S\u00e3o Paulo. Grandes nomes do sertanejo como Luan Santana, Jorge e Mateus, Ana Castela e Z\u00e9 Neto [&hellip;]<\/p>\n","protected":false},"author":1,"featured_media":5950,"comment_status":"open","ping_status":"open","sticky":false,"template":"","format":"standard","meta":{"_lmt_disableupdate":"","_lmt_disable":"","_sitemap_exclude":false,"_sitemap_priority":"","_sitemap_frequency":"","_uf_show_specific_survey":0,"_uf_disable_surveys":false,"footnotes":""},"categories":[49,1505],"tags":[573,512,1524,567,1526],"class_list":["post-2662","post","type-post","status-publish","format-standard","has-post-thumbnail","hentry","category-hoteis-brasil","category-rodeios","tag-hoteis-em-americana","tag-hoteis-perto-do-cca-festa-do-peao","tag-programacao-rodeio-de-americana","tag-rodeio","tag-rodeio-de-americana-2025"],"modified_by":"Leticia Carvalho","_links":{"self":[{"href":"https:\/\/www.mapadehoteis.com.br\/blog\/wp-json\/wp\/v2\/posts\/2662","targetHints":{"allow":["GET"]}}],"collection":[{"href":"https:\/\/www.mapadehoteis.com.br\/blog\/wp-json\/wp\/v2\/posts"}],"about":[{"href":"https:\/\/www.mapadehoteis.com.br\/blog\/wp-json\/wp\/v2\/types\/post"}],"author":[{"embeddable":true,"href":"https:\/\/www.mapadehoteis.com.br\/blog\/wp-json\/wp\/v2\/users\/1"}],"replies":[{"embeddable":true,"href":"https:\/\/www.mapadehoteis.com.br\/blog\/wp-json\/wp\/v2\/comments?post=2662"}],"version-history":[{"count":26,"href":"https:\/\/www.mapadehoteis.com.br\/blog\/wp-json\/wp\/v2\/posts\/2662\/revisions"}],"predecessor-version":[{"id":6179,"href":"https:\/\/www.mapadehoteis.com.br\/blog\/wp-json\/wp\/v2\/posts\/2662\/revisions\/6179"}],"wp:featuredmedia":[{"embeddable":true,"href":"https:\/\/www.mapadehoteis.com.br\/blog\/wp-json\/wp\/v2\/media\/5950"}],"wp:attachment":[{"href":"https:\/\/www.mapadehoteis.com.br\/blog\/wp-json\/wp\/v2\/media?parent=2662"}],"wp:term":[{"taxonomy":"category","embeddable":true,"href":"https:\/\/www.mapadehoteis.com.br\/blog\/wp-json\/wp\/v2\/categories?post=2662"},{"taxonomy":"post_tag","embeddable":true,"href":"https:\/\/www.mapadehoteis.com.br\/blog\/wp-json\/wp\/v2\/tags?post=2662"}],"curies":[{"name":"wp","href":"https:\/\/api.w.org\/{rel}","templated":true}]}}