{"id":2914,"date":"2015-07-14T21:20:16","date_gmt":"2015-07-15T00:20:16","guid":{"rendered":"http:\/\/www.mapadehoteis.com.br\/blog\/?p=2914"},"modified":"2015-07-14T21:59:43","modified_gmt":"2015-07-15T00:59:43","slug":"conheca-as-praias-que-neymar-e-rafaella-beckran-frequentam","status":"publish","type":"post","link":"https:\/\/www.mapadehoteis.com.br\/blog\/famosos\/conheca-as-praias-que-neymar-e-rafaella-beckran-frequentam\/","title":{"rendered":"Conhe\u00e7a as Praias mais Frequentadas por Neymar e Rafaella Beckran"},"content":{"rendered":"<p>Neymar da Silva Santos Junior ou simplesmente Neymar Jr, famoso por sua brilhante atua\u00e7\u00e3o no futebol, foi nomeado capit\u00e3o da sele\u00e7\u00e3o brasileira. Atua na Espanha, no time do Barcelona.<\/p>\n<p>Entre seus compromissos com o futebol e com an\u00fancios publicit\u00e1rios, Neymar \u00e9 sempre visto nas praias de Santa Catarina. As praias mais frequentadas s\u00e3o as de Jurer\u00ea e Itapema. O gosto pelas praias catarinenses parece ser de fam\u00edlia, sua irm\u00e3 ca\u00e7ula Rafaella Beckran \u00e9 sempre vista tamb\u00e9m na Praia da Joaquina e Praia Mole localizada na cidade de Florian\u00f3polis, essa praia \u00e9 muito frequentada por surfistas, sendo palco de campeonatos mundiais de surfe.<\/p>\n<p><center><img data-recalc-dims=\"1\" loading=\"lazy\" decoding=\"async\" class=\"aligncenter size-full wp-image-2915\" src=\"https:\/\/i0.wp.com\/www.mapadehoteis.com.br\/blog\/wp-content\/uploads\/2015\/07\/rafaella-beckran-praia.jpg?resize=448%2C448\" alt=\"Rafaella Beckran na Praia\" width=\"448\" height=\"448\" srcset=\"https:\/\/i0.wp.com\/www.mapadehoteis.com.br\/blog\/wp-content\/uploads\/2015\/07\/rafaella-beckran-praia.jpg?w=448&amp;ssl=1 448w, https:\/\/i0.wp.com\/www.mapadehoteis.com.br\/blog\/wp-content\/uploads\/2015\/07\/rafaella-beckran-praia.jpg?resize=150%2C150&amp;ssl=1 150w, https:\/\/i0.wp.com\/www.mapadehoteis.com.br\/blog\/wp-content\/uploads\/2015\/07\/rafaella-beckran-praia.jpg?resize=300%2C300&amp;ssl=1 300w, https:\/\/i0.wp.com\/www.mapadehoteis.com.br\/blog\/wp-content\/uploads\/2015\/07\/rafaella-beckran-praia.jpg?resize=60%2C60&amp;ssl=1 60w\" sizes=\"auto, (max-width: 448px) 100vw, 448px\" \/><\/center>N\u00e3o s\u00f3 frequentam a regi\u00e3o de Florian\u00f3polis como tamb\u00e9m, a praia mais extensa do Rio de Janeiro: a Barra da Tijuca. L\u00e1 voc\u00ea poder\u00e1 encontrar Rafaella, mas j\u00e1 adianto que ser\u00e3o 18 km de areia branca e fininha para voc\u00ea percorrer, sendo que 6 km j\u00e1 est\u00e3o bem urbanizadas. Para n\u00e3o dizer que irm\u00e3os s\u00e3o adeptos da regi\u00e3o sul e sudeste, ambos curtem bastante a regi\u00e3o de trancoso na Bahia.<\/p>\n<h2>A Praia de Jurer\u00ea<\/h2>\n<p>A praia se localiza ao norte da ilha de Santa Catarina, al\u00e9m de uma beleza exuberante a ilha tamb\u00e9m e conhecida por ser refer\u00eancia em urbaniza\u00e7\u00e3o org\u00e2nica e sustentabilidade\u00a0para todo o Pa\u00eds. Seus hot\u00e9is s\u00e3o conhecidos em todo pa\u00eds.<\/p>\n<p>Um exemplo \u00e9 o <a title=\"studio-jurere-beach-village\" href=\"http:\/\/www.mapadehoteis.com.br\/hoteis\/sc\/florianopolis\/hotel-jurere-beach-village\/\" target=\"_blank\"><strong>Studio no Jurer\u00ea Beach Village<\/strong><\/a>, o hotel oferece piscina ao ar livre, spa com centro de bem-estar e WiFi gratuito. Os quartos possuem ar-condicionado, TV e varanda, al\u00e9m de cozinha compacta totalmente equipada com micro-ondas e frigobar. Os banheiros privativos t\u00eam banheira ou chuveiro, secador de cabelo e amenidades de banho gratuitas.\u00a0 Os h\u00f3spedes tamb\u00e9m podem desfrutar de restaurante, academia, instala\u00e7\u00f5es para esportes aqu\u00e1ticos, lounge compartilhado e sal\u00e3o de jogos.<\/p>\n<p><img data-recalc-dims=\"1\" loading=\"lazy\" decoding=\"async\" class=\"aligncenter size-full wp-image-2916\" src=\"https:\/\/i0.wp.com\/www.mapadehoteis.com.br\/blog\/wp-content\/uploads\/2015\/07\/studio-jurere-beach-village.jpg?resize=648%2C355\" alt=\"Studio no Jurer\u00ea Beach Village\" width=\"648\" height=\"355\" srcset=\"https:\/\/i0.wp.com\/www.mapadehoteis.com.br\/blog\/wp-content\/uploads\/2015\/07\/studio-jurere-beach-village.jpg?w=840&amp;ssl=1 840w, https:\/\/i0.wp.com\/www.mapadehoteis.com.br\/blog\/wp-content\/uploads\/2015\/07\/studio-jurere-beach-village.jpg?resize=300%2C164&amp;ssl=1 300w, https:\/\/i0.wp.com\/www.mapadehoteis.com.br\/blog\/wp-content\/uploads\/2015\/07\/studio-jurere-beach-village.jpg?resize=648%2C355&amp;ssl=1 648w, https:\/\/i0.wp.com\/www.mapadehoteis.com.br\/blog\/wp-content\/uploads\/2015\/07\/studio-jurere-beach-village.jpg?resize=750%2C410&amp;ssl=1 750w\" sizes=\"auto, (max-width: 648px) 100vw, 648px\" \/><\/p>\n<p>&nbsp;<\/p>\n<p>Para quem deseja relaxar e uma vida noturna agitada Jurer\u00ea \u00e9 o lugar certo.<\/p>\n<p>Apesar de pequena, com aproximadamente 56 mil habitantes, a cidade de Itapema apresenta umas das melhores infraestruturas entre as praias do Litoral Norte de Santa Catarina. Para desfrutar dessa beleza, uma \u00f3tima op\u00e7\u00e3o de hospedagem \u00e9 o <a title=\"hotel-residencial-itapema\" href=\"http:\/\/www.mapadehoteis.com.br\/hoteis\/sc\/itapema\/hotel-residencial-itapema\/\" target=\"_blank\"><strong>Hotel Residencial Itapema<\/strong><\/a>. A propriedade oferece WiFi gr\u00e1tis, e estacionamento como cortesia para o cliente. Os quartos apresentam uma varanda com vista para o mar, ar-condicionado, \u00e1rea de estar e TV com canais a cabo. Possui tamb\u00e9m uma cozinha compacta com fog\u00e3o, micro-ondas e geladeira, e banheiro com chuveiro. Sua \u00e1rea externa conta com uma piscina ao ar livre e coberta, spa e centro de bem-estar e restaurante.<\/p>\n","protected":false},"excerpt":{"rendered":"<p>Neymar da Silva Santos Junior ou simplesmente Neymar Jr, famoso por sua brilhante atua\u00e7\u00e3o no futebol, foi nomeado capit\u00e3o da sele\u00e7\u00e3o brasileira. Atua na Espanha, no time do Barcelona. Entre seus compromissos com o futebol e com an\u00fancios publicit\u00e1rios, Neymar \u00e9 sempre visto nas praias de Santa Catarina. As praias mais frequentadas s\u00e3o as de [&hellip;]<\/p>\n","protected":false},"author":1,"featured_media":2916,"comment_status":"open","ping_status":"open","sticky":false,"template":"","format":"standard","meta":{"_lmt_disableupdate":"","_lmt_disable":"","_sitemap_exclude":false,"_sitemap_priority":"","_sitemap_frequency":"","_uf_show_specific_survey":0,"_uf_disable_surveys":false,"footnotes":""},"categories":[190],"tags":[59,400,399,374,398,397,396,401],"class_list":["post-2914","post","type-post","status-publish","format-standard","has-post-thumbnail","hentry","category-famosos","tag-florianopolis","tag-itapema","tag-praia-barra-da-tijuca","tag-praia-do-jurere-internacional","tag-praia-joaquina","tag-praia-mole","tag-studio-no-jurere-beach-village","tag-trancoso"],"modified_by":"Leticia Carvalho","_links":{"self":[{"href":"https:\/\/www.mapadehoteis.com.br\/blog\/wp-json\/wp\/v2\/posts\/2914","targetHints":{"allow":["GET"]}}],"collection":[{"href":"https:\/\/www.mapadehoteis.com.br\/blog\/wp-json\/wp\/v2\/posts"}],"about":[{"href":"https:\/\/www.mapadehoteis.com.br\/blog\/wp-json\/wp\/v2\/types\/post"}],"author":[{"embeddable":true,"href":"https:\/\/www.mapadehoteis.com.br\/blog\/wp-json\/wp\/v2\/users\/1"}],"replies":[{"embeddable":true,"href":"https:\/\/www.mapadehoteis.com.br\/blog\/wp-json\/wp\/v2\/comments?post=2914"}],"version-history":[{"count":6,"href":"https:\/\/www.mapadehoteis.com.br\/blog\/wp-json\/wp\/v2\/posts\/2914\/revisions"}],"predecessor-version":[{"id":2923,"href":"https:\/\/www.mapadehoteis.com.br\/blog\/wp-json\/wp\/v2\/posts\/2914\/revisions\/2923"}],"wp:featuredmedia":[{"embeddable":true,"href":"https:\/\/www.mapadehoteis.com.br\/blog\/wp-json\/wp\/v2\/media\/2916"}],"wp:attachment":[{"href":"https:\/\/www.mapadehoteis.com.br\/blog\/wp-json\/wp\/v2\/media?parent=2914"}],"wp:term":[{"taxonomy":"category","embeddable":true,"href":"https:\/\/www.mapadehoteis.com.br\/blog\/wp-json\/wp\/v2\/categories?post=2914"},{"taxonomy":"post_tag","embeddable":true,"href":"https:\/\/www.mapadehoteis.com.br\/blog\/wp-json\/wp\/v2\/tags?post=2914"}],"curies":[{"name":"wp","href":"https:\/\/api.w.org\/{rel}","templated":true}]}}