{"id":4360,"date":"2025-03-17T16:35:18","date_gmt":"2025-03-17T19:35:18","guid":{"rendered":"https:\/\/www.mapadehoteis.com.br\/blog\/?p=4360"},"modified":"2025-03-17T16:32:43","modified_gmt":"2025-03-17T19:32:43","slug":"st-patricks-day-conheca-a-historia-e-onde-comemorar","status":"publish","type":"post","link":"https:\/\/www.mapadehoteis.com.br\/blog\/irlanda\/st-patricks-day-conheca-a-historia-e-onde-comemorar\/","title":{"rendered":"Onde Passar o ST Patrick\u2019s Day 2025"},"content":{"rendered":"<p><span style=\"font-weight: 400;\">Antes de mais nada, para quem n\u00e3o sabe o\u00a0 Dia de S\u00e3o Patr\u00edcio (Saint Patrick&#8217;s Day) \u00e9 uma celebra\u00e7\u00e3o anual que ocorre no dia 17 de mar\u00e7o.\u00a0 A festividade ocorre em alguns pa\u00edses como Canad\u00e1, Reino Unido, Estados Unidos, Brasil, Austr\u00e1lia, e Nova Zel\u00e2ndia. O dia de S\u00e3o Patr\u00edcio \u00e9 uma celebra\u00e7\u00e3o de cultura irlandesa!<\/span><\/p>\n<div id=\"ez-toc-container\" class=\"ez-toc-v2_0_73 counter-hierarchy ez-toc-counter ez-toc-grey ez-toc-container-direction\">\n<div class=\"ez-toc-title-container\">\n<p class=\"ez-toc-title\" style=\"cursor:inherit\">Sum\u00e1rio<\/p>\n<span class=\"ez-toc-title-toggle\"><a href=\"#\" class=\"ez-toc-pull-right ez-toc-btn ez-toc-btn-xs ez-toc-btn-default ez-toc-toggle\" aria-label=\"Alternar tabela de conte\u00fado\"><span class=\"ez-toc-js-icon-con\"><span class=\"\"><span class=\"eztoc-hide\" style=\"display:none;\">Toggle<\/span><span class=\"ez-toc-icon-toggle-span\"><svg style=\"fill: #999;color:#999\" xmlns=\"http:\/\/www.w3.org\/2000\/svg\" class=\"list-377408\" width=\"20px\" height=\"20px\" viewBox=\"0 0 24 24\" fill=\"none\"><path d=\"M6 6H4v2h2V6zm14 0H8v2h12V6zM4 11h2v2H4v-2zm16 0H8v2h12v-2zM4 16h2v2H4v-2zm16 0H8v2h12v-2z\" fill=\"currentColor\"><\/path><\/svg><svg style=\"fill: #999;color:#999\" class=\"arrow-unsorted-368013\" xmlns=\"http:\/\/www.w3.org\/2000\/svg\" width=\"10px\" height=\"10px\" viewBox=\"0 0 24 24\" version=\"1.2\" baseProfile=\"tiny\"><path d=\"M18.2 9.3l-6.2-6.3-6.2 6.3c-.2.2-.3.4-.3.7s.1.5.3.7c.2.2.4.3.7.3h11c.3 0 .5-.1.7-.3.2-.2.3-.5.3-.7s-.1-.5-.3-.7zM5.8 14.7l6.2 6.3 6.2-6.3c.2-.2.3-.5.3-.7s-.1-.5-.3-.7c-.2-.2-.4-.3-.7-.3h-11c-.3 0-.5.1-.7.3-.2.2-.3.5-.3.7s.1.5.3.7z\"\/><\/svg><\/span><\/span><\/span><\/a><\/span><\/div>\n<nav><ul class='ez-toc-list ez-toc-list-level-1 ' ><li class='ez-toc-page-1 ez-toc-heading-level-2'><a class=\"ez-toc-link ez-toc-heading-1\" href=\"https:\/\/www.mapadehoteis.com.br\/blog\/irlanda\/st-patricks-day-conheca-a-historia-e-onde-comemorar\/#Um_Pouco_sobre_a_Irlanda_e_este_dia_comemorativo\" title=\"Um Pouco sobre a Irlanda e este dia comemorativo\">Um Pouco sobre a Irlanda e este dia comemorativo<\/a><\/li><li class='ez-toc-page-1 ez-toc-heading-level-2'><a class=\"ez-toc-link ez-toc-heading-2\" href=\"https:\/\/www.mapadehoteis.com.br\/blog\/irlanda\/st-patricks-day-conheca-a-historia-e-onde-comemorar\/#Curiosidades_sobre_a_Irlanda\" title=\"Curiosidades sobre a Irlanda\">Curiosidades sobre a Irlanda<\/a><\/li><li class='ez-toc-page-1 ez-toc-heading-level-2'><a class=\"ez-toc-link ez-toc-heading-3\" href=\"https:\/\/www.mapadehoteis.com.br\/blog\/irlanda\/st-patricks-day-conheca-a-historia-e-onde-comemorar\/#Quem_foi_ST_PATRICK_na_Irlanda\" title=\"Quem foi ST PATRICK na Irlanda\u00a0\">Quem foi ST PATRICK na Irlanda\u00a0<\/a><\/li><li class='ez-toc-page-1 ez-toc-heading-level-2'><a class=\"ez-toc-link ez-toc-heading-4\" href=\"https:\/\/www.mapadehoteis.com.br\/blog\/irlanda\/st-patricks-day-conheca-a-historia-e-onde-comemorar\/#Simbolos_e_Significados_de_Saint_Patricks_Day\" title=\"S\u00edmbolos e Significados de Saint Patrick&#8217;s Day\">S\u00edmbolos e Significados de Saint Patrick&#8217;s Day<\/a><\/li><li class='ez-toc-page-1 ez-toc-heading-level-2'><a class=\"ez-toc-link ez-toc-heading-5\" href=\"https:\/\/www.mapadehoteis.com.br\/blog\/irlanda\/st-patricks-day-conheca-a-historia-e-onde-comemorar\/#Hoteis_com_Bares_para_curtir_o_ST_PATRICKS_DAY_2025\" title=\"Hot\u00e9is com Bares para curtir o ST PATRICK\u2019S DAY 2025\">Hot\u00e9is com Bares para curtir o ST PATRICK\u2019S DAY 2025<\/a><\/li><li class='ez-toc-page-1 ez-toc-heading-level-2'><a class=\"ez-toc-link ez-toc-heading-6\" href=\"https:\/\/www.mapadehoteis.com.br\/blog\/irlanda\/st-patricks-day-conheca-a-historia-e-onde-comemorar\/#Outras_opcoes_em_Florianopolis\" title=\"Outras op\u00e7\u00f5es em Florian\u00f3polis\">Outras op\u00e7\u00f5es em Florian\u00f3polis<\/a><\/li><\/ul><\/nav><\/div>\n<h2><span class=\"ez-toc-section\" id=\"Um_Pouco_sobre_a_Irlanda_e_este_dia_comemorativo\"><\/span><b>Um Pouco sobre a Irlanda e este dia comemorativo<\/b><span class=\"ez-toc-section-end\"><\/span><\/h2>\n<p><span style=\"font-weight: 400;\">No decorrer da hist\u00f3ria a Irlanda passou por muitos conflitos religiosos para se ter o cristianismo nela implementada. Sabemos que por consequ\u00eancia destes conflitos religiosos sociais e ideol\u00f3gicos o pa\u00eds foi dividido em dois pa\u00edses Rep\u00fablica da Irlanda e Irlanda do Norte pertencendo ao Reino Unido.<\/span><\/p>\n<p>&nbsp;<\/p>\n<p>Na Irlanda, o Dia de S\u00e3o Patr\u00edcio \u00e9 celebrado com desfiles, festas, missas especiais e uma atmosfera geral de alegria e comemora\u00e7\u00e3o. As pessoas vestem roupas verdes, que s\u00e3o associadas \u00e0 cor da Irlanda, e muitas cidades ao redor do mundo com comunidades irlandesas significativas tamb\u00e9m realizam eventos especiais para comemorar a ocasi\u00e3o.<\/p>\n<p><img data-recalc-dims=\"1\" loading=\"lazy\" decoding=\"async\" class=\"aligncenter size-full wp-image-5306\" src=\"https:\/\/i0.wp.com\/www.mapadehoteis.com.br\/blog\/wp-content\/uploads\/2021\/03\/desfile-st-patricks-day.jpg?resize=192%2C163&#038;ssl=1\" alt=\"desfile de st patricks day na irlanda\" width=\"192\" height=\"163\" srcset=\"https:\/\/i0.wp.com\/www.mapadehoteis.com.br\/blog\/wp-content\/uploads\/2021\/03\/desfile-st-patricks-day.jpg?w=192&amp;ssl=1 192w, https:\/\/i0.wp.com\/www.mapadehoteis.com.br\/blog\/wp-content\/uploads\/2021\/03\/desfile-st-patricks-day.jpg?resize=150%2C127&amp;ssl=1 150w\" sizes=\"auto, (max-width: 192px) 100vw, 192px\" \/><\/p>\n<p>O Dia de S\u00e3o Patr\u00edcio tamb\u00e9m \u00e9 uma oportunidade para os irlandeses, e aqueles que se identificam com a heran\u00e7a irlandesa, celebrarem sua cultura, hist\u00f3ria e identidade. Al\u00e9m disso, tornou-se uma festa popular em muitos outros pa\u00edses, onde as pessoas de todas as origens participam das festividades, muitas vezes aproveitando como uma desculpa para celebrar a cultura irlandesa, vestindo verde, bebendo cerveja e saboreando pratos tradicionais da culin\u00e1ria irlandesa.<\/p>\n<h2><span class=\"ez-toc-section\" id=\"Curiosidades_sobre_a_Irlanda\"><\/span><b>Curiosidades sobre a Irlanda<\/b><span class=\"ez-toc-section-end\"><\/span><\/h2>\n<ul>\n<li style=\"font-weight: 400;\" aria-level=\"1\"><span style=\"font-weight: 400;\">A Irlanda \u00e9 um dos pa\u00edses mais g\u00e9lidos, da Europa.<\/span><\/li>\n<li style=\"font-weight: 400;\" aria-level=\"1\"><span style=\"font-weight: 400;\">N\u00e3o existem cobras na Irlanda\u00a0 pois dizem\u00a0 que S\u00e3o Patr\u00edcios expulsou todas as cobras do pa\u00eds.<\/span><\/li>\n<li style=\"font-weight: 400;\" aria-level=\"1\"><span style=\"font-weight: 400;\">Os irlandeses s\u00e3o bem amig\u00e1veis. Costumam beber leite durante em todas refei\u00e7\u00f5es. A refei\u00e7\u00e3o mais famosa no pa\u00eds \u00e9 o Bacon Cabbage<\/span><span style=\"font-weight: 400;\"><img data-recalc-dims=\"1\" loading=\"lazy\" decoding=\"async\" class=\"aligncenter size-full wp-image-4363\" src=\"https:\/\/i0.wp.com\/www.mapadehoteis.com.br\/blog\/wp-content\/uploads\/2021\/03\/strudel-salgado-com-repolho-azedo-bacon-cebola.jpg?resize=233%2C153&#038;ssl=1\" alt=\"Strudel salgado com repolho azedo, bacon e cebola (Bacon Cabbage)\" width=\"233\" height=\"153\" \/><\/span><\/li>\n<li style=\"font-weight: 400;\" aria-level=\"1\"><span style=\"font-weight: 400;\">Menino\u00a0 ou menina, uma tradi\u00e7\u00e3o do pa\u00eds que os pais n\u00e3o devem contar para ningu\u00e9m o sexo do beb\u00ea antes dele nascer.<\/span><\/li>\n<li style=\"font-weight: 400;\" aria-level=\"1\"><span style=\"font-weight: 400;\">O <a href=\"https:\/\/www.mapadehoteis.com.br\/blog\/irlanda\/cork-top-cidades-da-irlanda-e-onde-se-hospedar\/\">Titanic foi constru\u00eddo na Irlanda<\/a>\u00a0 e afundou depois de 3 horas de navega\u00e7\u00e3o.<\/span><\/li>\n<li style=\"font-weight: 400;\" aria-level=\"1\"><span style=\"font-weight: 400;\">Um dos pontos mais visitados na Irlanda \u00e9 o Museu do Titanic\u00a0<\/span><\/li>\n<li style=\"font-weight: 400;\" aria-level=\"1\"><span style=\"font-weight: 400;\">A Irlanda \u00e9 um pa\u00eds que venta muito!<\/span><\/li>\n<li style=\"font-weight: 400;\" aria-level=\"1\"><span style=\"font-weight: 400;\">Bebidas alco\u00f3licas s\u00f3 podem ser ingeridas depois das 10\u00a0 horas e antes das 22horas<\/span><\/li>\n<\/ul>\n<h2><span class=\"ez-toc-section\" id=\"Quem_foi_ST_PATRICK_na_Irlanda\"><\/span><b>Quem foi ST PATRICK na Irlanda\u00a0<\/b><span class=\"ez-toc-section-end\"><\/span><\/h2>\n<p><span style=\"font-weight: 400;\">ST PATRICK foi um santo padroeiro que ministrou o cristianismo na Irlanda, o mesmo deixou como grande s\u00edmbolo da festa a quest\u00e3o do famoso trevo da sorte que usou para ajudar as pessoas entenderem Deus e sua Trindade o Pai o filho e o Esp\u00edrito Santo. Outro grande s\u00edmbolo da festa \u00e9 o <\/span><span style=\"font-weight: 400;\">de contos populares irlandeses, uma esp\u00e9cie de pequeno duende verde barbudo.<\/span><\/p>\n<p><span style=\"font-weight: 400;\">A Celebra\u00e7\u00e3o envolve desfiles, festivais p\u00fablicos, sess\u00f5es de m\u00fasicas tradicionais, e diversas pessoas utilizando trajes verdes.<\/span><\/p>\n<p><span style=\"font-weight: 400;\">Outras curiosidades sobre o ST PATRICK\u2019S DAY (Dia de S\u00e3o Patr\u00edcio) todos os anos a cidade de Chicago tinge o Rio Chicago de verde em celebra\u00e7\u00e3o \u00e0 data, a casa Branca tamb\u00e9m permite que a fonte do gramado seja tingida de verde em celebra\u00e7\u00e3o.<\/span><\/p>\n<h2><span class=\"ez-toc-section\" id=\"Simbolos_e_Significados_de_Saint_Patricks_Day\"><\/span><b>S\u00edmbolos e Significados de Saint Patrick&#8217;s Day<\/b><span class=\"ez-toc-section-end\"><\/span><\/h2>\n<p><b>Cor verde<\/b><span style=\"font-weight: 400;\">:\u00a0 Representa a cor verde do trevo que foi sagrada ao povo celta e a representa\u00e7\u00e3o do Pai do Filho e do Esp\u00edrito Santo e a esperan\u00e7a de S\u00e3o Patr\u00edcio nos seus desejos.<\/span><\/p>\n<p><b>Leprechaun<\/b><span style=\"font-weight: 400;\">: duende pequeno que representa a sorte ou m\u00e1 sorte dependendo do contexto\u00a0 em que e colocado.<\/span><\/p>\n<p><img data-recalc-dims=\"1\" loading=\"lazy\" decoding=\"async\" class=\"aligncenter wp-image-4364 size-full\" src=\"https:\/\/i0.wp.com\/www.mapadehoteis.com.br\/blog\/wp-content\/uploads\/2021\/03\/Leprechaun-irlanda.jpg?resize=233%2C303&#038;ssl=1\" alt=\"duende Leprechaun irlanda\" width=\"233\" height=\"303\" srcset=\"https:\/\/i0.wp.com\/www.mapadehoteis.com.br\/blog\/wp-content\/uploads\/2021\/03\/Leprechaun-irlanda.jpg?w=233&amp;ssl=1 233w, https:\/\/i0.wp.com\/www.mapadehoteis.com.br\/blog\/wp-content\/uploads\/2021\/03\/Leprechaun-irlanda.jpg?resize=231%2C300&amp;ssl=1 231w\" sizes=\"auto, (max-width: 233px) 100vw, 233px\" \/><\/p>\n<p>&nbsp;<\/p>\n<p><b>Cruz celta<\/b><span style=\"font-weight: 400;\">: criada por S\u00e3o Patr\u00edcio para convers\u00e3o dos irlandeses em crist\u00e3os<\/span><\/p>\n<h2><span class=\"ez-toc-section\" id=\"Hoteis_com_Bares_para_curtir_o_ST_PATRICKS_DAY_2025\"><\/span><b>Hot\u00e9is com Bares para curtir o <\/b><b>ST PATRICK\u2019S DAY 2025<\/b><span class=\"ez-toc-section-end\"><\/span><\/h2>\n<p><span style=\"font-weight: 400;\">Alguns pa\u00edses que adotam a festividades s\u00e3o EUA, Brasil, Nova Zel\u00e2ndia, Austr\u00e1lia, Reino\u00a0 Unido, Canad\u00e1\u00a0 e <a href=\"https:\/\/www.mapadehoteis.com.br\/blog\/irlanda\/\">Irlanda<\/a>.<\/span><\/p>\n<p><span style=\"font-weight: 400;\">Aqui no Brasil\u00a0 temos locais que s\u00e3o considerados comuns para se festejar a data como as cidades de Florian\u00f3polis e S\u00e3o Paulo.<\/span><\/p>\n<p>Se pudermos eleger um bom <a href=\"https:\/\/www.mapadehoteis.com.br\/hoteis\/sp\/sao-paulo\/\"><strong>hotel para se hospedar em S\u00e3o Paulo<\/strong> <\/a>no St. Patrick&#8217;s Day, podemos dizer que o <strong>&#8220;Must Bar&#8221;<\/strong> \u00e9 o ideal. O Must Bar \u00e9 o Bar do <a href=\"https:\/\/www.mapadehoteis.com.br\/hoteis\/sp\/sao-paulo\/hotel-tivoli-mofarrej-2\/\">Hotel Tivoli Mofarrej S\u00e3o Paulo<\/a>, fica localizado no t\u00e9rreo do hotel e possui uma decora\u00e7\u00e3o art d\u00e9co bem interessante. Outro destaque \u00e9 a carta de drinks assinada por Jessica Sancgez, j\u00e1 eleita a <strong>melhor bartender do Brasil<\/strong> pelo Cocktail Journey Diageo. O hotel est\u00e1 localizado em uma \u00e1rea privilegiada para comemorar este evento pois existem muitos bares ao redor al\u00e9m do pr\u00f3prio bar do hotel, na Alameda Santos, 1437.<\/p>\n<p><img data-recalc-dims=\"1\" loading=\"lazy\" decoding=\"async\" class=\"aligncenter wp-image-5321\" src=\"https:\/\/i0.wp.com\/www.mapadehoteis.com.br\/blog\/wp-content\/uploads\/2021\/03\/must-bar-tivoli-mofarrej-sao-paulo.jpg?resize=648%2C432&#038;ssl=1\" alt=\"must bar tivoli mofarrej sao paulo\" width=\"648\" height=\"432\" srcset=\"https:\/\/i0.wp.com\/www.mapadehoteis.com.br\/blog\/wp-content\/uploads\/2021\/03\/must-bar-tivoli-mofarrej-sao-paulo.jpg?resize=648%2C432&amp;ssl=1 648w, https:\/\/i0.wp.com\/www.mapadehoteis.com.br\/blog\/wp-content\/uploads\/2021\/03\/must-bar-tivoli-mofarrej-sao-paulo.jpg?resize=300%2C200&amp;ssl=1 300w, https:\/\/i0.wp.com\/www.mapadehoteis.com.br\/blog\/wp-content\/uploads\/2021\/03\/must-bar-tivoli-mofarrej-sao-paulo.jpg?resize=768%2C512&amp;ssl=1 768w, https:\/\/i0.wp.com\/www.mapadehoteis.com.br\/blog\/wp-content\/uploads\/2021\/03\/must-bar-tivoli-mofarrej-sao-paulo.jpg?resize=150%2C100&amp;ssl=1 150w, https:\/\/i0.wp.com\/www.mapadehoteis.com.br\/blog\/wp-content\/uploads\/2021\/03\/must-bar-tivoli-mofarrej-sao-paulo.jpg?w=1024&amp;ssl=1 1024w\" sizes=\"auto, (max-width: 648px) 100vw, 648px\" \/><\/p>\n<h3>Pubs em S\u00e3o Paulo<\/h3>\n<p>Se voc\u00ea procura um local para <strong>comemorar o St. Patrick&#8217;s Day em S\u00e3o Paulo<\/strong>, existem muitas op\u00e7\u00f5es desde bares mais comuns at\u00e9 Pubs tradicionais e hot\u00e9is. Um Pub muito famoso \u00e9 o &#8220;<strong>The Blue Pub<\/strong>&#8220;, apesar de ser um pub tipicamente ingl\u00eas, tamb\u00e9m comemoram com o famoso chop verde e fazem apresenta\u00e7\u00f5es musicais especiais. \u00c9 particularmente o meu Pub favorito de S\u00e3o Paulo pois al\u00e9m de possuir um espa\u00e7o amplo de show, preserva o que chamamos de tipicamente um Pub, e eles possuem o famoso chop irland\u00eas <strong>Guiness<\/strong>! Eles est\u00e3o localizados pr\u00f3ximo ao antigo hotel Maksoud Plaza, na Alameda Ribeir\u00e3o Preto, 384 &#8211; Bela Vista.<\/p>\n<p><img data-recalc-dims=\"1\" loading=\"lazy\" decoding=\"async\" class=\"aligncenter wp-image-5312\" src=\"https:\/\/i0.wp.com\/www.mapadehoteis.com.br\/blog\/wp-content\/uploads\/2021\/03\/the-blue-pub.jpg?resize=612%2C345&#038;ssl=1\" alt=\"the blue pub s\u00e3o paulo chops\" width=\"612\" height=\"345\" srcset=\"https:\/\/i0.wp.com\/www.mapadehoteis.com.br\/blog\/wp-content\/uploads\/2021\/03\/the-blue-pub.jpg?resize=648%2C365&amp;ssl=1 648w, https:\/\/i0.wp.com\/www.mapadehoteis.com.br\/blog\/wp-content\/uploads\/2021\/03\/the-blue-pub.jpg?resize=300%2C169&amp;ssl=1 300w, https:\/\/i0.wp.com\/www.mapadehoteis.com.br\/blog\/wp-content\/uploads\/2021\/03\/the-blue-pub.jpg?resize=150%2C84&amp;ssl=1 150w, https:\/\/i0.wp.com\/www.mapadehoteis.com.br\/blog\/wp-content\/uploads\/2021\/03\/the-blue-pub.jpg?w=680&amp;ssl=1 680w\" sizes=\"auto, (max-width: 612px) 100vw, 612px\" \/><\/p>\n<p>A regi\u00e3o da Paulista e Consola\u00e7\u00e3o \u00e9 a regi\u00e3o ideal para se estar quando falamos em comemorar dia de S\u00e3o Patr\u00edcio. Um Pub famoso e Irlandes que h\u00e1 comemora\u00e7\u00e3o do dia \u00e9 o <strong>O&#8217;Malley&#8217;s. <\/strong>Eles tamb\u00e9m tem \u00e1rea de show t\u00edpico para a comemora\u00e7\u00e3o, ah&#8230; eles est\u00e3o na Av It\u00fa e n\u00e3o cobram 10%!<\/p>\n<p><img data-recalc-dims=\"1\" loading=\"lazy\" decoding=\"async\" class=\"aligncenter size-large wp-image-5315\" src=\"https:\/\/i0.wp.com\/www.mapadehoteis.com.br\/blog\/wp-content\/uploads\/2021\/03\/saint-patricks-day-omalleys.jpeg?resize=648%2C432&#038;ssl=1\" alt=\"comemorando st patricks day no omalleys pub de s\u00e3o paulo\" width=\"648\" height=\"432\" srcset=\"https:\/\/i0.wp.com\/www.mapadehoteis.com.br\/blog\/wp-content\/uploads\/2021\/03\/saint-patricks-day-omalleys.jpeg?resize=648%2C432&amp;ssl=1 648w, https:\/\/i0.wp.com\/www.mapadehoteis.com.br\/blog\/wp-content\/uploads\/2021\/03\/saint-patricks-day-omalleys.jpeg?resize=300%2C200&amp;ssl=1 300w, https:\/\/i0.wp.com\/www.mapadehoteis.com.br\/blog\/wp-content\/uploads\/2021\/03\/saint-patricks-day-omalleys.jpeg?resize=768%2C512&amp;ssl=1 768w, https:\/\/i0.wp.com\/www.mapadehoteis.com.br\/blog\/wp-content\/uploads\/2021\/03\/saint-patricks-day-omalleys.jpeg?resize=150%2C100&amp;ssl=1 150w, https:\/\/i0.wp.com\/www.mapadehoteis.com.br\/blog\/wp-content\/uploads\/2021\/03\/saint-patricks-day-omalleys.jpeg?w=1080&amp;ssl=1 1080w\" sizes=\"auto, (max-width: 648px) 100vw, 648px\" \/><\/p>\n<p>&nbsp;<\/p>\n<h3>Bar Kia Ora &#8211; Down Under Experience<\/h3>\n<p>Como \u00e9 tradi\u00e7\u00e3o, o Kia Ora celebrar\u00e1 o famoso feriado irland\u00eas. Costumam oferecer um menu especial, incluindo comida tem\u00e1tica e cerveja verde! Al\u00e9m disso, bar conta com shows de rock ao vivo, m\u00fasica celta e partidas de r\u00fagbi.<\/p>\n<p><img decoding=\"async\" class=\"emoji\" role=\"img\" draggable=\"false\" src=\"https:\/\/s.w.org\/images\/core\/emoji\/15.0.3\/svg\/1f4cd.svg\" alt=\"&#x1f4cd;\" \/>\u00a0Rua Dr. Eduardo de Souza Aranha, 377 \u2013 Itaim Bibi<\/p>\n<p><img data-recalc-dims=\"1\" loading=\"lazy\" decoding=\"async\" class=\"aligncenter\" src=\"https:\/\/i0.wp.com\/offloadmedia.feverup.com\/saopaulosecreto.com\/wp-content\/uploads\/2022\/03\/11150815\/d3c3ca3be464fdd2edc99d89dd95a262.jpeg?resize=642%2C428&#038;ssl=1\" alt=\"kia ora bar irlandes\" width=\"642\" height=\"428\" \/><\/p>\n<p>&nbsp;<\/p>\n<h2><span class=\"ez-toc-section\" id=\"Outras_opcoes_em_Florianopolis\"><\/span>Outras op\u00e7\u00f5es em Florian\u00f3polis<span class=\"ez-toc-section-end\"><\/span><\/h2>\n<p>Outros Pubs Irlandeses que valem a pena a cita\u00e7\u00e3o s\u00e3o o <strong>Finnegan\u2019s, <\/strong><strong>Dublin Live Music e <\/strong><strong>St. Johns Irish Pub.<\/strong><\/p>\n<p>Em Floripa, existem muitos bares e pubs no centro da cidade e na Lagoa com chops e cervejas artesanais, al\u00e9m de bom ambiente tais como os famosos &#8220;Rufus Bar&#8221;, &#8220;Matura&#8221; e o &#8220;Black Dog&#8221;.<\/p>\n<p>O <a href=\"https:\/\/www.mapadehoteis.com.br\/hoteis\/sc\/florianopolis\/majestic-palace-hotel\/\"><strong>Majestic Palace Hotel<\/strong><\/a> \u00e9 uma \u00f3tima recomenda\u00e7\u00e3o para comemorar o ST. Patrick&#8217;s Day em Florian\u00f3polis pois ele est\u00e1 localizado na Orla do Centro da cidade onde existem muitos pubs e bares na regi\u00e3o. O hotel possui o Caf\u00e9 Mezzanine e tamb\u00e9m um bar pr\u00f3prio.<\/p>\n<p><img data-recalc-dims=\"1\" loading=\"lazy\" decoding=\"async\" class=\"aligncenter wp-image-5309\" src=\"https:\/\/i0.wp.com\/www.mapadehoteis.com.br\/blog\/wp-content\/uploads\/2021\/03\/majestic-floripa.jpg?resize=497%2C299&#038;ssl=1\" alt=\"vista do hotel Majestic Palace de Florian\u00f3polis\" width=\"497\" height=\"299\" srcset=\"https:\/\/i0.wp.com\/www.mapadehoteis.com.br\/blog\/wp-content\/uploads\/2021\/03\/majestic-floripa.jpg?resize=648%2C390&amp;ssl=1 648w, https:\/\/i0.wp.com\/www.mapadehoteis.com.br\/blog\/wp-content\/uploads\/2021\/03\/majestic-floripa.jpg?resize=300%2C180&amp;ssl=1 300w, https:\/\/i0.wp.com\/www.mapadehoteis.com.br\/blog\/wp-content\/uploads\/2021\/03\/majestic-floripa.jpg?resize=768%2C462&amp;ssl=1 768w, https:\/\/i0.wp.com\/www.mapadehoteis.com.br\/blog\/wp-content\/uploads\/2021\/03\/majestic-floripa.jpg?resize=150%2C90&amp;ssl=1 150w, https:\/\/i0.wp.com\/www.mapadehoteis.com.br\/blog\/wp-content\/uploads\/2021\/03\/majestic-floripa.jpg?w=1024&amp;ssl=1 1024w\" sizes=\"auto, (max-width: 497px) 100vw, 497px\" \/><\/p>\n<p>No centro da cidade, pr\u00f3ximo aos principais bares localiza-se o <strong><a href=\"https:\/\/www.booking.com\/hotel\/br\/ibis-florianopolis.pt-br.html?aid=370065\">ibis Florian\u00f3polis<\/a><\/strong>, no qual possui um bar moderno com localiza\u00e7\u00e3o excelente.<\/p>\n<p><img data-recalc-dims=\"1\" loading=\"lazy\" decoding=\"async\" class=\"aligncenter wp-image-5308\" src=\"https:\/\/i0.wp.com\/www.mapadehoteis.com.br\/blog\/wp-content\/uploads\/2021\/03\/ibis-florianopolis.jpg?resize=602%2C401&#038;ssl=1\" alt=\"bar do hotel ibis Florian\u00f3polis\" width=\"602\" height=\"401\" srcset=\"https:\/\/i0.wp.com\/www.mapadehoteis.com.br\/blog\/wp-content\/uploads\/2021\/03\/ibis-florianopolis.jpg?resize=648%2C432&amp;ssl=1 648w, https:\/\/i0.wp.com\/www.mapadehoteis.com.br\/blog\/wp-content\/uploads\/2021\/03\/ibis-florianopolis.jpg?resize=300%2C200&amp;ssl=1 300w, https:\/\/i0.wp.com\/www.mapadehoteis.com.br\/blog\/wp-content\/uploads\/2021\/03\/ibis-florianopolis.jpg?resize=768%2C512&amp;ssl=1 768w, https:\/\/i0.wp.com\/www.mapadehoteis.com.br\/blog\/wp-content\/uploads\/2021\/03\/ibis-florianopolis.jpg?resize=150%2C100&amp;ssl=1 150w, https:\/\/i0.wp.com\/www.mapadehoteis.com.br\/blog\/wp-content\/uploads\/2021\/03\/ibis-florianopolis.jpg?w=1024&amp;ssl=1 1024w\" sizes=\"auto, (max-width: 602px) 100vw, 602px\" \/><\/p>\n","protected":false},"excerpt":{"rendered":"<p>Antes de mais nada, para quem n\u00e3o sabe o\u00a0 Dia de S\u00e3o Patr\u00edcio (Saint Patrick&#8217;s Day) \u00e9 uma celebra\u00e7\u00e3o anual que ocorre no dia 17 de mar\u00e7o.\u00a0 A festividade ocorre em alguns pa\u00edses como Canad\u00e1, Reino Unido, Estados Unidos, Brasil, Austr\u00e1lia, e Nova Zel\u00e2ndia. O dia de S\u00e3o Patr\u00edcio \u00e9 uma celebra\u00e7\u00e3o de cultura irlandesa! [&hellip;]<\/p>\n","protected":false},"author":1,"featured_media":4361,"comment_status":"open","ping_status":"open","sticky":false,"template":"","format":"standard","meta":{"_lmt_disableupdate":"","_lmt_disable":"","_sitemap_exclude":false,"_sitemap_priority":"","_sitemap_frequency":"","_uf_show_specific_survey":0,"_uf_disable_surveys":false,"footnotes":""},"categories":[537],"tags":[541,557,341,538,556],"class_list":["post-4360","post","type-post","status-publish","format-standard","has-post-thumbnail","hentry","category-irlanda","tag-cork","tag-dia-de-sao-patricio","tag-festival","tag-irlanda","tag-saint-patricks-day"],"modified_by":"Leticia Carvalho","_links":{"self":[{"href":"https:\/\/www.mapadehoteis.com.br\/blog\/wp-json\/wp\/v2\/posts\/4360","targetHints":{"allow":["GET"]}}],"collection":[{"href":"https:\/\/www.mapadehoteis.com.br\/blog\/wp-json\/wp\/v2\/posts"}],"about":[{"href":"https:\/\/www.mapadehoteis.com.br\/blog\/wp-json\/wp\/v2\/types\/post"}],"author":[{"embeddable":true,"href":"https:\/\/www.mapadehoteis.com.br\/blog\/wp-json\/wp\/v2\/users\/1"}],"replies":[{"embeddable":true,"href":"https:\/\/www.mapadehoteis.com.br\/blog\/wp-json\/wp\/v2\/comments?post=4360"}],"version-history":[{"count":18,"href":"https:\/\/www.mapadehoteis.com.br\/blog\/wp-json\/wp\/v2\/posts\/4360\/revisions"}],"predecessor-version":[{"id":5909,"href":"https:\/\/www.mapadehoteis.com.br\/blog\/wp-json\/wp\/v2\/posts\/4360\/revisions\/5909"}],"wp:featuredmedia":[{"embeddable":true,"href":"https:\/\/www.mapadehoteis.com.br\/blog\/wp-json\/wp\/v2\/media\/4361"}],"wp:attachment":[{"href":"https:\/\/www.mapadehoteis.com.br\/blog\/wp-json\/wp\/v2\/media?parent=4360"}],"wp:term":[{"taxonomy":"category","embeddable":true,"href":"https:\/\/www.mapadehoteis.com.br\/blog\/wp-json\/wp\/v2\/categories?post=4360"},{"taxonomy":"post_tag","embeddable":true,"href":"https:\/\/www.mapadehoteis.com.br\/blog\/wp-json\/wp\/v2\/tags?post=4360"}],"curies":[{"name":"wp","href":"https:\/\/api.w.org\/{rel}","templated":true}]}}