{"id":4454,"date":"2023-07-18T22:41:39","date_gmt":"2023-07-19T01:41:39","guid":{"rendered":"https:\/\/www.mapadehoteis.com.br\/blog\/?p=4454"},"modified":"2023-07-25T16:01:30","modified_gmt":"2023-07-25T19:01:30","slug":"conheca-a-festa-de-santana-o-evento-religioso-de-botucatu","status":"publish","type":"post","link":"https:\/\/www.mapadehoteis.com.br\/blog\/eventos\/conheca-a-festa-de-santana-o-evento-religioso-de-botucatu\/","title":{"rendered":"Conhe\u00e7a a Festa de Santana: O evento religioso de Botucatu"},"content":{"rendered":"<div class=\"flex-1 overflow-hidden\">\n<div class=\"react-scroll-to-bottom--css-lmpmi-79elbk h-full dark:bg-gray-800\">\n<div class=\"react-scroll-to-bottom--css-lmpmi-1n7m0yu\">\n<div class=\"flex flex-col text-sm dark:bg-gray-800\">\n<div class=\"group w-full text-gray-800 dark:text-gray-100 border-b border-black\/10 dark:border-gray-900\/50 bg-gray-50 dark:bg-[#444654]\">\n<div class=\"flex p-4 gap-4 text-base md:gap-6 md:max-w-2xl lg:max-w-[38rem] xl:max-w-3xl md:py-6 lg:px-0 m-auto\">\n<div class=\"relative flex w-[calc(100%-50px)] flex-col gap-1 md:gap-3 lg:w-[calc(100%-115px)]\">\n<div class=\"flex flex-grow flex-col gap-3\">\n<div class=\"min-h-[20px] flex items-start overflow-x-auto whitespace-pre-wrap break-words flex-col gap-4\">\n<div class=\"markdown prose w-full break-words dark:prose-invert dark\">\n<p>A Festa de Sant&#8217;Ana de Botucatu \u00e9 uma celebra\u00e7\u00e3o religiosa e cultural que ocorre na cidade de Botucatu, no estado de S\u00e3o Paulo, Brasil. A festa \u00e9 dedicada a Sant&#8217;Ana, considerada a padroeira da cidade.<\/p>\n<p>A festa \u00e9 realizada anualmente no m\u00eas de julho, em homenagem a Sant&#8217;Ana, que \u00e9 conhecida como a av\u00f3 de Jesus Cristo. A programa\u00e7\u00e3o da festa inclui uma s\u00e9rie de atividades religiosas, como missas, prociss\u00f5es e novenas, que re\u00fanem fi\u00e9is e devotos de Sant&#8217;Ana.<\/p>\n<p><img data-recalc-dims=\"1\" loading=\"lazy\" decoding=\"async\" class=\"aligncenter wp-image-4455\" src=\"https:\/\/i0.wp.com\/www.mapadehoteis.com.br\/blog\/wp-content\/uploads\/2023\/07\/festa-de-santana-botucatu.jpg?resize=233%2C291&#038;ssl=1\" alt=\"festa de santana botucatu\" width=\"233\" height=\"291\" srcset=\"https:\/\/i0.wp.com\/www.mapadehoteis.com.br\/blog\/wp-content\/uploads\/2023\/07\/festa-de-santana-botucatu.jpg?resize=518%2C648&amp;ssl=1 518w, https:\/\/i0.wp.com\/www.mapadehoteis.com.br\/blog\/wp-content\/uploads\/2023\/07\/festa-de-santana-botucatu.jpg?resize=240%2C300&amp;ssl=1 240w, https:\/\/i0.wp.com\/www.mapadehoteis.com.br\/blog\/wp-content\/uploads\/2023\/07\/festa-de-santana-botucatu.jpg?resize=768%2C960&amp;ssl=1 768w, https:\/\/i0.wp.com\/www.mapadehoteis.com.br\/blog\/wp-content\/uploads\/2023\/07\/festa-de-santana-botucatu.jpg?w=1024&amp;ssl=1 1024w\" sizes=\"auto, (max-width: 233px) 100vw, 233px\" \/><\/p>\n<p>Al\u00e9m das atividades religiosas, a Festa de Sant&#8217;Ana de Botucatu tamb\u00e9m conta com uma programa\u00e7\u00e3o cultural diversificada. S\u00e3o realizados shows musicais, apresenta\u00e7\u00f5es teatrais, exposi\u00e7\u00f5es de artesanato e gastronomia t\u00edpica, entre outras atra\u00e7\u00f5es.<\/p>\n<p>A festa atrai um grande n\u00famero de visitantes de toda a regi\u00e3o, que v\u00eam participar das atividades religiosas, desfrutar da cultura local e aproveitar a anima\u00e7\u00e3o da festividade. \u00c9 uma ocasi\u00e3o importante para a comunidade botucatuense e uma oportunidade para valorizar a tradi\u00e7\u00e3o religiosa e cultural da regi\u00e3o.<\/p>\n<h2>Programa\u00e7\u00e3o da festa de Santana 2023<\/h2>\n<p>Toda a festa, considerando tanto a parte recreativa quanto a de religiosidade, ter\u00e1 in\u00edcio no dia 20 de julho e permanece at\u00e9 o dia 26 de julho, quarta-feira.<\/p>\n<p>Na quest\u00e3o recreativa, que acontecer\u00e1 nos primeiros tr\u00eas dias, acontecer\u00e1 o show da dupla Jo\u00e3o Vitor &amp; Gabriel, em seguida com a Banda Brown Town. Tamb\u00e9m agitar\u00e1 a festa a dupla Denise Amaral &amp; Isaac Ferraz, o cantor Maur\u00edcio Gasperini, ex-vocalista da banda R\u00e1dio T\u00e1xi e Luan Carbonari, do programa Canta Comigo da TV Record. O encerramento ser\u00e1 pelo grupo ABR3.<\/p>\n<h2>Onde se hospedar em Botucatu, a cidade da festa<\/h2>\n<p>Uma boa pedida de hot\u00e9is em Botucatu \u00e9 o Ibis Botucatu pode ser uma \u00f3tima op\u00e7\u00e3o para aquelas pessoas que buscam os padr\u00f5es Accor, ou seja, n\u00e3o ter que chegar cansado de uma viagem em um local que possa ser surpreendido com algum problemas. Os hot\u00e9is Ibis possuem o padr\u00e3o de higiente, conforto e \u00f3tima estrutura, somente surpresas boas! As camas s\u00e3o muito confort\u00e1veis, banheiro limpo, chuveiro muito quente e muito bom. Janelas insuladas com excelente veda\u00e7\u00e3o ac\u00fastica. Decora\u00e7\u00e3o industrial de excelente gosto!<\/p>\n<p><img data-recalc-dims=\"1\" loading=\"lazy\" decoding=\"async\" class=\"aligncenter wp-image-4462\" src=\"https:\/\/i0.wp.com\/www.mapadehoteis.com.br\/blog\/wp-content\/uploads\/2023\/07\/ibis-botucatu.jpg?resize=532%2C399&#038;ssl=1\" alt=\"ibis botucatu\" width=\"532\" height=\"399\" srcset=\"https:\/\/i0.wp.com\/www.mapadehoteis.com.br\/blog\/wp-content\/uploads\/2023\/07\/ibis-botucatu.jpg?resize=648%2C486&amp;ssl=1 648w, https:\/\/i0.wp.com\/www.mapadehoteis.com.br\/blog\/wp-content\/uploads\/2023\/07\/ibis-botucatu.jpg?resize=300%2C225&amp;ssl=1 300w, https:\/\/i0.wp.com\/www.mapadehoteis.com.br\/blog\/wp-content\/uploads\/2023\/07\/ibis-botucatu.jpg?resize=768%2C576&amp;ssl=1 768w, https:\/\/i0.wp.com\/www.mapadehoteis.com.br\/blog\/wp-content\/uploads\/2023\/07\/ibis-botucatu.jpg?w=1024&amp;ssl=1 1024w\" sizes=\"auto, (max-width: 532px) 100vw, 532px\" \/><\/p>\n<p><center><a class=\"botao_conversao\" href=\"https:\/\/www.booking.com\/hotel\/br\/ibis-botucatu.pt-br.html?aid=370065#availability_target\" target=\"_blank\" rel=\"noopener\">Consultar Reservas<\/a><\/center><br \/>\nO Riellis Center Hotel \u00e9 uma boa op\u00e7\u00e3o se tratando de quem procura conforto, recep\u00e7\u00e3o que fala outros idiomas e por que n\u00e3o, um caf\u00e9 da manh\u00e3 em estilo buffet ou americano! Eles tamb\u00e9m possuem estacionamento gratuito e uma boa avalia\u00e7\u00e3o.<\/p>\n<p><img data-recalc-dims=\"1\" loading=\"lazy\" decoding=\"async\" class=\"aligncenter wp-image-4459\" src=\"https:\/\/i0.wp.com\/www.mapadehoteis.com.br\/blog\/wp-content\/uploads\/2023\/07\/riellis-center-hotel-botucatu.jpg?resize=323%2C323&#038;ssl=1\" alt=\"riellis center hotel em botucatu\" width=\"323\" height=\"323\" srcset=\"https:\/\/i0.wp.com\/www.mapadehoteis.com.br\/blog\/wp-content\/uploads\/2023\/07\/riellis-center-hotel-botucatu.jpg?resize=648%2C648&amp;ssl=1 648w, https:\/\/i0.wp.com\/www.mapadehoteis.com.br\/blog\/wp-content\/uploads\/2023\/07\/riellis-center-hotel-botucatu.jpg?resize=300%2C300&amp;ssl=1 300w, https:\/\/i0.wp.com\/www.mapadehoteis.com.br\/blog\/wp-content\/uploads\/2023\/07\/riellis-center-hotel-botucatu.jpg?resize=150%2C150&amp;ssl=1 150w, https:\/\/i0.wp.com\/www.mapadehoteis.com.br\/blog\/wp-content\/uploads\/2023\/07\/riellis-center-hotel-botucatu.jpg?resize=60%2C60&amp;ssl=1 60w, https:\/\/i0.wp.com\/www.mapadehoteis.com.br\/blog\/wp-content\/uploads\/2023\/07\/riellis-center-hotel-botucatu.jpg?w=768&amp;ssl=1 768w\" sizes=\"auto, (max-width: 323px) 100vw, 323px\" \/><\/p>\n<p><center><a class=\"botao_conversao\" href=\"https:\/\/www.booking.com\/hotel\/br\/riellis-center.pt-br.html?aid=370065#availability_target\" target=\"_blank\" rel=\"noopener\">Consultar Reservas<\/a><\/center><\/div>\n<\/div>\n<\/div>\n<\/div>\n<\/div>\n<\/div>\n<\/div>\n<\/div>\n<\/div>\n<\/div>\n","protected":false},"excerpt":{"rendered":"<p>A Festa de Sant&#8217;Ana de Botucatu \u00e9 uma celebra\u00e7\u00e3o religiosa e cultural que ocorre na cidade de Botucatu, no estado de S\u00e3o Paulo, Brasil. A festa \u00e9 dedicada a Sant&#8217;Ana, considerada a padroeira da cidade. A festa \u00e9 realizada anualmente no m\u00eas de julho, em homenagem a Sant&#8217;Ana, que \u00e9 conhecida como a av\u00f3 de [&hellip;]<\/p>\n","protected":false},"author":1,"featured_media":4455,"comment_status":"open","ping_status":"open","sticky":false,"template":"","format":"standard","meta":{"_lmt_disableupdate":"","_lmt_disable":"","_sitemap_exclude":false,"_sitemap_priority":"","_sitemap_frequency":"","_uf_show_specific_survey":0,"_uf_disable_surveys":false,"footnotes":""},"categories":[371],"tags":[569,570],"class_list":["post-4454","post","type-post","status-publish","format-standard","has-post-thumbnail","hentry","category-eventos","tag-festa-religiosa","tag-hoteis-em-botucatu"],"modified_by":"Leticia Carvalho","_links":{"self":[{"href":"https:\/\/www.mapadehoteis.com.br\/blog\/wp-json\/wp\/v2\/posts\/4454","targetHints":{"allow":["GET"]}}],"collection":[{"href":"https:\/\/www.mapadehoteis.com.br\/blog\/wp-json\/wp\/v2\/posts"}],"about":[{"href":"https:\/\/www.mapadehoteis.com.br\/blog\/wp-json\/wp\/v2\/types\/post"}],"author":[{"embeddable":true,"href":"https:\/\/www.mapadehoteis.com.br\/blog\/wp-json\/wp\/v2\/users\/1"}],"replies":[{"embeddable":true,"href":"https:\/\/www.mapadehoteis.com.br\/blog\/wp-json\/wp\/v2\/comments?post=4454"}],"version-history":[{"count":9,"href":"https:\/\/www.mapadehoteis.com.br\/blog\/wp-json\/wp\/v2\/posts\/4454\/revisions"}],"predecessor-version":[{"id":4535,"href":"https:\/\/www.mapadehoteis.com.br\/blog\/wp-json\/wp\/v2\/posts\/4454\/revisions\/4535"}],"wp:featuredmedia":[{"embeddable":true,"href":"https:\/\/www.mapadehoteis.com.br\/blog\/wp-json\/wp\/v2\/media\/4455"}],"wp:attachment":[{"href":"https:\/\/www.mapadehoteis.com.br\/blog\/wp-json\/wp\/v2\/media?parent=4454"}],"wp:term":[{"taxonomy":"category","embeddable":true,"href":"https:\/\/www.mapadehoteis.com.br\/blog\/wp-json\/wp\/v2\/categories?post=4454"},{"taxonomy":"post_tag","embeddable":true,"href":"https:\/\/www.mapadehoteis.com.br\/blog\/wp-json\/wp\/v2\/tags?post=4454"}],"curies":[{"name":"wp","href":"https:\/\/api.w.org\/{rel}","templated":true}]}}