{"id":4774,"date":"2023-09-20T13:46:57","date_gmt":"2023-09-20T16:46:57","guid":{"rendered":"https:\/\/www.mapadehoteis.com.br\/blog\/?p=4774"},"modified":"2024-02-21T01:13:55","modified_gmt":"2024-02-21T04:13:55","slug":"oktoberfest-blumenau-2023-data-hoteis-proximos-e-muita-comida","status":"publish","type":"post","link":"https:\/\/www.mapadehoteis.com.br\/blog\/festas\/oktoberfest-blumenau-2023-data-hoteis-proximos-e-muita-comida\/","title":{"rendered":"Oktoberfest Blumenau: Data, Hot\u00e9is Pr\u00f3ximos e Muita Comida!"},"content":{"rendered":"<div class=\"flex-1 overflow-hidden\">\n<div class=\"react-scroll-to-bottom--css-hkefr-79elbk h-full dark:bg-gray-800\">\n<div class=\"react-scroll-to-bottom--css-hkefr-1n7m0yu\">\n<div class=\"flex flex-col text-sm dark:bg-gray-800\">\n<div class=\"group w-full text-token-text-primary border-b border-black\/10 dark:border-gray-900\/50 bg-gray-50 dark:bg-[#444654]\" data-testid=\"conversation-turn-29\">\n<div class=\"p-4 justify-center text-base md:gap-6 md:py-6 m-auto\">\n<div class=\"flex flex-1 gap-4 text-base mx-auto md:gap-6 md:max-w-2xl lg:max-w-[38rem] xl:max-w-3xl }\">\n<div class=\"relative flex w-[calc(100%-50px)] flex-col gap-1 md:gap-3 lg:w-[calc(100%-115px)]\">\n<div class=\"flex flex-grow flex-col gap-3 max-w-full\">\n<div class=\"min-h-[20px] flex flex-col items-start gap-3 overflow-x-auto whitespace-pre-wrap break-words\">\n<div class=\"markdown prose w-full break-words dark:prose-invert dark\">\n<p>A Oktoberfest de Blumenau \u00e9 um dos maiores e mais famosos festivais de cerveja do Brasil e ocorre na cidade de Blumenau, no estado de Santa Catarina. \u00c9 uma celebra\u00e7\u00e3o inspirada na tradicional <strong>Oktoberfest da Alemanha<\/strong>, que acontece em Munique, mas com um toque brasileiro.<\/p>\n<p>A <strong>Oktoberfest de Blumenau<\/strong> come\u00e7ou em 1984 e desde ent\u00e3o cresceu significativamente em popularidade e tamanho. O evento normalmente ocorre no m\u00eas de outubro e dura aproximadamente 18 dias. Durante esse per\u00edodo, a cidade recebe uma grande quantidade de visitantes de todo o pa\u00eds e at\u00e9 mesmo do exterior.<\/p>\n<p>A festa \u00e9 conhecida por suas caracter\u00edsticas marcantes, que incluem:<\/p>\n<ul>\n<li><strong>Desfile:<\/strong> A Oktoberfest de Blumenau come\u00e7a com um grande desfile que marca o in\u00edcio das festividades. O desfile inclui carros aleg\u00f3ricos, grupos folcl\u00f3ricos, bandas e muito mais, todos vestidos com trajes t\u00edpicos alem\u00e3es. Se voc\u00ea tem interesse em participar dos deslifes, as inscri\u00e7\u00f5es come\u00e7am em 20\/09\/2023 <strong><a href=\"https:\/\/desfile.oktoberfestblumenau.com.br\/?source=mapadehoteis\">clique aqui<\/a><\/strong>.<\/li>\n<\/ul>\n<p><img data-recalc-dims=\"1\" loading=\"lazy\" decoding=\"async\" class=\"aligncenter size-large wp-image-4777\" src=\"https:\/\/i0.wp.com\/www.mapadehoteis.com.br\/blog\/wp-content\/uploads\/2023\/09\/oktoberfest-blumenau-mulher-desfliando.jpg?resize=648%2C648&#038;ssl=1\" alt=\"oktoberfest blumenau mulher desfliando\" width=\"648\" height=\"648\" srcset=\"https:\/\/i0.wp.com\/www.mapadehoteis.com.br\/blog\/wp-content\/uploads\/2023\/09\/oktoberfest-blumenau-mulher-desfliando.jpg?resize=648%2C648&amp;ssl=1 648w, https:\/\/i0.wp.com\/www.mapadehoteis.com.br\/blog\/wp-content\/uploads\/2023\/09\/oktoberfest-blumenau-mulher-desfliando.jpg?resize=300%2C300&amp;ssl=1 300w, https:\/\/i0.wp.com\/www.mapadehoteis.com.br\/blog\/wp-content\/uploads\/2023\/09\/oktoberfest-blumenau-mulher-desfliando.jpg?resize=150%2C150&amp;ssl=1 150w, https:\/\/i0.wp.com\/www.mapadehoteis.com.br\/blog\/wp-content\/uploads\/2023\/09\/oktoberfest-blumenau-mulher-desfliando.jpg?resize=768%2C768&amp;ssl=1 768w, https:\/\/i0.wp.com\/www.mapadehoteis.com.br\/blog\/wp-content\/uploads\/2023\/09\/oktoberfest-blumenau-mulher-desfliando.jpg?resize=60%2C60&amp;ssl=1 60w, https:\/\/i0.wp.com\/www.mapadehoteis.com.br\/blog\/wp-content\/uploads\/2023\/09\/oktoberfest-blumenau-mulher-desfliando.jpg?resize=96%2C96&amp;ssl=1 96w, https:\/\/i0.wp.com\/www.mapadehoteis.com.br\/blog\/wp-content\/uploads\/2023\/09\/oktoberfest-blumenau-mulher-desfliando.jpg?w=1080&amp;ssl=1 1080w\" sizes=\"auto, (max-width: 648px) 100vw, 648px\" \/><\/p>\n<ul>\n<li><strong>Tendas de Cerveja:<\/strong> O cora\u00e7\u00e3o do evento s\u00e3o as tendas de cerveja, onde os visitantes podem degustar uma variedade de cervejas, incluindo as tradicionais cervejas alem\u00e3s, bem como cervejas locais e artesanais.<\/li>\n<li><strong>M\u00fasica e Entretenimento:<\/strong> H\u00e1 m\u00fasica ao vivo, com bandas tradicionais e modernas, que tocam desde polcas alem\u00e3s at\u00e9 m\u00fasicas contempor\u00e2neas. A dan\u00e7a \u00e9 uma parte importante da celebra\u00e7\u00e3o, com muita gente se divertindo nas pistas de dan\u00e7a.<\/li>\n<li><strong>Comida:<\/strong> Os visitantes podem saborear pratos alem\u00e3es aut\u00eanticos, como salsichas, pretzels, chucrute, e outros pratos t\u00edpicos.<\/li>\n<li><strong>Concursos e Atividades:<\/strong> H\u00e1 uma s\u00e9rie de concursos e competi\u00e7\u00f5es divertidas, como o concurso de chopp em metro e o concurso de trajes t\u00edpicos.<\/li>\n<li><strong>Decora\u00e7\u00e3o Tem\u00e1tica:<\/strong> Blumenau se transforma em uma cidade com uma decora\u00e7\u00e3o tem\u00e1tica encantadora, com muitas ruas e edif\u00edcios enfeitados com s\u00edmbolos tradicionais alem\u00e3es.<\/li>\n<\/ul>\n<h2>Quando ser\u00e1 a Oktoberfest 2023?<\/h2>\n<p>O festival de Blumenau \u00e9 longo ent\u00e3o voc\u00ea pode se programar bem para fazer um Tour! Ele come\u00e7a no dia <strong>04 outubro<\/strong> e termina no domingo dia <strong>22 de outubro<\/strong>.<\/p>\n<p>A Oktoberfest de Blumenau \u00e9 uma festa animada e colorida que atrai pessoas de todas as idades em busca de divers\u00e3o, m\u00fasica, comida e, claro, cerveja. Al\u00e9m disso, tamb\u00e9m \u00e9 uma oportunidade para celebrar a heran\u00e7a alem\u00e3 que influenciou a cultura da regi\u00e3o!<\/p>\n<h2>Ingressos e Localiza\u00e7\u00e3o da Oktoberfest Blumenau<\/h2>\n<p>O evento costuma acontecer sempre no\u00a0 <strong>Parque Vila Germ\u00e2nica. <\/strong>O Parque Vila Germ\u00e2nica \u00e9 um destino popular tanto para os moradores locais quanto para turistas que desejam experimentar a atmosfera e a hospitalidade da cultura alem\u00e3 em uma das cidades mais tradicionais da imigra\u00e7\u00e3o alem\u00e3 no Brasil.<\/p>\n<p>O parque conta com uma ampla infraestrutura, incluindo pavilh\u00f5es para abrigar os eventos, \u00e1reas de alimenta\u00e7\u00e3o, espa\u00e7os para apresenta\u00e7\u00f5es culturais, lojas com produtos t\u00edpicos e estacionamento. H\u00e1 v\u00e1rias lojas dentro do parque onde os visitantes podem adquirir produtos relacionados \u00e0 cultura alem\u00e3, como roupas, souvenires, produtos aliment\u00edcios e, \u00e9 claro, cervejas locais e importadas. Tamb\u00e9m h\u00e1 restaurantes e bares que servem pratos alem\u00e3es aut\u00eanticos e outras op\u00e7\u00f5es de comida e bebida.<\/p>\n<p>Se voc\u00ea quer garantir seu ingresso no maior festival da cerveja no Brasil, a Oktoberfest Blumenau, os ingressos est\u00e3o dispon\u00edveis e voc\u00ea pode <strong><a href=\"http:\/\/oktoberfestblumenau.com.br\/\">comprar aqui<\/a><\/strong>.<\/p>\n<h2>Veja Hot\u00e9is Pr\u00f3ximos da Oktoberfest Blumenau<\/h2>\n<p>Existe uma grande variedade de hot\u00e9is em Blumenau, por\u00e9m recomendamos se hospedar em locais pr\u00f3ximos ao Parque Vila Germ\u00e2nica, onde ser\u00e1 realizado o festival. Afinal este \u00e9 um evento com muita m\u00fasica, comida e muita bebida alco\u00f3lica. Se for beber n\u00e3o dirija!<\/p>\n<\/div>\n<\/div>\n<\/div>\n<\/div>\n<\/div>\n<\/div>\n<\/div>\n<\/div>\n<\/div>\n<\/div>\n<\/div>\n<p>Para quem j\u00e1 sabe que a dica de ouro \u00e9 localiza\u00e7\u00e3o, o Blu Terrace Hotel est\u00e1 a <strong>apenas 50 m<\/strong>\u00a0 de dist\u00e2ncia do Parque Vila Germ\u00e2nica! O Hotel possui:<\/p>\n<ul class=\"c807d72881 e5e0727360 e10711a42e\">\n<li class=\"a8b57ad3ff d50c412d31 fb9a5438f9 c7a5a1307a\">\n<div>\n<div class=\"a815ec762e ab06168e66\">\n<div class=\"e2c5f6cdcb\">\n<div class=\"a53cbfa6de e6208ee469\"><span class=\"db312485ba\">Quartos para n\u00e3o fumantes<\/span><\/div>\n<\/div>\n<\/div>\n<\/div>\n<\/li>\n<li class=\"a8b57ad3ff d50c412d31 fb9a5438f9 c7a5a1307a\">\n<div>\n<div class=\"a815ec762e ab06168e66\">\n<div class=\"e2c5f6cdcb\">\n<div class=\"a53cbfa6de e6208ee469\"><span class=\"db312485ba\">Wi-Fi gratuito<\/span><\/div>\n<\/div>\n<\/div>\n<\/div>\n<\/li>\n<li class=\"a8b57ad3ff d50c412d31 fb9a5438f9 c7a5a1307a\">\n<div>\n<div class=\"a815ec762e ab06168e66\">\n<div class=\"e2c5f6cdcb\">\n<div class=\"a53cbfa6de e6208ee469\"><span class=\"db312485ba\">Estacionamento gratuito<\/span><\/div>\n<\/div>\n<\/div>\n<\/div>\n<\/li>\n<li class=\"a8b57ad3ff d50c412d31 fb9a5438f9 c7a5a1307a\">\n<div>\n<div class=\"a815ec762e ab06168e66\">\n<div class=\"e2c5f6cdcb\">\n<div class=\"a53cbfa6de e6208ee469\"><span class=\"db312485ba\">Servi\u00e7o de quarto<\/span><\/div>\n<\/div>\n<\/div>\n<\/div>\n<\/li>\n<li class=\"a8b57ad3ff d50c412d31 fb9a5438f9 c7a5a1307a\">\n<div>\n<div class=\"a815ec762e ab06168e66\">\n<div class=\"e2c5f6cdcb\">\n<div class=\"a53cbfa6de e6208ee469\"><span class=\"db312485ba\">Instala\u00e7\u00f5es para pessoas com defici\u00eancia<\/span><\/div>\n<\/div>\n<\/div>\n<\/div>\n<\/li>\n<li class=\"a8b57ad3ff d50c412d31 fb9a5438f9 c7a5a1307a\">\n<div>\n<div class=\"a815ec762e ab06168e66\">\n<div class=\"e2c5f6cdcb\">\n<div class=\"a53cbfa6de e6208ee469\"><span class=\"db312485ba\">Restaurante<\/span><\/div>\n<\/div>\n<\/div>\n<\/div>\n<\/li>\n<li class=\"a8b57ad3ff d50c412d31 fb9a5438f9 c7a5a1307a\">\n<div>\n<div class=\"a815ec762e ab06168e66\">\n<div class=\"e2c5f6cdcb\">\n<div class=\"a53cbfa6de e6208ee469\"><span class=\"db312485ba\">Quartos para fam\u00edlias<\/span><\/div>\n<\/div>\n<\/div>\n<\/div>\n<\/li>\n<li class=\"a8b57ad3ff d50c412d31 fb9a5438f9 c7a5a1307a\">\n<div>\n<div class=\"a815ec762e ab06168e66\">\n<div class=\"e2c5f6cdcb\">\n<div class=\"a53cbfa6de e6208ee469\"><span class=\"db312485ba\">Bar<\/span><\/div>\n<\/div>\n<\/div>\n<\/div>\n<\/li>\n<li class=\"a8b57ad3ff d50c412d31 fb9a5438f9 c7a5a1307a\">\n<div>\n<div class=\"a815ec762e ab06168e66\">\n<div class=\"e2c5f6cdcb\">\n<div class=\"a53cbfa6de e6208ee469 be469d76b3\" tabindex=\"0\" aria-expanded=\"false\"><span class=\"db312485ba\">Caf\u00e9 da manh\u00e3 muito bom<\/span><\/div>\n<div tabindex=\"0\" aria-expanded=\"false\"><\/div>\n<\/div>\n<div tabindex=\"0\" aria-expanded=\"false\"><img data-recalc-dims=\"1\" loading=\"lazy\" decoding=\"async\" class=\"aligncenter wp-image-4780\" src=\"https:\/\/i0.wp.com\/www.mapadehoteis.com.br\/blog\/wp-content\/uploads\/2023\/09\/blu-terrace-hotel.jpg?resize=479%2C319&#038;ssl=1\" alt=\"blu terrace hotel\" width=\"479\" height=\"319\" srcset=\"https:\/\/i0.wp.com\/www.mapadehoteis.com.br\/blog\/wp-content\/uploads\/2023\/09\/blu-terrace-hotel.jpg?resize=648%2C432&amp;ssl=1 648w, https:\/\/i0.wp.com\/www.mapadehoteis.com.br\/blog\/wp-content\/uploads\/2023\/09\/blu-terrace-hotel.jpg?resize=300%2C200&amp;ssl=1 300w, https:\/\/i0.wp.com\/www.mapadehoteis.com.br\/blog\/wp-content\/uploads\/2023\/09\/blu-terrace-hotel.jpg?resize=768%2C512&amp;ssl=1 768w, https:\/\/i0.wp.com\/www.mapadehoteis.com.br\/blog\/wp-content\/uploads\/2023\/09\/blu-terrace-hotel.jpg?resize=150%2C100&amp;ssl=1 150w, https:\/\/i0.wp.com\/www.mapadehoteis.com.br\/blog\/wp-content\/uploads\/2023\/09\/blu-terrace-hotel.jpg?w=1024&amp;ssl=1 1024w\" sizes=\"auto, (max-width: 479px) 100vw, 479px\" \/><\/div>\n<\/div>\n<\/div>\n<\/li>\n<\/ul>\n<p><center><\/center><center><a class=\"botao_conversao\" href=\"http:\/\/www.booking.com\/hotel\/br\/blu-terrace.pt-br.html?aid=370065;sid=73dbe2baab23c363e5ec50ba0c0aead9;dcid=1;origin=disamb;srhash=1767514198;srpos=1#availability_target\">Reservar Agora<\/a><\/center>&nbsp;<\/p>\n","protected":false},"excerpt":{"rendered":"<p>A Oktoberfest de Blumenau \u00e9 um dos maiores e mais famosos festivais de cerveja do Brasil e ocorre na cidade de Blumenau, no estado de Santa Catarina. \u00c9 uma celebra\u00e7\u00e3o inspirada na tradicional Oktoberfest da Alemanha, que acontece em Munique, mas com um toque brasileiro. A Oktoberfest de Blumenau come\u00e7ou em 1984 e desde ent\u00e3o [&hellip;]<\/p>\n","protected":false},"author":1,"featured_media":4778,"comment_status":"open","ping_status":"open","sticky":false,"template":"","format":"standard","meta":{"_lmt_disableupdate":"","_lmt_disable":"","_sitemap_exclude":false,"_sitemap_priority":"","_sitemap_frequency":"","_uf_show_specific_survey":0,"_uf_disable_surveys":false,"footnotes":""},"categories":[344],"tags":[342,341,340,197],"class_list":["post-4774","post","type-post","status-publish","format-standard","has-post-thumbnail","hentry","category-festas","tag-blumenau","tag-festival","tag-oktoberfest","tag-santa-catarina-2"],"modified_by":"Leticia Carvalho","_links":{"self":[{"href":"https:\/\/www.mapadehoteis.com.br\/blog\/wp-json\/wp\/v2\/posts\/4774","targetHints":{"allow":["GET"]}}],"collection":[{"href":"https:\/\/www.mapadehoteis.com.br\/blog\/wp-json\/wp\/v2\/posts"}],"about":[{"href":"https:\/\/www.mapadehoteis.com.br\/blog\/wp-json\/wp\/v2\/types\/post"}],"author":[{"embeddable":true,"href":"https:\/\/www.mapadehoteis.com.br\/blog\/wp-json\/wp\/v2\/users\/1"}],"replies":[{"embeddable":true,"href":"https:\/\/www.mapadehoteis.com.br\/blog\/wp-json\/wp\/v2\/comments?post=4774"}],"version-history":[{"count":8,"href":"https:\/\/www.mapadehoteis.com.br\/blog\/wp-json\/wp\/v2\/posts\/4774\/revisions"}],"predecessor-version":[{"id":5365,"href":"https:\/\/www.mapadehoteis.com.br\/blog\/wp-json\/wp\/v2\/posts\/4774\/revisions\/5365"}],"wp:featuredmedia":[{"embeddable":true,"href":"https:\/\/www.mapadehoteis.com.br\/blog\/wp-json\/wp\/v2\/media\/4778"}],"wp:attachment":[{"href":"https:\/\/www.mapadehoteis.com.br\/blog\/wp-json\/wp\/v2\/media?parent=4774"}],"wp:term":[{"taxonomy":"category","embeddable":true,"href":"https:\/\/www.mapadehoteis.com.br\/blog\/wp-json\/wp\/v2\/categories?post=4774"},{"taxonomy":"post_tag","embeddable":true,"href":"https:\/\/www.mapadehoteis.com.br\/blog\/wp-json\/wp\/v2\/tags?post=4774"}],"curies":[{"name":"wp","href":"https:\/\/api.w.org\/{rel}","templated":true}]}}