{"id":5112,"date":"2025-01-22T11:37:04","date_gmt":"2025-01-22T14:37:04","guid":{"rendered":"https:\/\/www.mapadehoteis.com.br\/blog\/?p=5112"},"modified":"2025-02-20T23:09:37","modified_gmt":"2025-02-21T02:09:37","slug":"melhores-bloquinhos-de-carnaval-de-sao-paulo-2025","status":"publish","type":"post","link":"https:\/\/www.mapadehoteis.com.br\/blog\/carnaval\/melhores-bloquinhos-de-carnaval-de-sao-paulo-2025\/","title":{"rendered":"Melhores Blocos de Carnaval de Rua de S\u00e3o Paulo 2025"},"content":{"rendered":"<p>Para voc\u00ea que ama um carnaval e um pr\u00e9-carnaval mas gostaria de saber quais s\u00e3o os melhores bloquinhos de S\u00e3o Paulo, aqui est\u00e3o alguns dos blocos que s\u00e3o conhecidos por atrair multid\u00f5es e prometem marcar presen\u00e7a em 2025:<\/p>\n<div id=\"ez-toc-container\" class=\"ez-toc-v2_0_73 counter-hierarchy ez-toc-counter ez-toc-grey ez-toc-container-direction\">\n<div class=\"ez-toc-title-container\">\n<p class=\"ez-toc-title\" style=\"cursor:inherit\">Sum\u00e1rio<\/p>\n<span class=\"ez-toc-title-toggle\"><a href=\"#\" class=\"ez-toc-pull-right ez-toc-btn ez-toc-btn-xs ez-toc-btn-default ez-toc-toggle\" aria-label=\"Alternar tabela de conte\u00fado\"><span class=\"ez-toc-js-icon-con\"><span class=\"\"><span class=\"eztoc-hide\" style=\"display:none;\">Toggle<\/span><span class=\"ez-toc-icon-toggle-span\"><svg style=\"fill: #999;color:#999\" xmlns=\"http:\/\/www.w3.org\/2000\/svg\" class=\"list-377408\" width=\"20px\" height=\"20px\" viewBox=\"0 0 24 24\" fill=\"none\"><path d=\"M6 6H4v2h2V6zm14 0H8v2h12V6zM4 11h2v2H4v-2zm16 0H8v2h12v-2zM4 16h2v2H4v-2zm16 0H8v2h12v-2z\" fill=\"currentColor\"><\/path><\/svg><svg style=\"fill: #999;color:#999\" class=\"arrow-unsorted-368013\" xmlns=\"http:\/\/www.w3.org\/2000\/svg\" width=\"10px\" height=\"10px\" viewBox=\"0 0 24 24\" version=\"1.2\" baseProfile=\"tiny\"><path d=\"M18.2 9.3l-6.2-6.3-6.2 6.3c-.2.2-.3.4-.3.7s.1.5.3.7c.2.2.4.3.7.3h11c.3 0 .5-.1.7-.3.2-.2.3-.5.3-.7s-.1-.5-.3-.7zM5.8 14.7l6.2 6.3 6.2-6.3c.2-.2.3-.5.3-.7s-.1-.5-.3-.7c-.2-.2-.4-.3-.7-.3h-11c-.3 0-.5.1-.7.3-.2.2-.3.5-.3.7s.1.5.3.7z\"\/><\/svg><\/span><\/span><\/span><\/a><\/span><\/div>\n<nav><ul class='ez-toc-list ez-toc-list-level-1 ' ><li class='ez-toc-page-1 ez-toc-heading-level-2'><a class=\"ez-toc-link ez-toc-heading-1\" href=\"https:\/\/www.mapadehoteis.com.br\/blog\/carnaval\/melhores-bloquinhos-de-carnaval-de-sao-paulo-2025\/#Bloco_de_Carnaval_Tarado_Ni_Voce\" title=\"Bloco de Carnaval Tarado Ni Voc\u00ea\">Bloco de Carnaval Tarado Ni Voc\u00ea<\/a><\/li><li class='ez-toc-page-1 ez-toc-heading-level-2'><a class=\"ez-toc-link ez-toc-heading-2\" href=\"https:\/\/www.mapadehoteis.com.br\/blog\/carnaval\/melhores-bloquinhos-de-carnaval-de-sao-paulo-2025\/#Bloco_Academicos_do_Baixo_Augusta\" title=\"Bloco Acad\u00eamicos do Baixo Augusta\">Bloco Acad\u00eamicos do Baixo Augusta<\/a><\/li><li class='ez-toc-page-1 ez-toc-heading-level-2'><a class=\"ez-toc-link ez-toc-heading-3\" href=\"https:\/\/www.mapadehoteis.com.br\/blog\/carnaval\/melhores-bloquinhos-de-carnaval-de-sao-paulo-2025\/#Bloco_Bicho_Maluco_Beleza\" title=\"Bloco Bicho Maluco Beleza\">Bloco Bicho Maluco Beleza<\/a><\/li><li class='ez-toc-page-1 ez-toc-heading-level-2'><a class=\"ez-toc-link ez-toc-heading-4\" href=\"https:\/\/www.mapadehoteis.com.br\/blog\/carnaval\/melhores-bloquinhos-de-carnaval-de-sao-paulo-2025\/#Bloco_Agrada_Gregos\" title=\"Bloco Agrada Gregos\">Bloco Agrada Gregos<\/a><\/li><li class='ez-toc-page-1 ez-toc-heading-level-2'><a class=\"ez-toc-link ez-toc-heading-5\" href=\"https:\/\/www.mapadehoteis.com.br\/blog\/carnaval\/melhores-bloquinhos-de-carnaval-de-sao-paulo-2025\/#Bloco_da_Latinha_Mix\" title=\"Bloco da Latinha Mix\">Bloco da Latinha Mix<\/a><\/li><li class='ez-toc-page-1 ez-toc-heading-level-2'><a class=\"ez-toc-link ez-toc-heading-6\" href=\"https:\/\/www.mapadehoteis.com.br\/blog\/carnaval\/melhores-bloquinhos-de-carnaval-de-sao-paulo-2025\/#Bloco_Sargento_Pimenta_e_Bangalafumenga\" title=\"Bloco Sargento Pimenta e Bangalafumenga\">Bloco Sargento Pimenta e Bangalafumenga<\/a><\/li><li class='ez-toc-page-1 ez-toc-heading-level-2'><a class=\"ez-toc-link ez-toc-heading-7\" href=\"https:\/\/www.mapadehoteis.com.br\/blog\/carnaval\/melhores-bloquinhos-de-carnaval-de-sao-paulo-2025\/#Bloco_de_Rua_Casa_Comigo\" title=\"Bloco de Rua Casa Comigo\">Bloco de Rua Casa Comigo<\/a><\/li><li class='ez-toc-page-1 ez-toc-heading-level-2'><a class=\"ez-toc-link ez-toc-heading-8\" href=\"https:\/\/www.mapadehoteis.com.br\/blog\/carnaval\/melhores-bloquinhos-de-carnaval-de-sao-paulo-2025\/#Bloco_de_Rua_Afro_Ilu_Oba_de_Min\" title=\"Bloco de Rua Afro Il\u00fa Ob\u00e1 de Min\">Bloco de Rua Afro Il\u00fa Ob\u00e1 de Min<\/a><\/li><\/ul><\/nav><\/div>\n<h2><span class=\"ez-toc-section\" id=\"Bloco_de_Carnaval_Tarado_Ni_Voce\"><\/span><strong>Bloco de Carnaval Tarado Ni Voc\u00ea<\/strong><span class=\"ez-toc-section-end\"><\/span><\/h2>\n<p>O Bloco Tarado Ni Voc\u00ea \u00e9 um dos blocos de carnaval mais populares e tradicionais do <a href=\"https:\/\/www.mapadehoteis.com.br\/blog\/carnaval\/carnaval-em-sao-paulo-confira-atracoes-e-onde-se-hospedar\/\"><strong>carnaval de S\u00e3o Paulo<\/strong><\/a>. Inspirado na obra do cantor e compositor Caetano Veloso, o bloco come\u00e7ou em 2013 como uma homenagem \u00e0 m\u00fasica &#8220;Tarado Ni Voc\u00ea&#8221;. Desde ent\u00e3o, cresceu em tamanho e notoriedade.<\/p>\n<p>O bloco \u00e9 conhecido por atrair uma multid\u00e3o diversificada e animada, com pessoas de diferentes idades e estilos. Sua proposta \u00e9 promover a celebra\u00e7\u00e3o, a alegria e a diversidade, contando com m\u00fasicas animadas que misturam ritmos brasileiros. O desfile do Bloco Tarado Ni Voc\u00ea costuma percorrer as ruas do <strong>bairro de Pinheiros<\/strong>, e a atmosfera festiva \u00e9 marcada por fantasias criativas, adere\u00e7os extravagantes e muita anima\u00e7\u00e3o.<\/p>\n<p>Infelizmente em 2024 n\u00e3o aconteceu o desfile do bloco no carnaval, ent\u00e3o existe uma grande expectativa para este ano de <strong>2025<\/strong>.<\/p>\n<p><strong>O d<span class=\"_ap3a _aaco _aacu _aacx _aad7 _aade\" dir=\"auto\">esfile ser\u00e1 dia 01\/03\/25 \u00e0s 10:00 \u2022 Avenida Ipiranga x S\u00e3o Jo\u00e3o, Centro<\/span><\/strong><\/p>\n<h2><span class=\"ez-toc-section\" id=\"Bloco_Academicos_do_Baixo_Augusta\"><\/span><strong>Bloco Acad\u00eamicos do Baixo Augusta<\/strong><span class=\"ez-toc-section-end\"><\/span><\/h2>\n<div class=\"flex-1 overflow-hidden\">\n<div class=\"react-scroll-to-bottom--css-kmbuh-79elbk h-full\">\n<div class=\"react-scroll-to-bottom--css-kmbuh-1n7m0yu\">\n<div class=\"flex flex-col pb-9 text-sm\">\n<div class=\"w-full text-token-text-primary\" data-testid=\"conversation-turn-7\">\n<div class=\"px-4 py-2 justify-center text-base md:gap-6 m-auto\">\n<div class=\"flex flex-1 text-base mx-auto gap-3 md:px-5 lg:px-1 xl:px-5 md:max-w-3xl lg:max-w-[40rem] xl:max-w-[48rem] group final-completion\">\n<div class=\"relative flex w-full flex-col lg:w-[calc(100%-115px)] agent-turn\">\n<div class=\"flex-col gap-1 md:gap-3\">\n<div class=\"flex flex-grow flex-col max-w-full\">\n<div class=\"min-h-[20px] text-message flex flex-col items-start gap-3 whitespace-pre-wrap break-words [.text-message+&amp;]:mt-5 overflow-x-auto\" data-message-author-role=\"assistant\" data-message-id=\"dbd9033c-ef41-4282-ba4c-aacdbf7c3cd2\">\n<div class=\"markdown prose w-full break-words dark:prose-invert dark\">\n<p>O Bloco Acad\u00eamicos do Baixo Augusta \u00e9 um dos blocos de carnaval mais conhecidos e queridos de S\u00e3o Paulo. Fundado em 2009, ele se tornou um \u00edcone da folia na cidade. O bloco recebe esse nome devido \u00e0 sua trajet\u00f3ria pelas ruas do bairro Augusta, conhecido por sua diversidade e vida noturna.<\/p>\n<p>O Acad\u00eamicos do Baixo Augusta \u00e9 reconhecido por sua atmosfera inclusiva e ecl\u00e9tica, atraindo pessoas de diferentes idades, classes sociais e estilos. O desfile \u00e9 marcado por m\u00fasicas variadas, que v\u00e3o desde cl\u00e1ssicos do carnaval at\u00e9 hits contempor\u00e2neos. O bloco costuma atrair uma multid\u00e3o animada, e os foli\u00f5es capricham nas fantasias, contribuindo para criar um ambiente festivo e colorido.<\/p>\n<p>&nbsp;<\/p>\n<p><img data-recalc-dims=\"1\" loading=\"lazy\" decoding=\"async\" class=\"aligncenter wp-image-5118\" src=\"https:\/\/i0.wp.com\/www.mapadehoteis.com.br\/blog\/wp-content\/uploads\/2024\/01\/bloco-academicos-baixo-augusta.png?resize=523%2C397&#038;ssl=1\" alt=\"bloquinho academicos do baixa augusta com alessandra negrini \" width=\"523\" height=\"397\" srcset=\"https:\/\/i0.wp.com\/www.mapadehoteis.com.br\/blog\/wp-content\/uploads\/2024\/01\/bloco-academicos-baixo-augusta.png?w=617&amp;ssl=1 617w, https:\/\/i0.wp.com\/www.mapadehoteis.com.br\/blog\/wp-content\/uploads\/2024\/01\/bloco-academicos-baixo-augusta.png?resize=300%2C228&amp;ssl=1 300w, https:\/\/i0.wp.com\/www.mapadehoteis.com.br\/blog\/wp-content\/uploads\/2024\/01\/bloco-academicos-baixo-augusta.png?resize=150%2C114&amp;ssl=1 150w\" sizes=\"auto, (max-width: 523px) 100vw, 523px\" \/><\/p>\n<p>Al\u00e9m do desfile de carnaval, o Bloco Acad\u00eamicos do Baixo Augusta tamb\u00e9m promove eventos ao longo do ano, mantendo viva a energia e a celebra\u00e7\u00e3o caracter\u00edsticas do carnaval paulistano.<\/p>\n<p><strong>Para o ano de 2025<\/strong>, o desfile ser\u00e1 no dia 23 de fevereiro. Haver\u00e1 homenagem &#8220;A For\u00e7a dos nossos Pagodes&#8221; com Jorge Arag\u00e3o e tamb\u00e9m convidados especiais: <a class=\"x1i10hfl xjbqb8w x1ejq31n xd10rxx x1sy0etr x17r0tee x972fbf xcfux6l x1qhh985 xm0m39n x9f619 x1ypdohk xt0psk2 xe8uvvx xdj266r x11i5rnm xat24cr x1mh8g0r xexx8yu x4uap5 x18d9i69 xkhd6sd x16tdsg8 x1hl2dhg xggy1nq x1a2a7pz notranslate _a6hd\" tabindex=\"0\" role=\"link\" href=\"https:\/\/www.instagram.com\/tassiareis_\/?hl=pt\" target=\"_blank\" rel=\"noopener\">@tassiareis_<\/a>, <a class=\"x1i10hfl xjbqb8w x1ejq31n xd10rxx x1sy0etr x17r0tee x972fbf xcfux6l x1qhh985 xm0m39n x9f619 x1ypdohk xt0psk2 xe8uvvx xdj266r x11i5rnm xat24cr x1mh8g0r xexx8yu x4uap5 x18d9i69 xkhd6sd x16tdsg8 x1hl2dhg xggy1nq x1a2a7pz notranslate _a6hd\" tabindex=\"0\" role=\"link\" href=\"https:\/\/www.instagram.com\/yagoproprio\/?hl=pt\" target=\"_blank\" rel=\"noopener\">@yagoproprio, <\/a><a class=\"x1i10hfl xjbqb8w x1ejq31n xd10rxx x1sy0etr x17r0tee x972fbf xcfux6l x1qhh985 xm0m39n x9f619 x1ypdohk xt0psk2 xe8uvvx xdj266r x11i5rnm xat24cr x1mh8g0r xexx8yu x4uap5 x18d9i69 xkhd6sd x16tdsg8 x1hl2dhg xggy1nq x1a2a7pz notranslate _a6hd\" tabindex=\"0\" role=\"link\" href=\"https:\/\/www.instagram.com\/tuliparuiz\/?hl=pt\" target=\"_blank\" rel=\"noopener\">@tuliparuiz<\/a>, <a class=\"x1i10hfl xjbqb8w x1ejq31n xd10rxx x1sy0etr x17r0tee x972fbf xcfux6l x1qhh985 xm0m39n x9f619 x1ypdohk xt0psk2 xe8uvvx xdj266r x11i5rnm xat24cr x1mh8g0r xexx8yu x4uap5 x18d9i69 xkhd6sd x16tdsg8 x1hl2dhg xggy1nq x1a2a7pz notranslate _a6hd\" tabindex=\"0\" role=\"link\" href=\"https:\/\/www.instagram.com\/ottomatopeia\/?hl=pt\" target=\"_blank\" rel=\"noopener\">@ottomatopeia, <\/a><a class=\"x1i10hfl xjbqb8w x1ejq31n xd10rxx x1sy0etr x17r0tee x972fbf xcfux6l x1qhh985 xm0m39n x9f619 x1ypdohk xt0psk2 xe8uvvx xdj266r x11i5rnm xat24cr x1mh8g0r xexx8yu x4uap5 x18d9i69 xkhd6sd x16tdsg8 x1hl2dhg xggy1nq x1a2a7pz notranslate _a6hd\" tabindex=\"0\" role=\"link\" href=\"https:\/\/www.instagram.com\/bpazinato\/?hl=pt\" target=\"_blank\" rel=\"noopener\">@bpazinato<\/a> e <a class=\"x1i10hfl xjbqb8w x1ejq31n xd10rxx x1sy0etr x17r0tee x972fbf xcfux6l x1qhh985 xm0m39n x9f619 x1ypdohk xt0psk2 xe8uvvx xdj266r x11i5rnm xat24cr x1mh8g0r xexx8yu x4uap5 x18d9i69 xkhd6sd x16tdsg8 x1hl2dhg xggy1nq x1a2a7pz notranslate _a6hd\" tabindex=\"0\" role=\"link\" href=\"https:\/\/www.instagram.com\/andre_frateschi\/?hl=pt\" target=\"_blank\" rel=\"noopener\">@andre_frateschi<\/a><\/p>\n<p><strong>Hor\u00e1rio<\/strong>: Sa\u00edda pontualmente 14h<br \/>\n<strong>Local:<\/strong> Rua da Consola\u00e7\u00e3o &#8211; Centro &#8211; SP<br \/>\n<strong>Sa\u00edda<\/strong>: Cruzamento da Av Consola\u00e7\u00e3o com a Av Paulista<\/p>\n<p>Quem quiser entrar no grupo whatsapp: <a href=\"https:\/\/chat.whatsapp.com\/IYfeJREl6i9AnsScEn3ger\">https:\/\/chat.whatsapp.com\/IYfeJREl6i9AnsScEn3ger<\/a><\/p>\n<h2><span class=\"ez-toc-section\" id=\"Bloco_Bicho_Maluco_Beleza\"><\/span><strong>Bloco Bicho Maluco Beleza<\/strong><span class=\"ez-toc-section-end\"><\/span><\/h2>\n<\/div>\n<\/div>\n<\/div>\n<\/div>\n<\/div>\n<\/div>\n<\/div>\n<\/div>\n<\/div>\n<\/div>\n<\/div>\n<\/div>\n<p>O Bloco Bicho Maluco Beleza \u00e9 um bloco de carnaval em S\u00e3o Paulo que foi criado em 2012 e desde ent\u00e3o tem atra\u00eddo f\u00e3s do m\u00fasico e foli\u00f5es em geral.<\/p>\n<p>O nome &#8220;Bicho Maluco Beleza&#8221; \u00e9 inspirado em uma das m\u00fasicas mais conhecidas de Raul Seixas. O bloco \u00e9 famoso n\u00e3o por tocar os sucessos do cantor, mas por criar uma atmosfera festiva, teatral e descontra\u00edda, t\u00edpica do carnaval brasileiro. Os participantes costumam se vestir com fantasias criativas e extravagantes, dando foco e resignificando o jeito maluco beleza de ser. O Bloco \u00e9 liderado por Alceu Valen\u00e7a!<\/p>\n<p><img data-recalc-dims=\"1\" loading=\"lazy\" decoding=\"async\" class=\"aligncenter size-full wp-image-5672\" src=\"https:\/\/i0.wp.com\/www.mapadehoteis.com.br\/blog\/wp-content\/uploads\/2024\/01\/bloco-bicho-maluco-beleza.png?resize=480%2C521&#038;ssl=1\" alt=\"bloco bicho maluco beleza 2025 de alceu valen\u00e7a em recife\" width=\"480\" height=\"521\" srcset=\"https:\/\/i0.wp.com\/www.mapadehoteis.com.br\/blog\/wp-content\/uploads\/2024\/01\/bloco-bicho-maluco-beleza.png?w=480&amp;ssl=1 480w, https:\/\/i0.wp.com\/www.mapadehoteis.com.br\/blog\/wp-content\/uploads\/2024\/01\/bloco-bicho-maluco-beleza.png?resize=276%2C300&amp;ssl=1 276w, https:\/\/i0.wp.com\/www.mapadehoteis.com.br\/blog\/wp-content\/uploads\/2024\/01\/bloco-bicho-maluco-beleza.png?resize=150%2C163&amp;ssl=1 150w\" sizes=\"auto, (max-width: 480px) 100vw, 480px\" \/><\/p>\n<p>O desfile do Bloco Bicho Maluco Beleza geralmente ocorre em regi\u00f5es espec\u00edficas de S\u00e3o Paulo, e a multid\u00e3o de foli\u00f5es se diverte ao som das can\u00e7\u00f5es de Raul Seixas, celebrando a irrever\u00eancia e o esp\u00edrito do &#8220;maluco beleza&#8221;. O desfile\u00a0acontece geralmente no Parque Ibirapuera de S\u00e3o Paulo (Vila Mariana).<\/p>\n<p><strong>O bloco Bicho Maluco Beleza em 2025<\/strong>, comandado pelo grande <a class=\"x1i10hfl xjbqb8w x1ejq31n xd10rxx x1sy0etr x17r0tee x972fbf xcfux6l x1qhh985 xm0m39n x9f619 x1ypdohk xt0psk2 xe8uvvx xdj266r x11i5rnm xat24cr x1mh8g0r xexx8yu x4uap5 x18d9i69 xkhd6sd x16tdsg8 x1hl2dhg xggy1nq x1a2a7pz notranslate _a6hd\" tabindex=\"0\" role=\"link\" href=\"https:\/\/www.instagram.com\/alceuvalenca\/\">@alceuvalenca<\/a> vai fazer um desfile especial saindo de Recife como pr\u00e9-Carnaval. &#x1f3ad;<br \/>\nO evento vai acontecer no domingo, <strong>dia 23 de fevereiro,<\/strong> um final de semana antes do Carnaval.<\/p>\n<p>O bloco, que j\u00e1 acontece todos os anos no Parque Ibirapuera em S\u00e3o Paulo, desfilar\u00e1 na Rua da Aurora e ser\u00e1 totalmente gratuito pra todo mundo brincar junto!&#x2764;&#xfe0f;<\/p>\n<h2><span class=\"ez-toc-section\" id=\"Bloco_Agrada_Gregos\"><\/span><strong>Bloco Agrada Gregos<\/strong><span class=\"ez-toc-section-end\"><\/span><\/h2>\n<p>Com uma proposta mais voltada para a m\u00fasica eletr\u00f4nica, o Agrada Gregos costuma atrair um p\u00fablico animado.<\/p>\n<p>O Agrada Gregos destaca-se pela anima\u00e7\u00e3o de seus foli\u00f5es, pela presen\u00e7a de DJs que tocam diversos estilos de m\u00fasica eletr\u00f4nica e por sua atmosfera festiva e descontra\u00edda. O bloco costuma percorrer as ruas de regi\u00f5es espec\u00edficas da cidade, reunindo foli\u00f5es que curtem dan\u00e7ar ao ar livre ao som de batidas eletr\u00f4nicas.<\/p>\n<p><img data-recalc-dims=\"1\" loading=\"lazy\" decoding=\"async\" class=\"aligncenter wp-image-5126\" src=\"https:\/\/i0.wp.com\/www.mapadehoteis.com.br\/blog\/wp-content\/uploads\/2024\/01\/Bloco-Agrada-Gregos.jpg?resize=516%2C344&#038;ssl=1\" alt=\"Bloco Agrada Gregos de s\u00e3o paulo\" width=\"516\" height=\"344\" srcset=\"https:\/\/i0.wp.com\/www.mapadehoteis.com.br\/blog\/wp-content\/uploads\/2024\/01\/Bloco-Agrada-Gregos.jpg?resize=648%2C432&amp;ssl=1 648w, https:\/\/i0.wp.com\/www.mapadehoteis.com.br\/blog\/wp-content\/uploads\/2024\/01\/Bloco-Agrada-Gregos.jpg?resize=300%2C200&amp;ssl=1 300w, https:\/\/i0.wp.com\/www.mapadehoteis.com.br\/blog\/wp-content\/uploads\/2024\/01\/Bloco-Agrada-Gregos.jpg?resize=768%2C512&amp;ssl=1 768w, https:\/\/i0.wp.com\/www.mapadehoteis.com.br\/blog\/wp-content\/uploads\/2024\/01\/Bloco-Agrada-Gregos.jpg?resize=1536%2C1024&amp;ssl=1 1536w, https:\/\/i0.wp.com\/www.mapadehoteis.com.br\/blog\/wp-content\/uploads\/2024\/01\/Bloco-Agrada-Gregos.jpg?resize=150%2C100&amp;ssl=1 150w, https:\/\/i0.wp.com\/www.mapadehoteis.com.br\/blog\/wp-content\/uploads\/2024\/01\/Bloco-Agrada-Gregos.jpg?w=1920&amp;ssl=1 1920w, https:\/\/i0.wp.com\/www.mapadehoteis.com.br\/blog\/wp-content\/uploads\/2024\/01\/Bloco-Agrada-Gregos.jpg?w=1296&amp;ssl=1 1296w\" sizes=\"auto, (max-width: 516px) 100vw, 516px\" \/><\/p>\n<p>Assim como outros blocos de carnaval em S\u00e3o Paulo, o Agrada Gregos contribui para a diversidade de op\u00e7\u00f5es durante a folia, proporcionando uma experi\u00eancia \u00fanica para aqueles que buscam uma celebra\u00e7\u00e3o mais voltada para a m\u00fasica eletr\u00f4nica.<\/p>\n<p><strong>Aten\u00e7\u00e3o: ESQUENTA DO BLOCO AGRADA GREGOS &#8211; 25\/01\/2025<\/strong><\/p>\n<h2><span class=\"ez-toc-section\" id=\"Bloco_da_Latinha_Mix\"><\/span><strong>Bloco da Latinha Mix<\/strong><span class=\"ez-toc-section-end\"><\/span><\/h2>\n<p>Misturando diversos estilos musicais, esse bloco \u00e9 conhecido por suas apresenta\u00e7\u00f5es diversificadas. Bloco criado pela R\u00e1dio Mix de S\u00e3o Paulo, vem ganhando cada vez mais for\u00e7a. O bloco ir\u00e1 contar com IZA, Escola Rosas de Ouro e o Falc\u00e3o do grupo O Rappa.<\/p>\n<h3>Dia do Bloco Latinha Mix confirmado<\/h3>\n<p>Ser\u00e1 no Ibirapuera dia 04\/03\/2025<\/p>\n<h2><span class=\"ez-toc-section\" id=\"Bloco_Sargento_Pimenta_e_Bangalafumenga\"><\/span><strong>Bloco Sargento Pimenta e Bangalafumenga<\/strong><span class=\"ez-toc-section-end\"><\/span><\/h2>\n<p>A ideia surgiu em 2010, quando um grupo de amigos decidiu fundar seu pr\u00f3prio bloco. Sob a baqueta do s\u00f3lido m\u00e9tido de educa\u00e7\u00e3o musical &#8220;O Passo&#8221;, o conjunto evoluiu at\u00e9 a forma\u00e7\u00e3o que debutou no maior festival de rua do mundo. O <a href=\"https:\/\/www.mapadehoteis.com.br\/blog\/carnaval\/bloco-sargento-pimenta-pre-carnaval-em-sao-paulo\/\"><strong>Bloco Sargento Pimenta<\/strong><\/a> que homenageia Os Beatles consagrou no Rio de janeiro e veio para S\u00e3o Paulo.<\/p>\n<p><img data-recalc-dims=\"1\" loading=\"lazy\" decoding=\"async\" class=\"aligncenter wp-image-5128\" src=\"https:\/\/i0.wp.com\/www.mapadehoteis.com.br\/blog\/wp-content\/uploads\/2024\/01\/sargento-pimenta-bangalafumenga.jpg?resize=522%2C359&#038;ssl=1\" alt=\"bloco de rua sargento pimenta e bangalafumenta pre carnaval de s\u00e3o paulo meninas com fantasia\" width=\"522\" height=\"359\" srcset=\"https:\/\/i0.wp.com\/www.mapadehoteis.com.br\/blog\/wp-content\/uploads\/2024\/01\/sargento-pimenta-bangalafumenga.jpg?resize=648%2C446&amp;ssl=1 648w, https:\/\/i0.wp.com\/www.mapadehoteis.com.br\/blog\/wp-content\/uploads\/2024\/01\/sargento-pimenta-bangalafumenga.jpg?resize=300%2C207&amp;ssl=1 300w, https:\/\/i0.wp.com\/www.mapadehoteis.com.br\/blog\/wp-content\/uploads\/2024\/01\/sargento-pimenta-bangalafumenga.jpg?resize=150%2C103&amp;ssl=1 150w, https:\/\/i0.wp.com\/www.mapadehoteis.com.br\/blog\/wp-content\/uploads\/2024\/01\/sargento-pimenta-bangalafumenga.jpg?w=720&amp;ssl=1 720w\" sizes=\"auto, (max-width: 522px) 100vw, 522px\" \/><\/p>\n<p>&nbsp;<\/p>\n<h2><span class=\"ez-toc-section\" id=\"Bloco_de_Rua_Casa_Comigo\"><\/span><strong>Bloco de Rua Casa Comigo<\/strong><span class=\"ez-toc-section-end\"><\/span><\/h2>\n<p>O bloco foi criado em 2013 por um grupo de amigos despretenciosos que tinham como objetivo a folia democr\u00e1tica acima de tudo. Muito rapidamente ganhou espa\u00e7o com foli\u00f5es fantasiados de padres, freiras, noivas e tudo que representa o nome do bloco &#8220;casa comigo?&#8221;. Outro destaque desde bloco \u00e9 a bateria que apelidada de &#8220;Bateria da Sogra&#8221; \u00e9 comandada por mestres da Mocidade Alegre. \u00c9 um dos maiores blocos de rua, s\u00e3o mais ou menos 50 pessoas s\u00f3 na bateria que toca repert\u00f3rios variados entre marchinas, funk, samba e forr\u00f3.<\/p>\n<p><img data-recalc-dims=\"1\" loading=\"lazy\" decoding=\"async\" class=\"aligncenter size-full wp-image-5137\" src=\"https:\/\/i0.wp.com\/www.mapadehoteis.com.br\/blog\/wp-content\/uploads\/2024\/01\/bloco-casa-comigo-bloco-de-rua.jpg?resize=293%2C172&#038;ssl=1\" alt=\"bloco de rua casa comigo 2024\" width=\"293\" height=\"172\" srcset=\"https:\/\/i0.wp.com\/www.mapadehoteis.com.br\/blog\/wp-content\/uploads\/2024\/01\/bloco-casa-comigo-bloco-de-rua.jpg?w=293&amp;ssl=1 293w, https:\/\/i0.wp.com\/www.mapadehoteis.com.br\/blog\/wp-content\/uploads\/2024\/01\/bloco-casa-comigo-bloco-de-rua.jpg?resize=150%2C88&amp;ssl=1 150w\" sizes=\"auto, (max-width: 293px) 100vw, 293px\" \/><\/p>\n<p>Este <strong>ano de 2024 <\/strong>o Bloco ter\u00e1 um encontro no dia 20\/01\/2024 Funk Love Baile localizado na Bela Vista \u00e0s 19:00h. Depois novamente, 03\/02\/2024 Bloco de Rua com o Buchecha.<\/p>\n<h2><span class=\"ez-toc-section\" id=\"Bloco_de_Rua_Afro_Ilu_Oba_de_Min\"><\/span><strong>Bloco de Rua Afro Il\u00fa Ob\u00e1 de Min<\/strong><span class=\"ez-toc-section-end\"><\/span><\/h2>\n<p>Fundado em 2004, o grupo bloco Afro Il\u00fa Ob\u00e1 de Min \u00e9 composto majoritariamente por mulheres negras e tem como prop\u00f3sito valorizar e preservar a cultura afro-brasileira, especialmente por meio da m\u00fasica e da dan\u00e7a.<\/p>\n<p>O Il\u00fa Ob\u00e1 de Min se destaca por incorporar elementos de diversas manifesta\u00e7\u00f5es culturais africanas e afro-brasileiras em suas apresenta\u00e7\u00f5es. O nome &#8220;Il\u00fa Ob\u00e1 de Min&#8221; faz refer\u00eancia a duas entidades culturais importantes: &#8220;Il\u00fa&#8221; se relaciona com a tradi\u00e7\u00e3o de grupos percussivos afro-brasileiros, enquanto &#8220;Ob\u00e1 de Min&#8221; \u00e9 uma homenagem a uma divindade feminina do candombl\u00e9.<\/p>\n<figure id=\"attachment_5143\" class=\"thumbnail wp-caption aligncenter\" style=\"width: 658px\"><img data-recalc-dims=\"1\" loading=\"lazy\" decoding=\"async\" class=\"size-large wp-image-5143\" src=\"https:\/\/i0.wp.com\/www.mapadehoteis.com.br\/blog\/wp-content\/uploads\/2024\/01\/Foto-Leon-Rodrigues-afro-Ilu-Oba-Min.jpeg?resize=648%2C431&#038;ssl=1\" alt=\"Afro Il\u00fa Ob\u00e1 de Min foto leon rodrigues\" width=\"648\" height=\"431\" srcset=\"https:\/\/i0.wp.com\/www.mapadehoteis.com.br\/blog\/wp-content\/uploads\/2024\/01\/Foto-Leon-Rodrigues-afro-Ilu-Oba-Min.jpeg?resize=648%2C431&amp;ssl=1 648w, https:\/\/i0.wp.com\/www.mapadehoteis.com.br\/blog\/wp-content\/uploads\/2024\/01\/Foto-Leon-Rodrigues-afro-Ilu-Oba-Min.jpeg?resize=300%2C200&amp;ssl=1 300w, https:\/\/i0.wp.com\/www.mapadehoteis.com.br\/blog\/wp-content\/uploads\/2024\/01\/Foto-Leon-Rodrigues-afro-Ilu-Oba-Min.jpeg?resize=768%2C511&amp;ssl=1 768w, https:\/\/i0.wp.com\/www.mapadehoteis.com.br\/blog\/wp-content\/uploads\/2024\/01\/Foto-Leon-Rodrigues-afro-Ilu-Oba-Min.jpeg?resize=150%2C100&amp;ssl=1 150w, https:\/\/i0.wp.com\/www.mapadehoteis.com.br\/blog\/wp-content\/uploads\/2024\/01\/Foto-Leon-Rodrigues-afro-Ilu-Oba-Min.jpeg?w=1024&amp;ssl=1 1024w\" sizes=\"auto, (max-width: 648px) 100vw, 648px\" \/><figcaption class=\"caption wp-caption-text\">Foto: Leon Rodrigues<\/figcaption><\/figure>\n<p>O grupo realiza apresenta\u00e7\u00f5es em diversos eventos, como desfiles de carnaval, festivais e manifesta\u00e7\u00f5es culturais. Al\u00e9m disso, o Il\u00fa Ob\u00e1 de Min tamb\u00e9m desenvolve projetos sociais e educativos, buscando promover a inclus\u00e3o social e a valoriza\u00e7\u00e3o da cultura afro-brasileira.<\/p>\n<p>Neste ano de 2024 o bloco Afro Il\u00fa Ob\u00e1 de Min est\u00e1 previsto para o desfile se iniciar no Centro da cidade de S\u00e3o Paulo na Pra\u00e7a da Rep\u00fablica,dia 09\/02\/24 com in\u00edcio da concentra\u00e7\u00e3o \u00e0s 18:00 e dispers\u00e3o \u00e0s 23:00.<\/p>\n<p>Veja tamb\u00e9m:<\/p>\n<p><a href=\"https:\/\/www.mapadehoteis.com.br\/blog\/carnaval\/top-5-melhores-carnavais-do-brasil\/\"><strong>Melhores Carnavais do Brasil<\/strong><\/a><\/p>\n","protected":false},"excerpt":{"rendered":"<p>Para voc\u00ea que ama um carnaval e um pr\u00e9-carnaval mas gostaria de saber quais s\u00e3o os melhores bloquinhos de S\u00e3o Paulo, aqui est\u00e3o alguns dos blocos que s\u00e3o conhecidos por atrair multid\u00f5es e prometem marcar presen\u00e7a em 2025: Bloco de Carnaval Tarado Ni Voc\u00ea O Bloco Tarado Ni Voc\u00ea \u00e9 um dos blocos de carnaval [&hellip;]<\/p>\n","protected":false},"author":1,"featured_media":5651,"comment_status":"open","ping_status":"open","sticky":false,"template":"","format":"standard","meta":{"_lmt_disableupdate":"","_lmt_disable":"","_sitemap_exclude":false,"_sitemap_priority":"","_sitemap_frequency":"","_uf_show_specific_survey":0,"_uf_disable_surveys":false,"footnotes":""},"categories":[154],"tags":[516,1290,1380,302],"class_list":["post-5112","post","type-post","status-publish","format-standard","has-post-thumbnail","hentry","category-carnaval","tag-blocos-de-carnaval","tag-carnaval","tag-carnaval-2025","tag-sp"],"modified_by":"Leticia Carvalho","_links":{"self":[{"href":"https:\/\/www.mapadehoteis.com.br\/blog\/wp-json\/wp\/v2\/posts\/5112","targetHints":{"allow":["GET"]}}],"collection":[{"href":"https:\/\/www.mapadehoteis.com.br\/blog\/wp-json\/wp\/v2\/posts"}],"about":[{"href":"https:\/\/www.mapadehoteis.com.br\/blog\/wp-json\/wp\/v2\/types\/post"}],"author":[{"embeddable":true,"href":"https:\/\/www.mapadehoteis.com.br\/blog\/wp-json\/wp\/v2\/users\/1"}],"replies":[{"embeddable":true,"href":"https:\/\/www.mapadehoteis.com.br\/blog\/wp-json\/wp\/v2\/comments?post=5112"}],"version-history":[{"count":33,"href":"https:\/\/www.mapadehoteis.com.br\/blog\/wp-json\/wp\/v2\/posts\/5112\/revisions"}],"predecessor-version":[{"id":5799,"href":"https:\/\/www.mapadehoteis.com.br\/blog\/wp-json\/wp\/v2\/posts\/5112\/revisions\/5799"}],"wp:featuredmedia":[{"embeddable":true,"href":"https:\/\/www.mapadehoteis.com.br\/blog\/wp-json\/wp\/v2\/media\/5651"}],"wp:attachment":[{"href":"https:\/\/www.mapadehoteis.com.br\/blog\/wp-json\/wp\/v2\/media?parent=5112"}],"wp:term":[{"taxonomy":"category","embeddable":true,"href":"https:\/\/www.mapadehoteis.com.br\/blog\/wp-json\/wp\/v2\/categories?post=5112"},{"taxonomy":"post_tag","embeddable":true,"href":"https:\/\/www.mapadehoteis.com.br\/blog\/wp-json\/wp\/v2\/tags?post=5112"}],"curies":[{"name":"wp","href":"https:\/\/api.w.org\/{rel}","templated":true}]}}