{"id":536,"date":"2012-09-01T20:39:11","date_gmt":"2012-09-01T23:39:11","guid":{"rendered":"http:\/\/www.mapadehoteis.com.br\/blog\/?p=536"},"modified":"2015-03-30T19:05:17","modified_gmt":"2015-03-30T22:05:17","slug":"pontos-turisticos-de-macapa-fortaleza-de-sao-jose","status":"publish","type":"post","link":"https:\/\/www.mapadehoteis.com.br\/blog\/turismo\/pontos-turisticos-de-macapa-fortaleza-de-sao-jose\/","title":{"rendered":"Pontos tur\u00edsticos de Macap\u00e1 &#8211; Fortaleza de S\u00e3o Jos\u00e9"},"content":{"rendered":"<p>Este \u00e9 o primeiro post de uma sequ\u00eancia completa sobre <strong>Macap\u00e1<\/strong>! Irei mostrar um pouco de tudo da cidade de Macap\u00e1, dentre os t\u00f3picos abordarei \u00a0hist\u00f3ria, cultura e religiosidade desta capital t\u00e3o linda. Come\u00e7aremos hoje pelo primeiro ponto tur\u00edstico de Macap\u00e1: A <strong>Fortaleza do S\u00e3o \/jos\u00e9<\/strong>:<\/p>\n<p><strong>Fortaleza de S\u00e3o Jos\u00e9 <\/strong>localiza-se em uma faixa territorial \u00e0 margem esquerda do\u00a0rio Amazonas.<\/p>\n<p>A Fortaleza \u00e9, para os amapaenses, uma das maiores refer\u00eancias, por representar um marco cultural, arquitet\u00f4nico e hist\u00f3rico. Foi erguida entre 1764 e 1782 pelas m\u00e3os de negros e \u00edndios, escravos da coloniza\u00e7\u00e3o portuguesa. No passado, tinha a fun\u00e7\u00e3o de garantir o dom\u00ednio lusitano no extremo norte do Brasil. Hoje \u00e9 um dos principais pontos tur\u00edsticos de Macap\u00e1.<\/p>\n<p style=\"text-align: center;\"><img data-recalc-dims=\"1\" loading=\"lazy\" decoding=\"async\" class=\"aligncenter  wp-image-537\" title=\"Fortaleza S\u00e3o Jos\u00e9 Macap\u00e1\" src=\"https:\/\/i0.wp.com\/www.mapadehoteis.com.br\/blog\/wp-content\/uploads\/2012\/09\/fortaleza-sao-jose-macapa-300x225.jpg?resize=519%2C389\" alt=\"Fortaleza S\u00e3o Jos\u00e9 Macap\u00e1\" width=\"519\" height=\"389\" srcset=\"https:\/\/i0.wp.com\/www.mapadehoteis.com.br\/blog\/wp-content\/uploads\/2012\/09\/fortaleza-sao-jose-macapa.jpg?resize=300%2C225&amp;ssl=1 300w, https:\/\/i0.wp.com\/www.mapadehoteis.com.br\/blog\/wp-content\/uploads\/2012\/09\/fortaleza-sao-jose-macapa.jpg?w=800&amp;ssl=1 800w\" sizes=\"auto, (max-width: 519px) 100vw, 519px\" \/><\/p>\n<p>&nbsp;<\/p>\n<p>Vista de cima, a Fortaleza se assemelha a uma estrela, pela disposi\u00e7\u00e3o de seus quatro baluartes, batizados pelo ent\u00e3o Governador e Capit\u00e3o-General Fernando da Costa de Athayde Teive com os nomes de Madre de Deus, S\u00e3o Pedro, Nossa Senhora da Concei\u00e7\u00e3o e S\u00e3o Jos\u00e9. Na parte de dentro, encontram-se os pr\u00e9dios que abrigavam os antigos armaz\u00e9ns, capela, casa de oficiais e do comandante, casamatas, paiol e hospital, al\u00e9m dos elementos externos componentes do complexo, como revelim, redente, fosso seco e baterias baixas.<\/p>\n<p>Em 22 de mar\u00e7o de 1950, foi tombada pelo Instituto do Patrim\u00f4nio Hist\u00f3rico e Art\u00edstico Nacional (IPHAN). Recentemente reformada pelo Governo do Estado, a Fortaleza ganhou o Museu Joaquim Caetano da Silva e o servi\u00e7o de visita monitorada por guias.<\/p>\n<p style=\"text-align: center;\"><img data-recalc-dims=\"1\" loading=\"lazy\" decoding=\"async\" class=\"aligncenter  wp-image-538\" title=\"Fortaleza S\u00e3o Jos\u00e9 -  Macap\u00e1\" src=\"https:\/\/i0.wp.com\/www.mapadehoteis.com.br\/blog\/wp-content\/uploads\/2012\/09\/fortaleza-sao-jose-macapa-cima-300x199.jpg?resize=516%2C342\" alt=\"Fortaleza S\u00e3o Jos\u00e9 -  Macap\u00e1\" width=\"516\" height=\"342\" srcset=\"https:\/\/i0.wp.com\/www.mapadehoteis.com.br\/blog\/wp-content\/uploads\/2012\/09\/fortaleza-sao-jose-macapa-cima.jpg?resize=300%2C199&amp;ssl=1 300w, https:\/\/i0.wp.com\/www.mapadehoteis.com.br\/blog\/wp-content\/uploads\/2012\/09\/fortaleza-sao-jose-macapa-cima.jpg?w=800&amp;ssl=1 800w\" sizes=\"auto, (max-width: 516px) 100vw, 516px\" \/><\/p>\n<p><strong>Endere\u00e7o<\/strong>: R. C\u00e2ndido Mendes, s\/n\u00b0 &#8211; Centro &#8211; Fone (96) 212 5118<\/p>\n<p><strong>Visita\u00e7\u00e3o:<\/strong> ter\u00e7a-feira a domingo, das 8 \u00e0s 18 h.<\/p>\n<p>&nbsp;<\/p>\n<p>Veja mais: <a href=\"http:\/\/www.mapadehoteis.com.br\/hoteis\/ap\/macapa\/\">Hospedagens no Macap\u00e1<\/a><\/p>\n","protected":false},"excerpt":{"rendered":"<p>Este \u00e9 o primeiro post de uma sequ\u00eancia completa sobre Macap\u00e1! Irei mostrar um pouco de tudo da cidade de Macap\u00e1, dentre os t\u00f3picos abordarei \u00a0hist\u00f3ria, cultura e religiosidade desta capital t\u00e3o linda. Come\u00e7aremos hoje pelo primeiro ponto tur\u00edstico de Macap\u00e1: A Fortaleza do S\u00e3o \/jos\u00e9: Fortaleza de S\u00e3o Jos\u00e9 localiza-se em uma faixa territorial [&hellip;]<\/p>\n","protected":false},"author":1,"featured_media":0,"comment_status":"open","ping_status":"open","sticky":false,"template":"","format":"standard","meta":{"_lmt_disableupdate":"","_lmt_disable":"","_sitemap_exclude":false,"_sitemap_priority":"","_sitemap_frequency":"","_uf_show_specific_survey":0,"_uf_disable_surveys":false,"footnotes":""},"categories":[72],"tags":[84,85,86],"class_list":["post-536","post","type-post","status-publish","format-standard","hentry","category-turismo","tag-fortaleza-sao-jose","tag-macapa","tag-pontos-turisticos"],"modified_by":"Leticia Carvalho","_links":{"self":[{"href":"https:\/\/www.mapadehoteis.com.br\/blog\/wp-json\/wp\/v2\/posts\/536","targetHints":{"allow":["GET"]}}],"collection":[{"href":"https:\/\/www.mapadehoteis.com.br\/blog\/wp-json\/wp\/v2\/posts"}],"about":[{"href":"https:\/\/www.mapadehoteis.com.br\/blog\/wp-json\/wp\/v2\/types\/post"}],"author":[{"embeddable":true,"href":"https:\/\/www.mapadehoteis.com.br\/blog\/wp-json\/wp\/v2\/users\/1"}],"replies":[{"embeddable":true,"href":"https:\/\/www.mapadehoteis.com.br\/blog\/wp-json\/wp\/v2\/comments?post=536"}],"version-history":[{"count":5,"href":"https:\/\/www.mapadehoteis.com.br\/blog\/wp-json\/wp\/v2\/posts\/536\/revisions"}],"predecessor-version":[{"id":2731,"href":"https:\/\/www.mapadehoteis.com.br\/blog\/wp-json\/wp\/v2\/posts\/536\/revisions\/2731"}],"wp:attachment":[{"href":"https:\/\/www.mapadehoteis.com.br\/blog\/wp-json\/wp\/v2\/media?parent=536"}],"wp:term":[{"taxonomy":"category","embeddable":true,"href":"https:\/\/www.mapadehoteis.com.br\/blog\/wp-json\/wp\/v2\/categories?post=536"},{"taxonomy":"post_tag","embeddable":true,"href":"https:\/\/www.mapadehoteis.com.br\/blog\/wp-json\/wp\/v2\/tags?post=536"}],"curies":[{"name":"wp","href":"https:\/\/api.w.org\/{rel}","templated":true}]}}