{"id":541,"date":"2012-09-02T18:32:46","date_gmt":"2012-09-02T21:32:46","guid":{"rendered":"http:\/\/www.mapadehoteis.com.br\/blog\/?p=541"},"modified":"2015-01-14T23:28:53","modified_gmt":"2015-01-15T01:28:53","slug":"pontos-turisticos-de-macapa-parque-do-forte","status":"publish","type":"post","link":"https:\/\/www.mapadehoteis.com.br\/blog\/turismo\/pontos-turisticos-de-macapa-parque-do-forte\/","title":{"rendered":"Pontos Tur\u00edsticos de Macap\u00e1 &#8211; Parque do Forte"},"content":{"rendered":"<p>No dia 10 de junho de 2006, \u00e0s 17 horas, era inaugurada uma das mais importantes obras realizadas em todo o Estado do <strong><a title=\"Amap\u00e1\" href=\"http:\/\/www.mapadehoteis.com.br\/hoteis\/ap\/\" target=\"_blank\">Amap\u00e1<\/a> <\/strong>\u2013 O Parque do Forte.<\/p>\n<p style=\"text-align: center;\"><img data-recalc-dims=\"1\" loading=\"lazy\" decoding=\"async\" class=\" wp-image-542 aligncenter\" title=\"Parque do forte - Amap\u00e1\" src=\"https:\/\/i0.wp.com\/www.mapadehoteis.com.br\/blog\/wp-content\/uploads\/2012\/09\/parque-do-forte-amapa-300x199.jpg?resize=393%2C261\" alt=\"Parque do forte - Amap\u00e1\" width=\"393\" height=\"261\" srcset=\"https:\/\/i0.wp.com\/www.mapadehoteis.com.br\/blog\/wp-content\/uploads\/2012\/09\/parque-do-forte-amapa.jpg?resize=300%2C199&amp;ssl=1 300w, https:\/\/i0.wp.com\/www.mapadehoteis.com.br\/blog\/wp-content\/uploads\/2012\/09\/parque-do-forte-amapa.jpg?w=425&amp;ssl=1 425w\" sizes=\"auto, (max-width: 393px) 100vw, 393px\" \/><\/p>\n<p style=\"text-align: left;\">O projeto de paisagismo da \u00e1rea ao redor da Fortaleza de S\u00e3o Jos\u00e9 foi desenhado por Rosa Grena Kliass. Implantada junto ao centro urbano de Macap\u00e1 faz a inter-rela\u00e7\u00e3o de tr\u00eas elementos: a fortaleza, a cidade e o rio. A \u00e1rea externa da fortaleza foi transformada em \u00e1rea de lazer, de trecho urbano de quase um quil\u00f4metro de frente para o rio Amazonas, recentemente restaurada, est\u00e1 aberta ao p\u00fablico, que pode fazer visita a todo complexo hist\u00f3rico<br \/>\nCom pista de caminhada, parque infantil com direito a tirolesa para a garotada, parque das \u00e1guas para uma bela foto, esta\u00e7\u00f5es de contempla\u00e7\u00e3o para os casais e \u00e1rea de descanso para um bate-papo com os amigos, al\u00e9m de estacionamento e banheiros p\u00fablicos para conveni\u00eancia dos visitantes. O Parque amplia de forma significativa as op\u00e7\u00f5es de lazer de Macap\u00e1.<\/p>\n<p style=\"text-align: center;\"><img data-recalc-dims=\"1\" loading=\"lazy\" decoding=\"async\" class=\" wp-image-543 aligncenter\" title=\"Parque do Forte - Macap\u00e1\" src=\"https:\/\/i0.wp.com\/www.mapadehoteis.com.br\/blog\/wp-content\/uploads\/2012\/09\/parque-do-forte-macapa-300x200.jpg?resize=383%2C255\" alt=\"Parque do Forte - Macap\u00e1\" width=\"383\" height=\"255\" srcset=\"https:\/\/i0.wp.com\/www.mapadehoteis.com.br\/blog\/wp-content\/uploads\/2012\/09\/parque-do-forte-macapa.jpg?resize=300%2C200&amp;ssl=1 300w, https:\/\/i0.wp.com\/www.mapadehoteis.com.br\/blog\/wp-content\/uploads\/2012\/09\/parque-do-forte-macapa.jpg?w=708&amp;ssl=1 708w\" sizes=\"auto, (max-width: 383px) 100vw, 383px\" \/><\/p>\n<p>Atualmente vemos alguns problemas com esta regi\u00e3o, apesar de t\u00e3o bonita n\u00e3o est\u00e1 recebendo o devido valor e cuidado. O parque necessita de maior aten\u00e7\u00e3o na ilumina\u00e7\u00e3o, pois assim evita perigo. \u00c9 realmente uma pena ver um parque sendo destru\u00eddo por v\u00e2ndalos, fica aqui minha indigna\u00e7\u00e3o. Recomendo um passeio durante o dia. At\u00e9 mais pessoal!<\/p>\n","protected":false},"excerpt":{"rendered":"<p>No dia 10 de junho de 2006, \u00e0s 17 horas, era inaugurada uma das mais importantes obras realizadas em todo o Estado do Amap\u00e1 \u2013 O Parque do Forte. O projeto de paisagismo da \u00e1rea ao redor da Fortaleza de S\u00e3o Jos\u00e9 foi desenhado por Rosa Grena Kliass. Implantada junto ao centro urbano de Macap\u00e1 [&hellip;]<\/p>\n","protected":false},"author":1,"featured_media":0,"comment_status":"open","ping_status":"open","sticky":false,"template":"","format":"standard","meta":{"_lmt_disableupdate":"","_lmt_disable":"","_sitemap_exclude":false,"_sitemap_priority":"","_sitemap_frequency":"","_uf_show_specific_survey":0,"_uf_disable_surveys":false,"footnotes":""},"categories":[72],"tags":[87,85,88,86],"class_list":["post-541","post","type-post","status-publish","format-standard","hentry","category-turismo","tag-amapa","tag-macapa","tag-parque-do-forte","tag-pontos-turisticos"],"modified_by":"Leticia Carvalho","_links":{"self":[{"href":"https:\/\/www.mapadehoteis.com.br\/blog\/wp-json\/wp\/v2\/posts\/541","targetHints":{"allow":["GET"]}}],"collection":[{"href":"https:\/\/www.mapadehoteis.com.br\/blog\/wp-json\/wp\/v2\/posts"}],"about":[{"href":"https:\/\/www.mapadehoteis.com.br\/blog\/wp-json\/wp\/v2\/types\/post"}],"author":[{"embeddable":true,"href":"https:\/\/www.mapadehoteis.com.br\/blog\/wp-json\/wp\/v2\/users\/1"}],"replies":[{"embeddable":true,"href":"https:\/\/www.mapadehoteis.com.br\/blog\/wp-json\/wp\/v2\/comments?post=541"}],"version-history":[{"count":10,"href":"https:\/\/www.mapadehoteis.com.br\/blog\/wp-json\/wp\/v2\/posts\/541\/revisions"}],"predecessor-version":[{"id":2423,"href":"https:\/\/www.mapadehoteis.com.br\/blog\/wp-json\/wp\/v2\/posts\/541\/revisions\/2423"}],"wp:attachment":[{"href":"https:\/\/www.mapadehoteis.com.br\/blog\/wp-json\/wp\/v2\/media?parent=541"}],"wp:term":[{"taxonomy":"category","embeddable":true,"href":"https:\/\/www.mapadehoteis.com.br\/blog\/wp-json\/wp\/v2\/categories?post=541"},{"taxonomy":"post_tag","embeddable":true,"href":"https:\/\/www.mapadehoteis.com.br\/blog\/wp-json\/wp\/v2\/tags?post=541"}],"curies":[{"name":"wp","href":"https:\/\/api.w.org\/{rel}","templated":true}]}}