{"id":5491,"date":"2024-12-18T08:51:40","date_gmt":"2024-12-18T11:51:40","guid":{"rendered":"https:\/\/www.mapadehoteis.com.br\/blog\/?p=5491"},"modified":"2024-12-18T08:59:17","modified_gmt":"2024-12-18T11:59:17","slug":"jorge-e-mateus-20-anos-em-sao-paulo-esgota-ingressos-em-tempo-recorde","status":"publish","type":"post","link":"https:\/\/www.mapadehoteis.com.br\/blog\/noticias\/jorge-e-mateus-20-anos-em-sao-paulo-esgota-ingressos-em-tempo-recorde\/","title":{"rendered":"Jorge e Mateus 20 anos em S\u00e3o Paulo esgota ingressos em tempo recorde"},"content":{"rendered":"<p>A dupla sertaneja Jorge e Mateus anunciou uma pausa na carreira por tempo indeterminado no in\u00edcio do m\u00eas, e j\u00e1 divulgou a agenda de shows para 2025, que passar\u00e1 por todos os estados do Brasil.<\/p>\n<p>A abertura da turn\u00ea ser\u00e1 no dia 05 de abril, no est\u00e1dio do Mercado Livre Arena Pacaemb\u00fa, com capacidade para 40.000 pessoas. Os ingressos se esgotaram em uma hora, e devido a alta demanda foi anunciado <a href=\"https:\/\/x.com\/jorgeemateus\/status\/1869089818308927825\">a abertura de uma data extra<\/a>: 6 de abril, que tamb\u00e9m teve todos os ingressos vendidos em menos de uma hora!<\/p>\n<p>Chamada de \u201cA Nossa Hist\u00f3ria \u00e9 Arrepio\u201d, a expectativa para a turn\u00ea que passar\u00e1 por 22 cidades no total, \u00e9 de sucesso total. S\u00f3 no estado de S\u00e3o Paulo a estimativa \u00e9 de R$10 milh\u00f5es em receita local, considerando gastos com hospedagem, alimenta\u00e7\u00e3o e transporte.<\/p>\n<p>Se voc\u00ea j\u00e1 conseguiu garantir o seu ingresso, confira nossa sele\u00e7\u00e3o de <a href=\"https:\/\/www.mapadehoteis.com.br\/hoteis\/sp\/sao-paulo\/\" data-internallinksmanager029f6b8e52c=\"1\" title=\"hoteis em S\u00e3o paulo\" target=\"_blank\" rel=\"noopener\">Hot\u00e9is em S\u00e3o Paulo<\/a> e garanta uma hospedagem pr\u00f3xima ao evento!<\/p>\n","protected":false},"excerpt":{"rendered":"<p>A dupla sertaneja Jorge e Mateus anunciou uma pausa na carreira por tempo indeterminado no in\u00edcio do m\u00eas, e j\u00e1 divulgou a agenda de shows para 2025, que passar\u00e1 por todos os estados do Brasil. A abertura da turn\u00ea ser\u00e1 no dia 05 de abril, no est\u00e1dio do Mercado Livre Arena Pacaemb\u00fa, com capacidade para [&hellip;]<\/p>\n","protected":false},"author":5,"featured_media":5492,"comment_status":"open","ping_status":"open","sticky":false,"template":"","format":"standard","meta":{"_lmt_disableupdate":"","_lmt_disable":"","_sitemap_exclude":false,"_sitemap_priority":"","_sitemap_frequency":"","_uf_show_specific_survey":0,"_uf_disable_surveys":false,"footnotes":""},"categories":[1324,192],"tags":[],"class_list":["post-5491","post","type-post","status-publish","format-standard","has-post-thumbnail","hentry","category-noticias","category-shows"],"modified_by":"Anna Balvetti","_links":{"self":[{"href":"https:\/\/www.mapadehoteis.com.br\/blog\/wp-json\/wp\/v2\/posts\/5491","targetHints":{"allow":["GET"]}}],"collection":[{"href":"https:\/\/www.mapadehoteis.com.br\/blog\/wp-json\/wp\/v2\/posts"}],"about":[{"href":"https:\/\/www.mapadehoteis.com.br\/blog\/wp-json\/wp\/v2\/types\/post"}],"author":[{"embeddable":true,"href":"https:\/\/www.mapadehoteis.com.br\/blog\/wp-json\/wp\/v2\/users\/5"}],"replies":[{"embeddable":true,"href":"https:\/\/www.mapadehoteis.com.br\/blog\/wp-json\/wp\/v2\/comments?post=5491"}],"version-history":[{"count":1,"href":"https:\/\/www.mapadehoteis.com.br\/blog\/wp-json\/wp\/v2\/posts\/5491\/revisions"}],"predecessor-version":[{"id":5493,"href":"https:\/\/www.mapadehoteis.com.br\/blog\/wp-json\/wp\/v2\/posts\/5491\/revisions\/5493"}],"wp:featuredmedia":[{"embeddable":true,"href":"https:\/\/www.mapadehoteis.com.br\/blog\/wp-json\/wp\/v2\/media\/5492"}],"wp:attachment":[{"href":"https:\/\/www.mapadehoteis.com.br\/blog\/wp-json\/wp\/v2\/media?parent=5491"}],"wp:term":[{"taxonomy":"category","embeddable":true,"href":"https:\/\/www.mapadehoteis.com.br\/blog\/wp-json\/wp\/v2\/categories?post=5491"},{"taxonomy":"post_tag","embeddable":true,"href":"https:\/\/www.mapadehoteis.com.br\/blog\/wp-json\/wp\/v2\/tags?post=5491"}],"curies":[{"name":"wp","href":"https:\/\/api.w.org\/{rel}","templated":true}]}}