{"id":5558,"date":"2025-01-03T12:20:42","date_gmt":"2025-01-03T15:20:42","guid":{"rendered":"https:\/\/www.mapadehoteis.com.br\/blog\/?p=5558"},"modified":"2025-01-03T12:20:42","modified_gmt":"2025-01-03T15:20:42","slug":"fernando-de-noronha-aumenta-valor-da-taxa-de-visitantes","status":"publish","type":"post","link":"https:\/\/www.mapadehoteis.com.br\/blog\/noticias\/fernando-de-noronha-aumenta-valor-da-taxa-de-visitantes\/","title":{"rendered":"Fernando de Noronha aumenta valor da taxa de visitantes"},"content":{"rendered":"<p>A partir de 01 de janeiro, visitar Fernando de Noronha ficou um destino ainda mais caro. Pela primeira vez, a taxa cobrada pela visita\u00e7\u00e3o ultrapassou os R$100,00.<\/p>\n<p>A Taxa de Preserva\u00e7\u00e3o Ambiental passou de R$ 97,16 para R$ 101,33 por dia, um aumento de 4,2%. De acordo com a administra\u00e7\u00e3o do arquip\u00e9lago, o reajuste anual est\u00e1 previsto em lei e deve sempre acompanhar o \u00cdndice Nacional de Pre\u00e7os ao Consumidor Amplo (IPCA).<\/p>\n<p class=\"content-head__subtitle\">O pagamento da taxa de visita\u00e7\u00e3o \u00e9 obrigat\u00f3rio a todos os turistas que desejam visitam o arquip\u00e9lago, e \u00e9 cobrada no aeroporto, logo ap\u00f3s o desembarque do avi\u00e3o. Para evitar filas, tamb\u00e9m pode ser paga com anteced\u00eancia no site do <a href=\"http:\/\/noronha.pe.gov.br\">Governo da cidade.<\/a><\/p>\n<div class=\"mc-column content-text active-extra-styles \" data-block-type=\"unstyled\" data-block-weight=\"41\" data-block-id=\"7\">\n<p class=\" content-text__container \" data-track-category=\"Link no Texto\" data-track-links=\"\" data-mrf-recirculation=\"Article links\">Este imposto \u00e9 cobrado desde 1989, como uma forma de diminuir o impacto ambiental causado pelo turismo na regi\u00e3o. Moradores, seus parentes pr\u00f3ximos e profissionais a servi\u00e7o s\u00e3o isentos da cobran\u00e7a.<\/p>\n<p data-track-category=\"Link no Texto\" data-track-links=\"\" data-mrf-recirculation=\"Article links\">Em novembro de 2024, o ingresso para o Parque Nacional tamb\u00e9m j\u00e1 havia sofrido reajuste, passando a custar R$ 373 para viajantes estrangeiros e R$ 186,50 para turistas brasileiros.<\/p>\n<p data-track-category=\"Link no Texto\" data-track-links=\"\" data-mrf-recirculation=\"Article links\">O ingresso tem validade de 10 dias e permite acesso \u00e0 \u00e1reas de prote\u00e7\u00e3o natural, abrangendo alguns dos destinos mais almejados como as ba\u00edas do Sacho, Porcos e Golfinhos, o Mirante da Ponta das Caracas e as praias de Caieira e Le\u00e3o.<\/p>\n<p data-track-category=\"Link no Texto\" data-track-links=\"\" data-mrf-recirculation=\"Article links\">Para os turistas que querem fazer passeios de barco e praticar mergulho aut\u00f4nomo, tamb\u00e9m \u00e9 necess\u00e1rio a aquisi\u00e7\u00e3o do ingresso, que \u00e9 concedida pelo Instituto Chico Mendes de Conserva\u00e7\u00e3o da Biodiversidade (ICMBio). Alguns acessos necessitam agendamento pr\u00e9vio tamb\u00e9m.<\/p>\n<p data-track-category=\"Link no Texto\" data-track-links=\"\" data-mrf-recirculation=\"Article links\">Assim como a taxa de visita\u00e7\u00e3o, o ingresso para o Parque Nacional \u00e9 isento para moradores da ilha, seus parentes de primeiro grau, trabalhadores e pesquisadores autorizados, crian\u00e7as menores de 12 anos e adultos (brasileiros) acima dos 60 anos.<\/p>\n<p data-track-category=\"Link no Texto\" data-track-links=\"\" data-mrf-recirculation=\"Article links\">O arquip\u00e9lago \u00e9 um destino que precisa de um maior planejamento de visita\u00e7\u00e3o. Aproveite e veja nossa sele\u00e7\u00e3o de hot\u00e9is em Fernando de Noronha e boa viagem!<\/p>\n<\/div>\n","protected":false},"excerpt":{"rendered":"<p>A partir de 01 de janeiro, visitar Fernando de Noronha ficou um destino ainda mais caro. Pela primeira vez, a taxa cobrada pela visita\u00e7\u00e3o ultrapassou os R$100,00. A Taxa de Preserva\u00e7\u00e3o Ambiental passou de R$ 97,16 para R$ 101,33 por dia, um aumento de 4,2%. De acordo com a administra\u00e7\u00e3o do arquip\u00e9lago, o reajuste anual [&hellip;]<\/p>\n","protected":false},"author":5,"featured_media":5559,"comment_status":"open","ping_status":"open","sticky":false,"template":"","format":"standard","meta":{"_lmt_disableupdate":"","_lmt_disable":"","_sitemap_exclude":false,"_sitemap_priority":"","_sitemap_frequency":"","_uf_show_specific_survey":0,"_uf_disable_surveys":false,"footnotes":""},"categories":[1324,360,72],"tags":[245,1396,1394],"class_list":["post-5558","post","type-post","status-publish","format-standard","has-post-thumbnail","hentry","category-noticias","category-praias-2","category-turismo","tag-fernando-de-noronha","tag-preservacao-ambiental","tag-turismo-no-brasil"],"modified_by":"Anna Balvetti","_links":{"self":[{"href":"https:\/\/www.mapadehoteis.com.br\/blog\/wp-json\/wp\/v2\/posts\/5558","targetHints":{"allow":["GET"]}}],"collection":[{"href":"https:\/\/www.mapadehoteis.com.br\/blog\/wp-json\/wp\/v2\/posts"}],"about":[{"href":"https:\/\/www.mapadehoteis.com.br\/blog\/wp-json\/wp\/v2\/types\/post"}],"author":[{"embeddable":true,"href":"https:\/\/www.mapadehoteis.com.br\/blog\/wp-json\/wp\/v2\/users\/5"}],"replies":[{"embeddable":true,"href":"https:\/\/www.mapadehoteis.com.br\/blog\/wp-json\/wp\/v2\/comments?post=5558"}],"version-history":[{"count":1,"href":"https:\/\/www.mapadehoteis.com.br\/blog\/wp-json\/wp\/v2\/posts\/5558\/revisions"}],"predecessor-version":[{"id":5560,"href":"https:\/\/www.mapadehoteis.com.br\/blog\/wp-json\/wp\/v2\/posts\/5558\/revisions\/5560"}],"wp:featuredmedia":[{"embeddable":true,"href":"https:\/\/www.mapadehoteis.com.br\/blog\/wp-json\/wp\/v2\/media\/5559"}],"wp:attachment":[{"href":"https:\/\/www.mapadehoteis.com.br\/blog\/wp-json\/wp\/v2\/media?parent=5558"}],"wp:term":[{"taxonomy":"category","embeddable":true,"href":"https:\/\/www.mapadehoteis.com.br\/blog\/wp-json\/wp\/v2\/categories?post=5558"},{"taxonomy":"post_tag","embeddable":true,"href":"https:\/\/www.mapadehoteis.com.br\/blog\/wp-json\/wp\/v2\/tags?post=5558"}],"curies":[{"name":"wp","href":"https:\/\/api.w.org\/{rel}","templated":true}]}}