{"id":5570,"date":"2025-01-07T11:23:54","date_gmt":"2025-01-07T14:23:54","guid":{"rendered":"https:\/\/www.mapadehoteis.com.br\/blog\/?p=5570"},"modified":"2025-01-07T11:23:54","modified_gmt":"2025-01-07T14:23:54","slug":"edificio-martinelli-volta-a-ter-eventos-culturais-no-terraco","status":"publish","type":"post","link":"https:\/\/www.mapadehoteis.com.br\/blog\/noticias\/edificio-martinelli-volta-a-ter-eventos-culturais-no-terraco\/","title":{"rendered":"Edif\u00edcio Martinelli volta a ter eventos culturais no terra\u00e7o"},"content":{"rendered":"<p>Um dos edif\u00edcios mais ic\u00f4nicos de S\u00e3o Paulo, o Edif\u00edcio Martinelli, que j\u00e1 foi um hotel luxuoso em seus tempos \u00e1ureos, abrir\u00e1 novamente o seu terra\u00e7o para receber o p\u00fablico a partir do pr\u00f3ximo s\u00e1bado (11).<\/p>\n<p>Em sua segunda fase do projeto M100, criado para comemorar o centen\u00e1rio de sua constru\u00e7\u00e3o, o Martinelli continua o seu processo de obra, com mais de 100 fornecedores trabalhando entre escrit\u00f3rios de arquitetura, construtoras, est\u00fadios de restauro hist\u00f3rico, consultores e curadores culturais.<\/p>\n<p>Ao mesmo tempo, ele estar\u00e1 dispon\u00edvel para a arte, a cultura e os encontros, em locais e meses espec\u00edficos, respeitando o processo de obras. Os eventos de s\u00e1bado ocorrer\u00e3o nos 25\u00ba e 26\u00ba andares &#8211; o famoso terra\u00e7o.<\/p>\n<p>O novo Martinelli, ap\u00f3s todas as obras e meses de espera, apresentar\u00e1 um dos maiores complexos criativos de todo o Brasil, contando com uma diversidade de servi\u00e7os funcionando pelo menos seis dias na semana, no per\u00edodo diurno e noturno. Ser\u00e3o caf\u00e9s, bares, restaurantes, um espa\u00e7o de museu de mais de 500m2, al\u00e9m, \u00e9 claro, dos eventos culturais, e o observat\u00f3rio, para que todos possam ver e viver S\u00e3o Paulo do topo, em uma vista 360 graus.<\/p>\n<p>O Grupo Tokyo, respons\u00e1vel pelo famoso karaok\u00ea de mesmo nome no Centro de S\u00e3o Paulo, venceu a licita\u00e7\u00e3o do Edif\u00edcio Martinelli em mar\u00e7o de 2023, prometendo oferecer novos ares ao pr\u00e9dio hist\u00f3rico.<\/p>\n<h2>A hist\u00f3ria do Martinelli<\/h2>\n<p>A constru\u00e7\u00e3o come\u00e7ou a ser idealizada em 1924, pelo imigrante italiano Giuseppe Martinelli, um empres\u00e1rio bem sucedido do ramo da constru\u00e7\u00e3o e navega\u00e7\u00e3o. A pretens\u00e3o de Giuseppe era criar o pr\u00e9dio mais alto da Am\u00e9rica do Sul.<\/p>\n<p>De in\u00edcio, a proje\u00e7\u00e3o era para 12 andares. Com o tempo, o italiano passou a acrescentar andares ao edif\u00edcio, estimulado pela pr\u00f3pria popula\u00e7\u00e3o que lhe pedia uma altura cada vez maior \u2013 de 12 passou para catorze, depois dezoito e em 1928 chegou a vinte. O Edif\u00edcio Martinelli finalmente ficou pronto ap\u00f3s cinco anos, culminando em 30 andares. No topo do arranha-c\u00e9u, Giuseppe Martinelli construiu sua pr\u00f3pria resid\u00eancia.<\/p>\n<p>Em 1975, o prefeito Olavo Set\u00fabal desapropriou o edif\u00edcio e deu in\u00edcio a uma restaura\u00e7\u00e3o que terminou em 1979. O autor do projeto era o arquiteto h\u00fangaro William Fillinger, da Academia de Belas Artes de Viena. Todo o cimento da constru\u00e7\u00e3o era importado da Su\u00e9cia e da Noruega, pela pr\u00f3pria casa importadora de Martinelli. Nas obras trabalhavam mais de 600 oper\u00e1rios. 90 artes\u00e3os, italianos e espanh\u00f3is, cuidavam do esmerado acabamento. Os detalhes da rica fachada foram desenhados pelos irm\u00e3os Lacombe, que mais tarde projetariam a entrada do t\u00fanel da Av. 9 de Julho.<\/p>\n<p>Se voc\u00ea planeja uma viagem a S\u00e3o Paulo seja para lazer ou trabalho, vale a pena conhecer o Edif\u00edcio! Veja nossa sele\u00e7\u00e3o de hot\u00e9is em S\u00e3o Paulo.<\/p>\n","protected":false},"excerpt":{"rendered":"<p>Um dos edif\u00edcios mais ic\u00f4nicos de S\u00e3o Paulo, o Edif\u00edcio Martinelli, que j\u00e1 foi um hotel luxuoso em seus tempos \u00e1ureos, abrir\u00e1 novamente o seu terra\u00e7o para receber o p\u00fablico a partir do pr\u00f3ximo s\u00e1bado (11). Em sua segunda fase do projeto M100, criado para comemorar o centen\u00e1rio de sua constru\u00e7\u00e3o, o Martinelli continua o [&hellip;]<\/p>\n","protected":false},"author":5,"featured_media":5571,"comment_status":"open","ping_status":"open","sticky":false,"template":"","format":"standard","meta":{"_lmt_disableupdate":"","_lmt_disable":"","_sitemap_exclude":false,"_sitemap_priority":"","_sitemap_frequency":"","_uf_show_specific_survey":0,"_uf_disable_surveys":false,"footnotes":""},"categories":[1324,72],"tags":[1402,10,424],"class_list":["post-5570","post","type-post","status-publish","format-standard","has-post-thumbnail","hentry","category-noticias","category-turismo","tag-edificio-martinelli","tag-hoteis-luxuosos","tag-sao-paulo"],"modified_by":"Anna Balvetti","_links":{"self":[{"href":"https:\/\/www.mapadehoteis.com.br\/blog\/wp-json\/wp\/v2\/posts\/5570","targetHints":{"allow":["GET"]}}],"collection":[{"href":"https:\/\/www.mapadehoteis.com.br\/blog\/wp-json\/wp\/v2\/posts"}],"about":[{"href":"https:\/\/www.mapadehoteis.com.br\/blog\/wp-json\/wp\/v2\/types\/post"}],"author":[{"embeddable":true,"href":"https:\/\/www.mapadehoteis.com.br\/blog\/wp-json\/wp\/v2\/users\/5"}],"replies":[{"embeddable":true,"href":"https:\/\/www.mapadehoteis.com.br\/blog\/wp-json\/wp\/v2\/comments?post=5570"}],"version-history":[{"count":1,"href":"https:\/\/www.mapadehoteis.com.br\/blog\/wp-json\/wp\/v2\/posts\/5570\/revisions"}],"predecessor-version":[{"id":5572,"href":"https:\/\/www.mapadehoteis.com.br\/blog\/wp-json\/wp\/v2\/posts\/5570\/revisions\/5572"}],"wp:featuredmedia":[{"embeddable":true,"href":"https:\/\/www.mapadehoteis.com.br\/blog\/wp-json\/wp\/v2\/media\/5571"}],"wp:attachment":[{"href":"https:\/\/www.mapadehoteis.com.br\/blog\/wp-json\/wp\/v2\/media?parent=5570"}],"wp:term":[{"taxonomy":"category","embeddable":true,"href":"https:\/\/www.mapadehoteis.com.br\/blog\/wp-json\/wp\/v2\/categories?post=5570"},{"taxonomy":"post_tag","embeddable":true,"href":"https:\/\/www.mapadehoteis.com.br\/blog\/wp-json\/wp\/v2\/tags?post=5570"}],"curies":[{"name":"wp","href":"https:\/\/api.w.org\/{rel}","templated":true}]}}