{"id":5600,"date":"2025-01-13T20:36:29","date_gmt":"2025-01-13T23:36:29","guid":{"rendered":"https:\/\/www.mapadehoteis.com.br\/blog\/?p=5600"},"modified":"2025-01-13T20:36:29","modified_gmt":"2025-01-13T23:36:29","slug":"canela-tera-primeiro-hotel-da-rede-accor-em-2026","status":"publish","type":"post","link":"https:\/\/www.mapadehoteis.com.br\/blog\/noticias\/canela-tera-primeiro-hotel-da-rede-accor-em-2026\/","title":{"rendered":"Canela ter\u00e1 primeiro hotel da Rede Accor em 2026"},"content":{"rendered":"<p>O Novotel Canela est\u00e1 previsto para inaugurar em janeiro de 2026 e ser\u00e1 o primeiro hotel da Rede Accor na regi\u00e3o da Serra Ga\u00facha.<\/p>\n<p>O empreendimento vai elevar os padr\u00f5es da tradicional hospedagem, oferecendo tamb\u00e9m\u00a0 <strong>flats luxuosos<\/strong>\u00a0que atendem diferentes perfis de viajantes \u2013 desde fam\u00edlias e casais em busca de lazer at\u00e9 profissionais que priorizam conforto e produtividade.<\/p>\n<p>A infraestrutura do hotel inclui sauna, piscina aquecida, brinquedoteca, restaurante internacional e \u00e1rea fitness de alto padr\u00e3o. Um dos grandes diferenciais ser\u00e1 o <strong>espa\u00e7o externo exclusivo para degusta\u00e7\u00e3o de vinhos premiados<\/strong>, ideal para momentos de relaxamento e celebra\u00e7\u00e3o e planejado para refletir a ess\u00eancia da regi\u00e3o.<\/p>\n<p>Os h\u00f3spedes ter\u00e3o acesso a uma s\u00e9rie de servi\u00e7os premium, como\u00a0<strong>concierge personalizado<\/strong>,\u00a0<strong>motorista particular<\/strong>,\u00a0<strong>charutaria exclusiva<\/strong>\u00a0e experi\u00eancias gastron\u00f4micas elaboradas. Todos os detalhes foram projetados para criar uma experi\u00eancia marcante, da chegada ao checkout.<\/p>\n<p>O empreendimento, desenvolvido pela CommandInvest e administrado pela CommandHouse, promete redefinir os padr\u00f5es de hospitalidade ao combinar infraestrutura sofisticada, servi\u00e7os personalizados e uma forte conex\u00e3o com a ess\u00eancia local.<\/p>\n<p>Segundo M\u00e1rcia Almeida, CEO da CommandInvest, a expectativa \u00e9 que o Novotel Canela se torne n\u00e3o apenas uma refer\u00eancia em hospitalidade de luxo, mas tamb\u00e9m um marco cultural na regi\u00e3o. O empreendimento est\u00e1 em sua \u00faltima fase de vendas, com previs\u00e3o de entrega para janeiro de 2026.<\/p>\n<h2>Turismo em Canela<\/h2>\n<p>Canela destaca-se como um dos principais destinos tur\u00edsticos do Brasil, atraindo cerca de 9 milh\u00f5es de visitantes anualmente. Em novembro de 2023, a cidade foi oficialmente reconhecida como a &#8220;<a href=\"https:\/\/www.gov.br\/turismo\/pt-br\/assuntos\/noticias\/canela-rs-e-reconhecida-como-capital-nacional-dos-parques-tematicos\">Capital Nacional dos Parques Tem\u00e1ticos<\/a>&#8220;, consolidando sua posi\u00e7\u00e3o de destaque no turismo nacional.<\/p>\n<p>A cidade abriga 22 parques tem\u00e1ticos de variados tamanhos e conte\u00fados, oferecendo op\u00e7\u00f5es de lazer que v\u00e3o desde aventuras espaciais at\u00e9 experi\u00eancias m\u00e1gicas.<\/p>\n<p>Entre as atra\u00e7\u00f5es de destaque est\u00e3o o Parque Terra M\u00e1gica Florybal, reconhecido internacionalmente, e o Space Adventure, uma das poucas exposi\u00e7\u00f5es oficiais da NASA fora dos Estados Unidos.<\/p>\n<p>A cidade tamb\u00e9m oferece trilhas, morros e vales que convidam ao turismo de aventura e ao ecoturismo.<\/p>\n<p>A economia local \u00e9 fortemente impulsionada pelo turismo, gerando emprego e renda para a comunidade. Setores como com\u00e9rcio de malhas, artesanato, produtos de couro e a rica gastronomia regional se beneficiam diretamente da intensa circula\u00e7\u00e3o de visitantes.<\/p>\n<p>Enquanto o Novotel Canela n\u00e3o fica pronto, confira nossa sele\u00e7\u00e3o de hot\u00e9is em Canela e planeje sua viagem!<\/p>\n","protected":false},"excerpt":{"rendered":"<p>O Novotel Canela est\u00e1 previsto para inaugurar em janeiro de 2026 e ser\u00e1 o primeiro hotel da Rede Accor na regi\u00e3o da Serra Ga\u00facha. O empreendimento vai elevar os padr\u00f5es da tradicional hospedagem, oferecendo tamb\u00e9m\u00a0 flats luxuosos\u00a0que atendem diferentes perfis de viajantes \u2013 desde fam\u00edlias e casais em busca de lazer at\u00e9 profissionais que priorizam [&hellip;]<\/p>\n","protected":false},"author":5,"featured_media":5601,"comment_status":"open","ping_status":"open","sticky":false,"template":"","format":"standard","meta":{"_lmt_disableupdate":"","_lmt_disable":"","_sitemap_exclude":false,"_sitemap_priority":"","_sitemap_frequency":"","_uf_show_specific_survey":0,"_uf_disable_surveys":false,"footnotes":""},"categories":[49,1324,72],"tags":[272,1418,1420,276],"class_list":["post-5600","post","type-post","status-publish","format-standard","has-post-thumbnail","hentry","category-hoteis-brasil","category-noticias","category-turismo","tag-canela","tag-novotel","tag-rede-accor","tag-serra-gaucha"],"modified_by":"Anna Balvetti","_links":{"self":[{"href":"https:\/\/www.mapadehoteis.com.br\/blog\/wp-json\/wp\/v2\/posts\/5600","targetHints":{"allow":["GET"]}}],"collection":[{"href":"https:\/\/www.mapadehoteis.com.br\/blog\/wp-json\/wp\/v2\/posts"}],"about":[{"href":"https:\/\/www.mapadehoteis.com.br\/blog\/wp-json\/wp\/v2\/types\/post"}],"author":[{"embeddable":true,"href":"https:\/\/www.mapadehoteis.com.br\/blog\/wp-json\/wp\/v2\/users\/5"}],"replies":[{"embeddable":true,"href":"https:\/\/www.mapadehoteis.com.br\/blog\/wp-json\/wp\/v2\/comments?post=5600"}],"version-history":[{"count":1,"href":"https:\/\/www.mapadehoteis.com.br\/blog\/wp-json\/wp\/v2\/posts\/5600\/revisions"}],"predecessor-version":[{"id":5602,"href":"https:\/\/www.mapadehoteis.com.br\/blog\/wp-json\/wp\/v2\/posts\/5600\/revisions\/5602"}],"wp:featuredmedia":[{"embeddable":true,"href":"https:\/\/www.mapadehoteis.com.br\/blog\/wp-json\/wp\/v2\/media\/5601"}],"wp:attachment":[{"href":"https:\/\/www.mapadehoteis.com.br\/blog\/wp-json\/wp\/v2\/media?parent=5600"}],"wp:term":[{"taxonomy":"category","embeddable":true,"href":"https:\/\/www.mapadehoteis.com.br\/blog\/wp-json\/wp\/v2\/categories?post=5600"},{"taxonomy":"post_tag","embeddable":true,"href":"https:\/\/www.mapadehoteis.com.br\/blog\/wp-json\/wp\/v2\/tags?post=5600"}],"curies":[{"name":"wp","href":"https:\/\/api.w.org\/{rel}","templated":true}]}}