{"id":5667,"date":"2025-01-21T17:16:18","date_gmt":"2025-01-21T20:16:18","guid":{"rendered":"https:\/\/www.mapadehoteis.com.br\/blog\/?p=5667"},"modified":"2025-01-21T17:16:18","modified_gmt":"2025-01-21T20:16:18","slug":"turismo-no-caribe-brasileiro-e-suspenso-pela-justica-federal","status":"publish","type":"post","link":"https:\/\/www.mapadehoteis.com.br\/blog\/noticias\/turismo-no-caribe-brasileiro-e-suspenso-pela-justica-federal\/","title":{"rendered":"Turismo no &#8216;Caribe Brasileiro&#8217; \u00e9 suspenso pela Justi\u00e7a Federal"},"content":{"rendered":"<p>A Justi\u00e7a Federal de Alagoas determinou a suspens\u00e3o imediata das atividades tur\u00edsticas na Lagoa Azul, situada na Praia de Antunes, em Maragogi. Conhecida como o &#8220;Caribe Brasileiro&#8221; devido \u00e0s suas \u00e1guas cristalinas e areias brancas, a Lagoa Azul est\u00e1 inserida na \u00c1rea de Prote\u00e7\u00e3o Ambiental (APA) Costa dos Corais, uma das maiores unidades de conserva\u00e7\u00e3o marinha do pa\u00eds.<\/p>\n<p>A decis\u00e3o judicial atende a uma a\u00e7\u00e3o civil p\u00fablica movida pelo Minist\u00e9rio P\u00fablico Federal (MPF), que contestou o decreto municipal n\u00ba 046\/2022. Esse decreto permitia o turismo de massa na Lagoa Azul, autorizando a visita\u00e7\u00e3o di\u00e1ria de at\u00e9 tr\u00eas catamar\u00e3s e quarenta lanchas, al\u00e9m de servi\u00e7os comerciais de mergulho e fotografia. O MPF argumentou que tais atividades n\u00e3o estavam previstas no plano de manejo da APA Costa dos Corais e representavam riscos significativos \u00e0 biodiversidade local, especialmente aos recifes de corais.<\/p>\n<p>O juiz Andr\u00e9 Granja, da 3\u00aa Vara Federal, ao conceder a liminar, destacou que a preserva\u00e7\u00e3o ambiental deve prevalecer em situa\u00e7\u00f5es de conflito de normas. Ele ressaltou que atividades tur\u00edsticas intensas, como a circula\u00e7\u00e3o di\u00e1ria de embarca\u00e7\u00f5es e servi\u00e7os de mergulho, s\u00e3o incompat\u00edveis com os objetivos de conserva\u00e7\u00e3o da APA Costa dos Corais. A decis\u00e3o suspende os efeitos do decreto municipal, anula os alvar\u00e1s tur\u00edsticos concedidos e determina a\u00e7\u00f5es de fiscaliza\u00e7\u00e3o rigorosa na \u00e1rea por um per\u00edodo de tr\u00eas meses, al\u00e9m de exigir campanhas informativas sobre a import\u00e2ncia da preserva\u00e7\u00e3o ambiental.<\/p>\n<p>Em resposta, a Prefeitura de Maragogi manifestou discord\u00e2ncia com a decis\u00e3o, afirmando que o decreto municipal foi elaborado com base na legisla\u00e7\u00e3o vigente, buscando conciliar o desenvolvimento sustent\u00e1vel da regi\u00e3o com a preserva\u00e7\u00e3o ambiental. O munic\u00edpio informou que ir\u00e1 recorrer da decis\u00e3o para que as atividades tur\u00edsticas na Lagoa Azul sejam retomadas o mais breve poss\u00edvel, ressaltando o compromisso em minimizar os impactos sociais e econ\u00f4micos causados pela suspens\u00e3o. A Prefeitura tamb\u00e9m enfatizou que outros atrativos tur\u00edsticos de Maragogi continuam funcionando normalmente, oferecendo diversas op\u00e7\u00f5es aos visitantes enquanto busca reverter a decis\u00e3o judicial.<\/p>\n<p>A APA Costa dos Corais, criada em 1997, protege mais de 120 km de costa entre Tamandar\u00e9 (PE) e Macei\u00f3 (AL). A regi\u00e3o \u00e9 habitat de esp\u00e9cies amea\u00e7adas, como o peixe-boi-marinho e as tartarugas marinhas, al\u00e9m de abrigar a maior barreira de corais do Brasil. A decis\u00e3o judicial visa garantir a preserva\u00e7\u00e3o desse ecossistema \u00fanico, assegurando que as futuras gera\u00e7\u00f5es possam continuar desfrutando de suas belezas naturais.<\/p>\n","protected":false},"excerpt":{"rendered":"<p>A Justi\u00e7a Federal de Alagoas determinou a suspens\u00e3o imediata das atividades tur\u00edsticas na Lagoa Azul, situada na Praia de Antunes, em Maragogi. Conhecida como o &#8220;Caribe Brasileiro&#8221; devido \u00e0s suas \u00e1guas cristalinas e areias brancas, a Lagoa Azul est\u00e1 inserida na \u00c1rea de Prote\u00e7\u00e3o Ambiental (APA) Costa dos Corais, uma das maiores unidades de conserva\u00e7\u00e3o [&hellip;]<\/p>\n","protected":false},"author":5,"featured_media":5669,"comment_status":"open","ping_status":"open","sticky":false,"template":"","format":"standard","meta":{"_lmt_disableupdate":"","_lmt_disable":"","_sitemap_exclude":false,"_sitemap_priority":"","_sitemap_frequency":"","_uf_show_specific_survey":0,"_uf_disable_surveys":false,"footnotes":""},"categories":[1324,72],"tags":[1384,1354,263],"class_list":["post-5667","post","type-post","status-publish","format-standard","has-post-thumbnail","hentry","category-noticias","category-turismo","tag-maragogi","tag-nordeste","tag-turismo-2"],"modified_by":"Anna Balvetti","_links":{"self":[{"href":"https:\/\/www.mapadehoteis.com.br\/blog\/wp-json\/wp\/v2\/posts\/5667","targetHints":{"allow":["GET"]}}],"collection":[{"href":"https:\/\/www.mapadehoteis.com.br\/blog\/wp-json\/wp\/v2\/posts"}],"about":[{"href":"https:\/\/www.mapadehoteis.com.br\/blog\/wp-json\/wp\/v2\/types\/post"}],"author":[{"embeddable":true,"href":"https:\/\/www.mapadehoteis.com.br\/blog\/wp-json\/wp\/v2\/users\/5"}],"replies":[{"embeddable":true,"href":"https:\/\/www.mapadehoteis.com.br\/blog\/wp-json\/wp\/v2\/comments?post=5667"}],"version-history":[{"count":1,"href":"https:\/\/www.mapadehoteis.com.br\/blog\/wp-json\/wp\/v2\/posts\/5667\/revisions"}],"predecessor-version":[{"id":5670,"href":"https:\/\/www.mapadehoteis.com.br\/blog\/wp-json\/wp\/v2\/posts\/5667\/revisions\/5670"}],"wp:featuredmedia":[{"embeddable":true,"href":"https:\/\/www.mapadehoteis.com.br\/blog\/wp-json\/wp\/v2\/media\/5669"}],"wp:attachment":[{"href":"https:\/\/www.mapadehoteis.com.br\/blog\/wp-json\/wp\/v2\/media?parent=5667"}],"wp:term":[{"taxonomy":"category","embeddable":true,"href":"https:\/\/www.mapadehoteis.com.br\/blog\/wp-json\/wp\/v2\/categories?post=5667"},{"taxonomy":"post_tag","embeddable":true,"href":"https:\/\/www.mapadehoteis.com.br\/blog\/wp-json\/wp\/v2\/tags?post=5667"}],"curies":[{"name":"wp","href":"https:\/\/api.w.org\/{rel}","templated":true}]}}