{"id":5794,"date":"2025-02-23T14:00:37","date_gmt":"2025-02-23T17:00:37","guid":{"rendered":"https:\/\/www.mapadehoteis.com.br\/blog\/?p=5794"},"modified":"2025-02-24T14:08:43","modified_gmt":"2025-02-24T17:08:43","slug":"praca-da-republica-o-que-fazer-e-onde-se-hospedar","status":"publish","type":"post","link":"https:\/\/www.mapadehoteis.com.br\/blog\/hoteis-brasil\/praca-da-republica-o-que-fazer-e-onde-se-hospedar\/","title":{"rendered":"Pra\u00e7a da Rep\u00fablica: O Que Fazer e Onde Se Hospedar"},"content":{"rendered":"<p class=\"whitespace-pre-wrap break-words\">A Pra\u00e7a da Rep\u00fablica, localizada no cora\u00e7\u00e3o de S\u00e3o Paulo, \u00e9 um dos pontos tur\u00edsticos mais emblem\u00e1ticos da cidade. Seja voc\u00ea um viajante a neg\u00f3cios ou turista, este guia traz tudo o que voc\u00ea precisa saber sobre esta regi\u00e3o hist\u00f3rica e vibrante da capital paulista.<\/p>\n<div id=\"ez-toc-container\" class=\"ez-toc-v2_0_73 counter-hierarchy ez-toc-counter ez-toc-grey ez-toc-container-direction\">\n<div class=\"ez-toc-title-container\">\n<p class=\"ez-toc-title\" style=\"cursor:inherit\">Sum\u00e1rio<\/p>\n<span class=\"ez-toc-title-toggle\"><a href=\"#\" class=\"ez-toc-pull-right ez-toc-btn ez-toc-btn-xs ez-toc-btn-default ez-toc-toggle\" aria-label=\"Alternar tabela de conte\u00fado\"><span class=\"ez-toc-js-icon-con\"><span class=\"\"><span class=\"eztoc-hide\" style=\"display:none;\">Toggle<\/span><span class=\"ez-toc-icon-toggle-span\"><svg style=\"fill: #999;color:#999\" xmlns=\"http:\/\/www.w3.org\/2000\/svg\" class=\"list-377408\" width=\"20px\" height=\"20px\" viewBox=\"0 0 24 24\" fill=\"none\"><path d=\"M6 6H4v2h2V6zm14 0H8v2h12V6zM4 11h2v2H4v-2zm16 0H8v2h12v-2zM4 16h2v2H4v-2zm16 0H8v2h12v-2z\" fill=\"currentColor\"><\/path><\/svg><svg style=\"fill: #999;color:#999\" class=\"arrow-unsorted-368013\" xmlns=\"http:\/\/www.w3.org\/2000\/svg\" width=\"10px\" height=\"10px\" viewBox=\"0 0 24 24\" version=\"1.2\" baseProfile=\"tiny\"><path d=\"M18.2 9.3l-6.2-6.3-6.2 6.3c-.2.2-.3.4-.3.7s.1.5.3.7c.2.2.4.3.7.3h11c.3 0 .5-.1.7-.3.2-.2.3-.5.3-.7s-.1-.5-.3-.7zM5.8 14.7l6.2 6.3 6.2-6.3c.2-.2.3-.5.3-.7s-.1-.5-.3-.7c-.2-.2-.4-.3-.7-.3h-11c-.3 0-.5.1-.7.3-.2.2-.3.5-.3.7s.1.5.3.7z\"\/><\/svg><\/span><\/span><\/span><\/a><\/span><\/div>\n<nav><ul class='ez-toc-list ez-toc-list-level-1 ' ><li class='ez-toc-page-1 ez-toc-heading-level-2'><a class=\"ez-toc-link ez-toc-heading-1\" href=\"https:\/\/www.mapadehoteis.com.br\/blog\/hoteis-brasil\/praca-da-republica-o-que-fazer-e-onde-se-hospedar\/#Localizacao_Estrategica_e_Como_Chegar\" title=\"Localiza\u00e7\u00e3o Estrat\u00e9gica e Como Chegar\">Localiza\u00e7\u00e3o Estrat\u00e9gica e Como Chegar<\/a><\/li><li class='ez-toc-page-1 ez-toc-heading-level-2'><a class=\"ez-toc-link ez-toc-heading-2\" href=\"https:\/\/www.mapadehoteis.com.br\/blog\/hoteis-brasil\/praca-da-republica-o-que-fazer-e-onde-se-hospedar\/#Atracoes_Imperdiveis\" title=\"Atra\u00e7\u00f5es Imperd\u00edveis\">Atra\u00e7\u00f5es Imperd\u00edveis<\/a><\/li><li class='ez-toc-page-1 ez-toc-heading-level-2'><a class=\"ez-toc-link ez-toc-heading-3\" href=\"https:\/\/www.mapadehoteis.com.br\/blog\/hoteis-brasil\/praca-da-republica-o-que-fazer-e-onde-se-hospedar\/#Hospedagens_Proximas_a_Praca_da_Republica\" title=\"Hospedagens Pr\u00f3ximas \u00e0 Pra\u00e7a da Rep\u00fablica\">Hospedagens Pr\u00f3ximas \u00e0 Pra\u00e7a da Rep\u00fablica<\/a><\/li><li class='ez-toc-page-1 ez-toc-heading-level-2'><a class=\"ez-toc-link ez-toc-heading-4\" href=\"https:\/\/www.mapadehoteis.com.br\/blog\/hoteis-brasil\/praca-da-republica-o-que-fazer-e-onde-se-hospedar\/#Dicas_para_Visitantes\" title=\"Dicas para Visitantes\">Dicas para Visitantes<\/a><\/li><li class='ez-toc-page-1 ez-toc-heading-level-2'><a class=\"ez-toc-link ez-toc-heading-5\" href=\"https:\/\/www.mapadehoteis.com.br\/blog\/hoteis-brasil\/praca-da-republica-o-que-fazer-e-onde-se-hospedar\/#Eventos_e_Programacao_Cultural\" title=\"Eventos e Programa\u00e7\u00e3o Cultural\">Eventos e Programa\u00e7\u00e3o Cultural<\/a><\/li><li class='ez-toc-page-1 ez-toc-heading-level-2'><a class=\"ez-toc-link ez-toc-heading-6\" href=\"https:\/\/www.mapadehoteis.com.br\/blog\/hoteis-brasil\/praca-da-republica-o-que-fazer-e-onde-se-hospedar\/#Transporte_e_Mobilidade\" title=\"Transporte e Mobilidade\">Transporte e Mobilidade<\/a><\/li><li class='ez-toc-page-1 ez-toc-heading-level-2'><a class=\"ez-toc-link ez-toc-heading-7\" href=\"https:\/\/www.mapadehoteis.com.br\/blog\/hoteis-brasil\/praca-da-republica-o-que-fazer-e-onde-se-hospedar\/#Para_Quem_Esta_Hospedado_na_Regiao\" title=\"Para Quem Est\u00e1 Hospedado na Regi\u00e3o\">Para Quem Est\u00e1 Hospedado na Regi\u00e3o<\/a><\/li><\/ul><\/nav><\/div>\n<h2 class=\"text-xl font-bold text-text-200 mt-1 -mb-0.5\"><span class=\"ez-toc-section\" id=\"Localizacao_Estrategica_e_Como_Chegar\"><\/span>Localiza\u00e7\u00e3o Estrat\u00e9gica e Como Chegar<span class=\"ez-toc-section-end\"><\/span><\/h2>\n<p class=\"whitespace-pre-wrap break-words\">A pra\u00e7a est\u00e1 localizada no centro de S\u00e3o Paulo, com f\u00e1cil acesso pela esta\u00e7\u00e3o Rep\u00fablica do metr\u00f4 (linhas vermelha e amarela). Para h\u00f3spedes de hot\u00e9is da regi\u00e3o, a localiza\u00e7\u00e3o privilegiada permite deslocamento conveniente para principais pontos da cidade:<\/p>\n<ul class=\"[&amp;:not(:last-child)_ul]:pb-1 [&amp;:not(:last-child)_ol]:pb-1 list-disc space-y-1.5 pl-7\">\n<li class=\"whitespace-normal break-words\">5 minutos a p\u00e9 da Avenida Paulista<\/li>\n<li class=\"whitespace-normal break-words\">10 minutos de metr\u00f4 at\u00e9 o Parque Ibirapuera<\/li>\n<li class=\"whitespace-normal break-words\">Acesso direto ao Aeroporto de Congonhas pela linha amarela<\/li>\n<\/ul>\n<h2 class=\"text-xl font-bold text-text-200 mt-1 -mb-0.5\"><span class=\"ez-toc-section\" id=\"Atracoes_Imperdiveis\"><\/span>Atra\u00e7\u00f5es Imperd\u00edveis<span class=\"ez-toc-section-end\"><\/span><\/h2>\n<h3 class=\"text-lg font-bold text-text-200 mt-1 -mb-1.5\">Feira de Artesanato<\/h3>\n<ul class=\"[&amp;:not(:last-child)_ul]:pb-1 [&amp;:not(:last-child)_ol]:pb-1 list-disc space-y-1.5 pl-7\">\n<li class=\"whitespace-normal break-words\">Acontece aos domingos<\/li>\n<li class=\"whitespace-normal break-words\">Mais de 600 expositores<\/li>\n<li class=\"whitespace-normal break-words\">Artesanato regional<\/li>\n<li class=\"whitespace-normal break-words\">Gastronomia t\u00edpica brasileira<\/li>\n<\/ul>\n<h3 class=\"text-lg font-bold text-text-200 mt-1 -mb-1.5\">Arquitetura Hist\u00f3rica<\/h3>\n<ul class=\"[&amp;:not(:last-child)_ul]:pb-1 [&amp;:not(:last-child)_ol]:pb-1 list-disc space-y-1.5 pl-7\">\n<li class=\"whitespace-normal break-words\">Edif\u00edcio Copan (5 minutos a p\u00e9)<\/li>\n<li class=\"whitespace-normal break-words\">Edif\u00edcio It\u00e1lia (vista panor\u00e2mica da cidade)<\/li>\n<li class=\"whitespace-normal break-words\">Pr\u00e9dio hist\u00f3rico da Escola Normal Caetano de Campos<\/li>\n<\/ul>\n<h2><span class=\"ez-toc-section\" id=\"Hospedagens_Proximas_a_Praca_da_Republica\"><\/span>Hospedagens Pr\u00f3ximas \u00e0 Pra\u00e7a da Rep\u00fablica<span class=\"ez-toc-section-end\"><\/span><\/h2>\n<p>Se voc\u00ea \u00e9 de fora e quer ficar em hot\u00e9is em S\u00e3o Paulo com mais conforto, indicamos belas op\u00e7\u00f5es de apartamentos que atendem t\u00e3o bem quanto um hotel e est\u00e3o pr\u00f3ximos ao local dos desfiles e f\u00e1cil acesso:<\/p>\n<p>O <a href=\"https:\/\/www.mapadehoteis.com.br\/hoteis\/sp\/sao-paulo\/tabas-edificio-arinda-sao-paulo\/\"><strong>Tabas \u2013 Edif\u00edcio Arinda<\/strong><\/a> \u2013 S\u00e3o Paulo est\u00e1 localizado pr\u00f3ximo ao centro de S\u00e3o Paulo e possui algumas comodidades como por exemplo cozinha com micro-ondas, geladeira e fog\u00e3o, o que o torna uma boa op\u00e7\u00e3o para quem quer uma estadia com refei\u00e7\u00e3o pr\u00f3pria no local.<\/p>\n<p><img data-recalc-dims=\"1\" loading=\"lazy\" decoding=\"async\" class=\"aligncenter wp-image-5239\" src=\"https:\/\/i0.wp.com\/www.mapadehoteis.com.br\/blog\/wp-content\/uploads\/2020\/01\/tabas-Edificio-Arinda-Sao-Paulo-vista.webp?resize=593%2C395&#038;ssl=1\" alt=\"vista do tabas edificio arlinda sao paulo\" width=\"593\" height=\"395\" srcset=\"https:\/\/i0.wp.com\/www.mapadehoteis.com.br\/blog\/wp-content\/uploads\/2020\/01\/tabas-Edificio-Arinda-Sao-Paulo-vista.webp?resize=648%2C432&amp;ssl=1 648w, https:\/\/i0.wp.com\/www.mapadehoteis.com.br\/blog\/wp-content\/uploads\/2020\/01\/tabas-Edificio-Arinda-Sao-Paulo-vista.webp?resize=300%2C200&amp;ssl=1 300w, https:\/\/i0.wp.com\/www.mapadehoteis.com.br\/blog\/wp-content\/uploads\/2020\/01\/tabas-Edificio-Arinda-Sao-Paulo-vista.webp?resize=768%2C512&amp;ssl=1 768w, https:\/\/i0.wp.com\/www.mapadehoteis.com.br\/blog\/wp-content\/uploads\/2020\/01\/tabas-Edificio-Arinda-Sao-Paulo-vista.webp?resize=150%2C100&amp;ssl=1 150w, https:\/\/i0.wp.com\/www.mapadehoteis.com.br\/blog\/wp-content\/uploads\/2020\/01\/tabas-Edificio-Arinda-Sao-Paulo-vista.webp?w=1024&amp;ssl=1 1024w\" sizes=\"auto, (max-width: 593px) 100vw, 593px\" \/><\/p>\n<p>Outro apartamento muito bem recomendado \u00e9 o <strong><a href=\"https:\/\/www.mapadehoteis.com.br\/hoteis\/sp\/sao-paulo\/apartamentos-allianz-park-perdizes\/\">Allianz Park Perdizes<\/a>,<\/strong> situado em S\u00e3o Paulo, a 700 metros do Allianz Parque e a 1,5 km do Memorial da Am\u00e9rica Latina e pouco menos de 4km da Pra\u00e7a da Rep\u00fablica, o Allianz Park, Perdizes possui \u00e1rea de piscina com vista, academia e sauna a vapor.<\/p>\n<p><img data-recalc-dims=\"1\" loading=\"lazy\" decoding=\"async\" class=\"aligncenter wp-image-5242\" src=\"https:\/\/i0.wp.com\/www.mapadehoteis.com.br\/blog\/wp-content\/uploads\/2020\/01\/Apartamento-allianz-park-perdizes-hall-entrada-648x486.jpg?resize=582%2C436&#038;ssl=1\" alt=\"hall de entrada de alianz park perdizes\" width=\"582\" height=\"436\" srcset=\"https:\/\/i0.wp.com\/www.mapadehoteis.com.br\/blog\/wp-content\/uploads\/2020\/01\/Apartamento-allianz-park-perdizes-hall-entrada.jpg?resize=648%2C486&amp;ssl=1 648w, https:\/\/i0.wp.com\/www.mapadehoteis.com.br\/blog\/wp-content\/uploads\/2020\/01\/Apartamento-allianz-park-perdizes-hall-entrada.jpg?resize=300%2C225&amp;ssl=1 300w, https:\/\/i0.wp.com\/www.mapadehoteis.com.br\/blog\/wp-content\/uploads\/2020\/01\/Apartamento-allianz-park-perdizes-hall-entrada.jpg?resize=768%2C576&amp;ssl=1 768w, https:\/\/i0.wp.com\/www.mapadehoteis.com.br\/blog\/wp-content\/uploads\/2020\/01\/Apartamento-allianz-park-perdizes-hall-entrada.jpg?resize=150%2C113&amp;ssl=1 150w, https:\/\/i0.wp.com\/www.mapadehoteis.com.br\/blog\/wp-content\/uploads\/2020\/01\/Apartamento-allianz-park-perdizes-hall-entrada.jpg?w=1024&amp;ssl=1 1024w\" sizes=\"auto, (max-width: 582px) 100vw, 582px\" \/><\/p>\n<p>&nbsp;<\/p>\n<p>Veja tamb\u00e9m: <a href=\"https:\/\/www.mapadehoteis.com.br\/blog\/carnaval\/melhores-bloquinhos-de-carnaval-de-sao-paulo-2024\/\"><strong>Melhores Blocos de carnaval de S\u00e3o Paulo<\/strong><\/a><\/p>\n<h2 class=\"text-xl font-bold text-text-200 mt-1 -mb-0.5\"><span class=\"ez-toc-section\" id=\"Dicas_para_Visitantes\"><\/span>Dicas para Visitantes<span class=\"ez-toc-section-end\"><\/span><\/h2>\n<h3 class=\"text-lg font-bold text-text-200 mt-1 -mb-1.5\">Melhor \u00c9poca para Visitar<\/h3>\n<ul class=\"[&amp;:not(:last-child)_ul]:pb-1 [&amp;:not(:last-child)_ol]:pb-1 list-disc space-y-1.5 pl-7\">\n<li class=\"whitespace-normal break-words\">Mar\u00e7o a Maio: clima ameno<\/li>\n<li class=\"whitespace-normal break-words\">Setembro a Novembro: eventos culturais<\/li>\n<li class=\"whitespace-normal break-words\">Dezembro: decora\u00e7\u00e3o natalina especial<\/li>\n<\/ul>\n<h3 class=\"text-lg font-bold text-text-200 mt-1 -mb-1.5\">Seguran\u00e7a<\/h3>\n<ul class=\"[&amp;:not(:last-child)_ul]:pb-1 [&amp;:not(:last-child)_ol]:pb-1 list-disc space-y-1.5 pl-7\">\n<li class=\"whitespace-normal break-words\">Movimento intenso durante hor\u00e1rio comercial<\/li>\n<li class=\"whitespace-normal break-words\">C\u00e2meras de vigil\u00e2ncia 24h<\/li>\n<li class=\"whitespace-normal break-words\">Policiamento constante<\/li>\n<li class=\"whitespace-normal break-words\">Evite circular tarde da noite<\/li>\n<\/ul>\n<h3>Gastronomia Local<\/h3>\n<ul>\n<li>Restaurantes tradicionais paulistanos<\/li>\n<li>Cafeterias artesanais<\/li>\n<li>Bares hist\u00f3ricos<\/li>\n<li>Food trucks modernos<\/li>\n<\/ul>\n<h2 class=\"text-xl font-bold text-text-200 mt-1 -mb-0.5\"><span class=\"ez-toc-section\" id=\"Eventos_e_Programacao_Cultural\"><\/span>Eventos e Programa\u00e7\u00e3o Cultural<span class=\"ez-toc-section-end\"><\/span><\/h2>\n<ul class=\"[&amp;:not(:last-child)_ul]:pb-1 [&amp;:not(:last-child)_ol]:pb-1 list-disc space-y-1.5 pl-7\">\n<li class=\"whitespace-normal break-words\">Shows gratuitos aos fins de semana<\/li>\n<li class=\"whitespace-normal break-words\">Feiras gastron\u00f4micas sazonais<\/li>\n<li class=\"whitespace-normal break-words\">Exposi\u00e7\u00f5es de arte ao ar livre<\/li>\n<li class=\"whitespace-normal break-words\">Festivais culturais<\/li>\n<\/ul>\n<h2 class=\"text-xl font-bold text-text-200 mt-1 -mb-0.5\"><span class=\"ez-toc-section\" id=\"Transporte_e_Mobilidade\"><\/span>Transporte e Mobilidade<span class=\"ez-toc-section-end\"><\/span><\/h2>\n<ul class=\"[&amp;:not(:last-child)_ul]:pb-1 [&amp;:not(:last-child)_ol]:pb-1 list-disc space-y-1.5 pl-7\">\n<li class=\"whitespace-normal break-words\">Esta\u00e7\u00f5es de metr\u00f4 Rep\u00fablica e Anhangaba\u00fa<\/li>\n<li class=\"whitespace-normal break-words\">Pontos de \u00f4nibus para todas as regi\u00f5es<\/li>\n<li class=\"whitespace-normal break-words\">Ciclofaixas conectadas<\/li>\n<li class=\"whitespace-normal break-words\">Servi\u00e7os de compartilhamento de patinetes<\/li>\n<\/ul>\n<h2 class=\"text-xl font-bold text-text-200 mt-1 -mb-0.5\"><span class=\"ez-toc-section\" id=\"Para_Quem_Esta_Hospedado_na_Regiao\"><\/span>Para Quem Est\u00e1 Hospedado na Regi\u00e3o<span class=\"ez-toc-section-end\"><\/span><\/h2>\n<h3 class=\"text-lg font-bold text-text-200 mt-1 -mb-1.5\">Servi\u00e7os Pr\u00f3ximos<\/h3>\n<ul class=\"[&amp;:not(:last-child)_ul]:pb-1 [&amp;:not(:last-child)_ol]:pb-1 list-disc space-y-1.5 pl-7\">\n<li class=\"whitespace-normal break-words\">Farm\u00e1cias 24h<\/li>\n<li class=\"whitespace-normal break-words\">Supermercados<\/li>\n<li class=\"whitespace-normal break-words\">Bancos e caixas eletr\u00f4nicos<\/li>\n<li class=\"whitespace-normal break-words\">Shopping centers<\/li>\n<\/ul>\n<h3 class=\"text-lg font-bold text-text-200 mt-1 -mb-1.5\">Entretenimento Noturno<\/h3>\n<ul class=\"[&amp;:not(:last-child)_ul]:pb-1 [&amp;:not(:last-child)_ol]:pb-1 list-disc space-y-1.5 pl-7\">\n<li class=\"whitespace-normal break-words\">Bares tradicionais<\/li>\n<li class=\"whitespace-normal break-words\">Casas de shows<\/li>\n<li class=\"whitespace-normal break-words\">Teatros hist\u00f3ricos<\/li>\n<li class=\"whitespace-normal break-words\">Cinemas<\/li>\n<\/ul>\n<p>Se voc\u00ea planeja ir para S\u00e3o Paulo mas quer apenas visitar a Pra\u00e7a da Rep\u00fablica, confira nossa sele\u00e7\u00e3o de hot\u00e9is em S\u00e3o Paulo e veja quais s\u00e3o as melhores op\u00e7\u00f5es de hospedagem na cidade em outros bairros tamb\u00e9m! E se voc\u00ea j\u00e1 visitou, conta para a gente nos coment\u00e1rios o que mais gostou de fazer\/visitar.<\/p>\n","protected":false},"excerpt":{"rendered":"<p>A Pra\u00e7a da Rep\u00fablica, localizada no cora\u00e7\u00e3o de S\u00e3o Paulo, \u00e9 um dos pontos tur\u00edsticos mais emblem\u00e1ticos da cidade. Seja voc\u00ea um viajante a neg\u00f3cios ou turista, este guia traz tudo o que voc\u00ea precisa saber sobre esta regi\u00e3o hist\u00f3rica e vibrante da capital paulista. Localiza\u00e7\u00e3o Estrat\u00e9gica e Como Chegar A pra\u00e7a est\u00e1 localizada no [&hellip;]<\/p>\n","protected":false},"author":5,"featured_media":5813,"comment_status":"open","ping_status":"open","sticky":false,"template":"","format":"standard","meta":{"_lmt_disableupdate":"","_lmt_disable":"","_sitemap_exclude":false,"_sitemap_priority":"","_sitemap_frequency":"","_uf_show_specific_survey":0,"_uf_disable_surveys":false,"footnotes":""},"categories":[49,72],"tags":[1487,1483,1481,424,1485],"class_list":["post-5794","post","type-post","status-publish","format-standard","has-post-thumbnail","hentry","category-hoteis-brasil","category-turismo","tag-centro-de-sp","tag-hoteis-em-sp","tag-praca-da-republica","tag-sao-paulo","tag-turismo-em-sp"],"modified_by":"Anna Balvetti","_links":{"self":[{"href":"https:\/\/www.mapadehoteis.com.br\/blog\/wp-json\/wp\/v2\/posts\/5794","targetHints":{"allow":["GET"]}}],"collection":[{"href":"https:\/\/www.mapadehoteis.com.br\/blog\/wp-json\/wp\/v2\/posts"}],"about":[{"href":"https:\/\/www.mapadehoteis.com.br\/blog\/wp-json\/wp\/v2\/types\/post"}],"author":[{"embeddable":true,"href":"https:\/\/www.mapadehoteis.com.br\/blog\/wp-json\/wp\/v2\/users\/5"}],"replies":[{"embeddable":true,"href":"https:\/\/www.mapadehoteis.com.br\/blog\/wp-json\/wp\/v2\/comments?post=5794"}],"version-history":[{"count":2,"href":"https:\/\/www.mapadehoteis.com.br\/blog\/wp-json\/wp\/v2\/posts\/5794\/revisions"}],"predecessor-version":[{"id":5814,"href":"https:\/\/www.mapadehoteis.com.br\/blog\/wp-json\/wp\/v2\/posts\/5794\/revisions\/5814"}],"wp:featuredmedia":[{"embeddable":true,"href":"https:\/\/www.mapadehoteis.com.br\/blog\/wp-json\/wp\/v2\/media\/5813"}],"wp:attachment":[{"href":"https:\/\/www.mapadehoteis.com.br\/blog\/wp-json\/wp\/v2\/media?parent=5794"}],"wp:term":[{"taxonomy":"category","embeddable":true,"href":"https:\/\/www.mapadehoteis.com.br\/blog\/wp-json\/wp\/v2\/categories?post=5794"},{"taxonomy":"post_tag","embeddable":true,"href":"https:\/\/www.mapadehoteis.com.br\/blog\/wp-json\/wp\/v2\/tags?post=5794"}],"curies":[{"name":"wp","href":"https:\/\/api.w.org\/{rel}","templated":true}]}}