{"id":5902,"date":"2025-03-17T02:07:27","date_gmt":"2025-03-17T05:07:27","guid":{"rendered":"https:\/\/www.mapadehoteis.com.br\/blog\/?p=5902"},"modified":"2025-03-17T02:09:42","modified_gmt":"2025-03-17T05:09:42","slug":"copacabana-palace-anuncia-leilao-de-moveis-historicos-antes-de-reforma","status":"publish","type":"post","link":"https:\/\/www.mapadehoteis.com.br\/blog\/noticias\/copacabana-palace-anuncia-leilao-de-moveis-historicos-antes-de-reforma\/","title":{"rendered":"Copacabana Palace Anuncia Leil\u00e3o de M\u00f3veis Hist\u00f3ricos Antes de Reforma"},"content":{"rendered":"<p data-start=\"85\" data-end=\"410\">O <a href=\"https:\/\/www.booking.com\/hotel\/br\/copacabana-palace.pt-br.html?aid=370065\" target=\"_blank\" rel=\"noopener\"><strong data-start=\"87\" data-end=\"116\">Belmond Copacabana Palace<\/strong><\/a>, um dos hot\u00e9is mais emblem\u00e1ticos do Brasil, realizar\u00e1 um leil\u00e3o exclusivo de m\u00f3veis e pe\u00e7as que marcaram sua hist\u00f3ria centen\u00e1ria. O evento est\u00e1 programado para o dia <strong data-start=\"283\" data-end=\"316\">18 de mar\u00e7o de 2025, \u00e0s 19h30<\/strong>, no pr\u00f3prio hotel, e antecede uma ampla reforma prevista para ser conclu\u00edda no final de 2026.<\/p>\n<div id=\"ez-toc-container\" class=\"ez-toc-v2_0_73 counter-hierarchy ez-toc-counter ez-toc-grey ez-toc-container-direction\">\n<div class=\"ez-toc-title-container\">\n<p class=\"ez-toc-title\" style=\"cursor:inherit\">Sum\u00e1rio<\/p>\n<span class=\"ez-toc-title-toggle\"><a href=\"#\" class=\"ez-toc-pull-right ez-toc-btn ez-toc-btn-xs ez-toc-btn-default ez-toc-toggle\" aria-label=\"Alternar tabela de conte\u00fado\"><span class=\"ez-toc-js-icon-con\"><span class=\"\"><span class=\"eztoc-hide\" style=\"display:none;\">Toggle<\/span><span class=\"ez-toc-icon-toggle-span\"><svg style=\"fill: #999;color:#999\" xmlns=\"http:\/\/www.w3.org\/2000\/svg\" class=\"list-377408\" width=\"20px\" height=\"20px\" viewBox=\"0 0 24 24\" fill=\"none\"><path d=\"M6 6H4v2h2V6zm14 0H8v2h12V6zM4 11h2v2H4v-2zm16 0H8v2h12v-2zM4 16h2v2H4v-2zm16 0H8v2h12v-2z\" fill=\"currentColor\"><\/path><\/svg><svg style=\"fill: #999;color:#999\" class=\"arrow-unsorted-368013\" xmlns=\"http:\/\/www.w3.org\/2000\/svg\" width=\"10px\" height=\"10px\" viewBox=\"0 0 24 24\" version=\"1.2\" baseProfile=\"tiny\"><path d=\"M18.2 9.3l-6.2-6.3-6.2 6.3c-.2.2-.3.4-.3.7s.1.5.3.7c.2.2.4.3.7.3h11c.3 0 .5-.1.7-.3.2-.2.3-.5.3-.7s-.1-.5-.3-.7zM5.8 14.7l6.2 6.3 6.2-6.3c.2-.2.3-.5.3-.7s-.1-.5-.3-.7c-.2-.2-.4-.3-.7-.3h-11c-.3 0-.5.1-.7.3-.2.2-.3.5-.3.7s.1.5.3.7z\"\/><\/svg><\/span><\/span><\/span><\/a><\/span><\/div>\n<nav><ul class='ez-toc-list ez-toc-list-level-1 ' ><li class='ez-toc-page-1 ez-toc-heading-level-2'><a class=\"ez-toc-link ez-toc-heading-1\" href=\"https:\/\/www.mapadehoteis.com.br\/blog\/noticias\/copacabana-palace-anuncia-leilao-de-moveis-historicos-antes-de-reforma\/#Historia_do_Copacabana_Palace\" title=\"Hist\u00f3ria do Copacabana Palace\">Hist\u00f3ria do Copacabana Palace<\/a><\/li><li class='ez-toc-page-1 ez-toc-heading-level-2'><a class=\"ez-toc-link ez-toc-heading-2\" href=\"https:\/\/www.mapadehoteis.com.br\/blog\/noticias\/copacabana-palace-anuncia-leilao-de-moveis-historicos-antes-de-reforma\/#Itens_Disponiveis_no_Leilao\" title=\"Itens Dispon\u00edveis no Leil\u00e3o\">Itens Dispon\u00edveis no Leil\u00e3o<\/a><\/li><li class='ez-toc-page-1 ez-toc-heading-level-2'><a class=\"ez-toc-link ez-toc-heading-3\" href=\"https:\/\/www.mapadehoteis.com.br\/blog\/noticias\/copacabana-palace-anuncia-leilao-de-moveis-historicos-antes-de-reforma\/#Como_Participar_do_Leilao\" title=\"Como Participar do Leil\u00e3o\">Como Participar do Leil\u00e3o<\/a><\/li><li class='ez-toc-page-1 ez-toc-heading-level-2'><a class=\"ez-toc-link ez-toc-heading-4\" href=\"https:\/\/www.mapadehoteis.com.br\/blog\/noticias\/copacabana-palace-anuncia-leilao-de-moveis-historicos-antes-de-reforma\/#Detalhes_da_Reforma_do_Copacabana_Palace\" title=\"Detalhes da Reforma do Copacabana Palace\">Detalhes da Reforma do Copacabana Palace<\/a><\/li><li class='ez-toc-page-1 ez-toc-heading-level-2'><a class=\"ez-toc-link ez-toc-heading-5\" href=\"https:\/\/www.mapadehoteis.com.br\/blog\/noticias\/copacabana-palace-anuncia-leilao-de-moveis-historicos-antes-de-reforma\/#Oportunidade_Unica_para_Colecionadores_e_Admiradores\" title=\"Oportunidade \u00danica para Colecionadores e Admiradores\">Oportunidade \u00danica para Colecionadores e Admiradores<\/a><\/li><\/ul><\/nav><\/div>\n<h2 data-start=\"412\" data-end=\"449\"><span class=\"ez-toc-section\" id=\"Historia_do_Copacabana_Palace\"><\/span><strong data-start=\"415\" data-end=\"449\">Hist\u00f3ria do Copacabana Palace<\/strong><span class=\"ez-toc-section-end\"><\/span><\/h2>\n<p data-start=\"451\" data-end=\"851\">Inaugurado em <strong data-start=\"465\" data-end=\"473\">1923<\/strong>, o Copacabana Palace foi idealizado pelo empres\u00e1rio <strong data-start=\"526\" data-end=\"544\">Oct\u00e1vio Guinle<\/strong> a pedido do ent\u00e3o presidente <strong data-start=\"574\" data-end=\"593\">Epit\u00e1cio Pessoa<\/strong>, que desejava um hotel de luxo para celebrar o centen\u00e1rio da independ\u00eancia do Brasil. Projetado pelo arquiteto franc\u00eas <strong data-start=\"713\" data-end=\"728\">Joseph Gire<\/strong>, o hotel foi inspirado nos renomados hot\u00e9is Negresco, em Nice, e Carlton, em Cannes.<\/p>\n<p data-start=\"853\" data-end=\"1190\">Ao longo de sua exist\u00eancia, hospedou diversas personalidades ilustres, como <strong data-start=\"842\" data-end=\"926\">Marilyn Monroe, Brigitte Bardot, Frank Sinatra, Madonna e at\u00e9 membros da realeza<\/strong>, consolidando-se como um s\u00edmbolo de sofistica\u00e7\u00e3o e glamour no Rio de Janeiro. Em <strong data-start=\"1024\" data-end=\"1032\">1989<\/strong>, foi tombado como <strong data-start=\"1051\" data-end=\"1084\">Patrim\u00f4nio Hist\u00f3rico Nacional<\/strong>, garantindo a preserva\u00e7\u00e3o de sua arquitetura e relev\u00e2ncia cultural.<\/p>\n<p data-start=\"853\" data-end=\"1190\"><strong>Leia tamb\u00e9m:<\/strong> <a href=\"https:\/\/www.mapadehoteis.com.br\/blog\/hoteis\/top-10-melhores-hoteis-luxuosos-brasil\/\" target=\"_blank\" rel=\"noopener\">Top 10 Hot\u00e9is Luxuosos no Brasil<\/a><\/p>\n<h2 data-start=\"1192\" data-end=\"1226\"><span class=\"ez-toc-section\" id=\"Itens_Disponiveis_no_Leilao\"><\/span><strong data-start=\"1195\" data-end=\"1226\">Itens Dispon\u00edveis no Leil\u00e3o<\/strong><span class=\"ez-toc-section-end\"><\/span><\/h2>\n<p data-start=\"1228\" data-end=\"1285\"><img data-recalc-dims=\"1\" loading=\"lazy\" decoding=\"async\" class=\"alignnone size-medium wp-image-5904\" src=\"https:\/\/i0.wp.com\/www.mapadehoteis.com.br\/blog\/wp-content\/uploads\/2025\/03\/mobiliario-copacabana-palace-leilao.jpg?resize=300%2C200&#038;ssl=1\" alt=\"quarto e mobiliario do hotel belmond copacabana palace\" width=\"300\" height=\"200\" srcset=\"https:\/\/i0.wp.com\/www.mapadehoteis.com.br\/blog\/wp-content\/uploads\/2025\/03\/mobiliario-copacabana-palace-leilao.jpg?resize=300%2C200&amp;ssl=1 300w, https:\/\/i0.wp.com\/www.mapadehoteis.com.br\/blog\/wp-content\/uploads\/2025\/03\/mobiliario-copacabana-palace-leilao.jpg?resize=648%2C432&amp;ssl=1 648w, https:\/\/i0.wp.com\/www.mapadehoteis.com.br\/blog\/wp-content\/uploads\/2025\/03\/mobiliario-copacabana-palace-leilao.jpg?resize=768%2C512&amp;ssl=1 768w, https:\/\/i0.wp.com\/www.mapadehoteis.com.br\/blog\/wp-content\/uploads\/2025\/03\/mobiliario-copacabana-palace-leilao.jpg?resize=150%2C100&amp;ssl=1 150w, https:\/\/i0.wp.com\/www.mapadehoteis.com.br\/blog\/wp-content\/uploads\/2025\/03\/mobiliario-copacabana-palace-leilao.jpg?w=1280&amp;ssl=1 1280w\" sizes=\"auto, (max-width: 300px) 100vw, 300px\" \/><\/p>\n<p data-start=\"1228\" data-end=\"1285\">Ser\u00e3o leiloados m\u00f3veis de 96 quartos e su\u00edtes, incluindo:<\/p>\n<ul data-start=\"1287\" data-end=\"1422\">\n<li data-start=\"1287\" data-end=\"1305\">Camas e colch\u00f5es<\/li>\n<li data-start=\"1306\" data-end=\"1322\">Mesas de apoio<\/li>\n<li data-start=\"1323\" data-end=\"1342\">Poltronas e sof\u00e1s<\/li>\n<li data-start=\"1343\" data-end=\"1355\">Lumin\u00e1rias<\/li>\n<li data-start=\"1356\" data-end=\"1377\">Cortinas e carpetes<\/li>\n<li data-start=\"1378\" data-end=\"1399\">Quadros emoldurados<\/li>\n<li data-start=\"1400\" data-end=\"1422\">M\u00f3veis para frigobar<\/li>\n<\/ul>\n<p data-start=\"1424\" data-end=\"1598\">Cada lote corresponder\u00e1 ao conjunto completo de um quarto ou su\u00edte, permitindo que os compradores adquiram toda a mob\u00edlia de uma s\u00f3 vez.<\/p>\n<h2 data-start=\"1600\" data-end=\"1632\"><span class=\"ez-toc-section\" id=\"Como_Participar_do_Leilao\"><\/span><strong data-start=\"1603\" data-end=\"1632\">Como Participar do Leil\u00e3o<\/strong><span class=\"ez-toc-section-end\"><\/span><\/h2>\n<p data-start=\"1634\" data-end=\"1966\">O leil\u00e3o ser\u00e1 conduzido pelo escrit\u00f3rio de arte de <a href=\"https:\/\/www.soraiacals.com.br\/\" target=\"_blank\" rel=\"noopener\"><strong data-start=\"1685\" data-end=\"1700\">Soraia Cals<\/strong><\/a>. Para participar, \u00e9 necess\u00e1rio realizar um cadastro pr\u00e9vio no site oficial da leiloeira. Os lances poder\u00e3o ser feitos presencialmente, na <strong data-start=\"1839\" data-end=\"1883\">Avenida Nossa Senhora de Copacabana, 261<\/strong>, ou de forma remota, pela plataforma online.<\/p>\n<h2 data-start=\"2192\" data-end=\"2218\"><span class=\"ez-toc-section\" id=\"Detalhes_da_Reforma_do_Copacabana_Palace\"><\/span><strong data-start=\"2195\" data-end=\"2218\">Detalhes da Reforma do Copacabana Palace<\/strong><span class=\"ez-toc-section-end\"><\/span><\/h2>\n<p data-start=\"2220\" data-end=\"2259\">A reforma planejada para 2025 incluir\u00e1:<\/p>\n<ul data-start=\"2261\" data-end=\"2599\">\n<li data-start=\"2261\" data-end=\"2329\">Renova\u00e7\u00e3o das instala\u00e7\u00f5es el\u00e9tricas, hidr\u00e1ulicas e de refrigera\u00e7\u00e3o<\/li>\n<li data-start=\"2330\" data-end=\"2377\">Melhoria na ilumina\u00e7\u00e3o, televis\u00f5es e internet<\/li>\n<li data-start=\"2378\" data-end=\"2456\">Redu\u00e7\u00e3o do n\u00famero de quartos, priorizando acomoda\u00e7\u00f5es mais amplas e luxuosas<\/li>\n<li data-start=\"2457\" data-end=\"2510\">Constru\u00e7\u00e3o de um novo spa e academia de alto padr\u00e3o<\/li>\n<li data-start=\"2511\" data-end=\"2599\">Reformula\u00e7\u00e3o dos restaurantes, elevando ainda mais a experi\u00eancia gastron\u00f4mica do hotel<\/li>\n<\/ul>\n<p data-start=\"2601\" data-end=\"2775\">A reabertura est\u00e1 prevista para o quarto trimestre de 2026, trazendo um <strong>Copacabana Palace<\/strong> renovado, mas mantendo seu glamour e tradi\u00e7\u00e3o.<\/p>\n<h2 data-start=\"2777\" data-end=\"2836\"><span class=\"ez-toc-section\" id=\"Oportunidade_Unica_para_Colecionadores_e_Admiradores\"><\/span><strong data-start=\"2780\" data-end=\"2836\">Oportunidade \u00danica para Colecionadores e Admiradores<\/strong><span class=\"ez-toc-section-end\"><\/span><\/h2>\n<p data-start=\"2838\" data-end=\"3203\">Este leil\u00e3o representa uma oportunidade singular para colecionadores, designers de interiores e admiradores da hist\u00f3ria carioca adquirirem pe\u00e7as exclusivas que compuseram o cen\u00e1rio de um dos hot\u00e9is mais emblem\u00e1ticos do Brasil. Al\u00e9m de enriquecerem acervos pessoais, os itens leiloados carregam consigo mem\u00f3rias e hist\u00f3rias de h\u00f3spedes ilustres que por ali passaram.<\/p>\n<p data-start=\"3205\" data-end=\"3401\">Para mais informa\u00e7\u00f5es sobre o leil\u00e3o e detalhes dos itens dispon\u00edveis, os interessados devem acessar o site oficial da leiloeira <strong data-start=\"3334\" data-end=\"3349\">Soraia Cals<\/strong> e realizar o cadastro necess\u00e1rio para participa\u00e7\u00e3o.<\/p>\n","protected":false},"excerpt":{"rendered":"<p>O Belmond Copacabana Palace, um dos hot\u00e9is mais emblem\u00e1ticos do Brasil, realizar\u00e1 um leil\u00e3o exclusivo de m\u00f3veis e pe\u00e7as que marcaram sua hist\u00f3ria centen\u00e1ria. O evento est\u00e1 programado para o dia 18 de mar\u00e7o de 2025, \u00e0s 19h30, no pr\u00f3prio hotel, e antecede uma ampla reforma prevista para ser conclu\u00edda no final de 2026. Hist\u00f3ria [&hellip;]<\/p>\n","protected":false},"author":5,"featured_media":5903,"comment_status":"open","ping_status":"open","sticky":false,"template":"","format":"standard","meta":{"_lmt_disableupdate":"","_lmt_disable":"","_sitemap_exclude":false,"_sitemap_priority":"","_sitemap_frequency":"","_uf_show_specific_survey":0,"_uf_disable_surveys":false,"footnotes":""},"categories":[49,1324],"tags":[295,25,1366,268],"class_list":["post-5902","post","type-post","status-publish","format-standard","has-post-thumbnail","hentry","category-hoteis-brasil","category-noticias","tag-copacabana-palace","tag-hotel","tag-hotel-de-luxo","tag-rio-de-janeiro-2"],"modified_by":"Anna Balvetti","_links":{"self":[{"href":"https:\/\/www.mapadehoteis.com.br\/blog\/wp-json\/wp\/v2\/posts\/5902","targetHints":{"allow":["GET"]}}],"collection":[{"href":"https:\/\/www.mapadehoteis.com.br\/blog\/wp-json\/wp\/v2\/posts"}],"about":[{"href":"https:\/\/www.mapadehoteis.com.br\/blog\/wp-json\/wp\/v2\/types\/post"}],"author":[{"embeddable":true,"href":"https:\/\/www.mapadehoteis.com.br\/blog\/wp-json\/wp\/v2\/users\/5"}],"replies":[{"embeddable":true,"href":"https:\/\/www.mapadehoteis.com.br\/blog\/wp-json\/wp\/v2\/comments?post=5902"}],"version-history":[{"count":2,"href":"https:\/\/www.mapadehoteis.com.br\/blog\/wp-json\/wp\/v2\/posts\/5902\/revisions"}],"predecessor-version":[{"id":5906,"href":"https:\/\/www.mapadehoteis.com.br\/blog\/wp-json\/wp\/v2\/posts\/5902\/revisions\/5906"}],"wp:featuredmedia":[{"embeddable":true,"href":"https:\/\/www.mapadehoteis.com.br\/blog\/wp-json\/wp\/v2\/media\/5903"}],"wp:attachment":[{"href":"https:\/\/www.mapadehoteis.com.br\/blog\/wp-json\/wp\/v2\/media?parent=5902"}],"wp:term":[{"taxonomy":"category","embeddable":true,"href":"https:\/\/www.mapadehoteis.com.br\/blog\/wp-json\/wp\/v2\/categories?post=5902"},{"taxonomy":"post_tag","embeddable":true,"href":"https:\/\/www.mapadehoteis.com.br\/blog\/wp-json\/wp\/v2\/tags?post=5902"}],"curies":[{"name":"wp","href":"https:\/\/api.w.org\/{rel}","templated":true}]}}