{"id":5987,"date":"2025-03-26T18:12:50","date_gmt":"2025-03-26T21:12:50","guid":{"rendered":"https:\/\/www.mapadehoteis.com.br\/blog\/?p=5987"},"modified":"2025-03-26T18:29:15","modified_gmt":"2025-03-26T21:29:15","slug":"minas-gerais-tera-novo-resort-de-luxo-com-vinicola","status":"publish","type":"post","link":"https:\/\/www.mapadehoteis.com.br\/blog\/noticias\/minas-gerais-tera-novo-resort-de-luxo-com-vinicola\/","title":{"rendered":"Minas Gerais ter\u00e1 novo resort de luxo com vin\u00edcola"},"content":{"rendered":"<p>O turismo de luxo em Minas Gerais acaba de ganhar um grande refor\u00e7o. O aguardado <strong>Vila Gal\u00e9 Collection Ouro Preto<\/strong> tem sua inaugura\u00e7\u00e3o confirmada para o dia <strong>15 de maio de 2025<\/strong>, em <strong>regime de soft opening<\/strong>, com uma cerim\u00f4nia oficial marcada para <strong>24 de maio<\/strong>. O novo resort promete elevar a experi\u00eancia dos viajantes que buscam sofistica\u00e7\u00e3o, conforto e um toque da hist\u00f3ria e cultura da cidade.<\/p>\n<h2>Por que em Ouro Preto?<\/h2>\n<p>Localizado no distrito de <strong>Cachoeira do Campo<\/strong>, em Ouro Preto, o resort foi desenvolvido pela rede portuguesa <a href=\"https:\/\/www.instagram.com\/vilagale\/\" target=\"_blank\" rel=\"noopener\">Vila Gal\u00e9<\/a>, com um investimento que ultrapassa <strong>R$ 120 milh\u00f5es<\/strong>. O empreendimento surge como uma nova op\u00e7\u00e3o de hospedagem de alto padr\u00e3o em uma das cidades mais ic\u00f4nicas do Brasil, em uma \u00e1rea de <strong>195 hectares<\/strong>, A jun\u00e7\u00e3o de luxo, natureza e cultura, tornam o <strong>Vila Gal\u00e9 Collection Ouro Preto <\/strong>um atrativo \u00fanico para viajantes que buscam uma experi\u00eancia aut\u00eantica.<\/p>\n<p>A decis\u00e3o de instalar o <strong>Vila Gal\u00e9 Collection Ouro Preto<\/strong> na cidade hist\u00f3rica foi influenciada por diversos fatores. O presidente da rede, <strong>Jorge Rebelo de Almeida<\/strong>, destacou sua admira\u00e7\u00e3o pela cidade e pela regi\u00e3o, enfatizando a riqueza cultural e o potencial tur\u00edstico. Al\u00e9m disso, o projeto envolveu a restaura\u00e7\u00e3o do <strong>antigo Col\u00e9gio Dom Bosco<\/strong>, uma constru\u00e7\u00e3o tombada pelo Instituto Estadual do Patrim\u00f4nio Hist\u00f3rico e Art\u00edstico de Minas Gerais (<strong>Iepha-MG<\/strong>), garantindo que o novo hotel preservasse o legado arquitet\u00f4nico da \u00e1rea.<\/p>\n<p><img data-recalc-dims=\"1\" loading=\"lazy\" decoding=\"async\" class=\" wp-image-5990 aligncenter\" src=\"https:\/\/i0.wp.com\/www.mapadehoteis.com.br\/blog\/wp-content\/uploads\/2025\/03\/resort-vila-gale-ouro-preto.webp?resize=444%2C333&#038;ssl=1\" alt=\"Resort Vila Gale Collection Ouro Preto\" width=\"444\" height=\"333\" srcset=\"https:\/\/i0.wp.com\/www.mapadehoteis.com.br\/blog\/wp-content\/uploads\/2025\/03\/resort-vila-gale-ouro-preto.webp?resize=300%2C225&amp;ssl=1 300w, https:\/\/i0.wp.com\/www.mapadehoteis.com.br\/blog\/wp-content\/uploads\/2025\/03\/resort-vila-gale-ouro-preto.webp?resize=648%2C486&amp;ssl=1 648w, https:\/\/i0.wp.com\/www.mapadehoteis.com.br\/blog\/wp-content\/uploads\/2025\/03\/resort-vila-gale-ouro-preto.webp?resize=768%2C576&amp;ssl=1 768w, https:\/\/i0.wp.com\/www.mapadehoteis.com.br\/blog\/wp-content\/uploads\/2025\/03\/resort-vila-gale-ouro-preto.webp?resize=150%2C112&amp;ssl=1 150w, https:\/\/i0.wp.com\/www.mapadehoteis.com.br\/blog\/wp-content\/uploads\/2025\/03\/resort-vila-gale-ouro-preto.webp?w=950&amp;ssl=1 950w\" sizes=\"auto, (max-width: 444px) 100vw, 444px\" \/><\/p>\n<h2><strong>Conhe\u00e7a o Vila Gal\u00e9 Collection Ouro Preto<\/strong><\/h2>\n<p>O <strong>Vila Gal\u00e9 Collection Ouro Preto<\/strong> oferecer\u00e1 uma <strong>infraestrutura diferenciada<\/strong>, incluindo:<\/p>\n<ul data-spread=\"false\">\n<li><strong>Centro h\u00edpico<\/strong> para experi\u00eancias equestres;<\/li>\n<li><strong>Vin\u00edcola pr\u00f3pria<\/strong>, proporcionando degusta\u00e7\u00f5es exclusivas;<\/li>\n<li><strong>Museu e salas de conven\u00e7\u00f5es<\/strong>, ideais para eventos e encontros corporativos;<\/li>\n<li><strong>Acomoda\u00e7\u00f5es luxuosas e espa\u00e7os de lazer<\/strong>, pensados para oferecer conforto e bem-estar aos h\u00f3spedes. S\u00e3o 311 quartos, piscinas e spa.<\/li>\n<\/ul>\n<p><img data-recalc-dims=\"1\" loading=\"lazy\" decoding=\"async\" class=\"alignnone size-medium wp-image-5991\" src=\"https:\/\/i0.wp.com\/www.mapadehoteis.com.br\/blog\/wp-content\/uploads\/2025\/03\/Ouro-Preto-Resort-Vila-Gale-Collection-Quarto.jpg?resize=300%2C221&#038;ssl=1\" alt=\"Quarto do Resort Vila Gale Collection em Ouro Preto\" width=\"300\" height=\"221\" srcset=\"https:\/\/i0.wp.com\/www.mapadehoteis.com.br\/blog\/wp-content\/uploads\/2025\/03\/Ouro-Preto-Resort-Vila-Gale-Collection-Quarto.jpg?resize=300%2C221&amp;ssl=1 300w, https:\/\/i0.wp.com\/www.mapadehoteis.com.br\/blog\/wp-content\/uploads\/2025\/03\/Ouro-Preto-Resort-Vila-Gale-Collection-Quarto.jpg?resize=150%2C111&amp;ssl=1 150w, https:\/\/i0.wp.com\/www.mapadehoteis.com.br\/blog\/wp-content\/uploads\/2025\/03\/Ouro-Preto-Resort-Vila-Gale-Collection-Quarto.jpg?w=619&amp;ssl=1 619w\" sizes=\"auto, (max-width: 300px) 100vw, 300px\" \/> <img data-recalc-dims=\"1\" loading=\"lazy\" decoding=\"async\" class=\"alignnone wp-image-5992\" src=\"https:\/\/i0.wp.com\/www.mapadehoteis.com.br\/blog\/wp-content\/uploads\/2025\/03\/Ouro-Preto-Resort-Vila-Gale-Collection-Quarto1.jpg?resize=226%2C221&#038;ssl=1\" alt=\"Quarto do Resort Vila Gale Collection em Ouro Preto\" width=\"226\" height=\"221\" srcset=\"https:\/\/i0.wp.com\/www.mapadehoteis.com.br\/blog\/wp-content\/uploads\/2025\/03\/Ouro-Preto-Resort-Vila-Gale-Collection-Quarto1.jpg?resize=300%2C293&amp;ssl=1 300w, https:\/\/i0.wp.com\/www.mapadehoteis.com.br\/blog\/wp-content\/uploads\/2025\/03\/Ouro-Preto-Resort-Vila-Gale-Collection-Quarto1.jpg?resize=648%2C632&amp;ssl=1 648w, https:\/\/i0.wp.com\/www.mapadehoteis.com.br\/blog\/wp-content\/uploads\/2025\/03\/Ouro-Preto-Resort-Vila-Gale-Collection-Quarto1.jpg?resize=60%2C60&amp;ssl=1 60w, https:\/\/i0.wp.com\/www.mapadehoteis.com.br\/blog\/wp-content\/uploads\/2025\/03\/Ouro-Preto-Resort-Vila-Gale-Collection-Quarto1.jpg?resize=150%2C146&amp;ssl=1 150w, https:\/\/i0.wp.com\/www.mapadehoteis.com.br\/blog\/wp-content\/uploads\/2025\/03\/Ouro-Preto-Resort-Vila-Gale-Collection-Quarto1.jpg?w=723&amp;ssl=1 723w\" sizes=\"auto, (max-width: 226px) 100vw, 226px\" \/><\/p>\n<p>Al\u00e9m da sofistica\u00e7\u00e3o das instala\u00e7\u00f5es, o resort se destaca pelo compromisso com a sustentabilidade e a valoriza\u00e7\u00e3o da produ\u00e7\u00e3o local.<\/p>\n<p><strong>&gt;&gt;&gt; Leia tamb\u00e9m:<\/strong> <a href=\"https:\/\/www.mapadehoteis.com.br\/blog\/resort\/top-5-melhores-resorts-all-inclusive-do-brasil\/\" rel=\"bookmark\">10 Melhores Resorts no Brasil Para Conhecer em 2025<\/a><\/p>\n<h2>O que fazer em Ouro Preto<\/h2>\n<p>Ouro Preto \u00e9 um dos destinos mais fascinantes do Brasil, reconhecido como <strong>Patrim\u00f4nio Mundial da UNESCO<\/strong>. Fundada no s\u00e9culo XVII, a cidade preserva sua arquitetura colonial e seu passado glorioso do ciclo do ouro. Entre os principais atrativos, destacam-se:<\/p>\n<ul data-spread=\"false\">\n<li><strong>Centro Hist\u00f3rico de Ouro Preto<\/strong>, com ruas de pedra e casar\u00f5es coloniais;<\/li>\n<li><strong>Bas\u00edlica de Nossa Senhora do Pilar<\/strong>, uma das igrejas mais ricas em ouro do pa\u00eds;<\/li>\n<li><strong>Igreja de S\u00e3o Francisco de Assis<\/strong>, obra-prima do mestre Aleijadinho;<\/li>\n<li><strong>Museu da Inconfid\u00eancia<\/strong>, dedicado \u00e0 hist\u00f3ria do movimento que marcou a luta pela independ\u00eancia do Brasil;<\/li>\n<li><strong>Cachoeira das Andorinhas<\/strong>, um ref\u00fagio natural para quem busca tranquilidade e contato com a natureza.<\/li>\n<\/ul>\n<p>A cidade tamb\u00e9m se destaca por seus eventos culturais, como a tradicional <strong>Semana Santa<\/strong> e o <strong>Festival de Inverno<\/strong>, que re\u00fanem visitantes do Brasil e do mundo.<\/p>\n<p>A inaugura\u00e7\u00e3o do <strong>Vila Gal\u00e9 Collection Ouro Preto<\/strong> representa um divisor de \u00e1guas para o turismo em Minas Gerais. O resort de luxo tem o potencial de atrair viajantes exigentes, impulsionar o turismo de experi\u00eancia na regi\u00e3o e gerar novas oportunidades econ\u00f4micas e culturais.<\/p>\n<p>Com a combina\u00e7\u00e3o perfeita entre <strong>requinte, cultura e sustentabilidade<\/strong>, o novo resort promete ser um destino imperd\u00edvel para quem deseja viver momentos inesquec\u00edveis no cora\u00e7\u00e3o das montanhas mineiras.<\/p>\n<p><em>E voc\u00ea, j\u00e1 est\u00e1 ansioso para conhecer esse novo ref\u00fagio de luxo? Compartilhe suas expectativas nos coment\u00e1rios!<\/em><\/p>\n","protected":false},"excerpt":{"rendered":"<p>O turismo de luxo em Minas Gerais acaba de ganhar um grande refor\u00e7o. O aguardado Vila Gal\u00e9 Collection Ouro Preto tem sua inaugura\u00e7\u00e3o confirmada para o dia 15 de maio de 2025, em regime de soft opening, com uma cerim\u00f4nia oficial marcada para 24 de maio. O novo resort promete elevar a experi\u00eancia dos viajantes [&hellip;]<\/p>\n","protected":false},"author":5,"featured_media":5989,"comment_status":"open","ping_status":"open","sticky":false,"template":"","format":"standard","meta":{"_lmt_disableupdate":"","_lmt_disable":"","_sitemap_exclude":false,"_sitemap_priority":"","_sitemap_frequency":"","_uf_show_specific_survey":0,"_uf_disable_surveys":false,"footnotes":""},"categories":[49,391,1324],"tags":[1366,285,1544,425,1546],"class_list":["post-5987","post","type-post","status-publish","format-standard","has-post-thumbnail","hentry","category-hoteis-brasil","category-hotelaria","category-noticias","tag-hotel-de-luxo","tag-minas-gerais","tag-ouro-preto","tag-resort","tag-turismo-em-minas-gerais"],"modified_by":"Anna Balvetti","_links":{"self":[{"href":"https:\/\/www.mapadehoteis.com.br\/blog\/wp-json\/wp\/v2\/posts\/5987","targetHints":{"allow":["GET"]}}],"collection":[{"href":"https:\/\/www.mapadehoteis.com.br\/blog\/wp-json\/wp\/v2\/posts"}],"about":[{"href":"https:\/\/www.mapadehoteis.com.br\/blog\/wp-json\/wp\/v2\/types\/post"}],"author":[{"embeddable":true,"href":"https:\/\/www.mapadehoteis.com.br\/blog\/wp-json\/wp\/v2\/users\/5"}],"replies":[{"embeddable":true,"href":"https:\/\/www.mapadehoteis.com.br\/blog\/wp-json\/wp\/v2\/comments?post=5987"}],"version-history":[{"count":5,"href":"https:\/\/www.mapadehoteis.com.br\/blog\/wp-json\/wp\/v2\/posts\/5987\/revisions"}],"predecessor-version":[{"id":5996,"href":"https:\/\/www.mapadehoteis.com.br\/blog\/wp-json\/wp\/v2\/posts\/5987\/revisions\/5996"}],"wp:featuredmedia":[{"embeddable":true,"href":"https:\/\/www.mapadehoteis.com.br\/blog\/wp-json\/wp\/v2\/media\/5989"}],"wp:attachment":[{"href":"https:\/\/www.mapadehoteis.com.br\/blog\/wp-json\/wp\/v2\/media?parent=5987"}],"wp:term":[{"taxonomy":"category","embeddable":true,"href":"https:\/\/www.mapadehoteis.com.br\/blog\/wp-json\/wp\/v2\/categories?post=5987"},{"taxonomy":"post_tag","embeddable":true,"href":"https:\/\/www.mapadehoteis.com.br\/blog\/wp-json\/wp\/v2\/tags?post=5987"}],"curies":[{"name":"wp","href":"https:\/\/api.w.org\/{rel}","templated":true}]}}