{"id":6048,"date":"2025-04-07T23:10:11","date_gmt":"2025-04-08T02:10:11","guid":{"rendered":"https:\/\/www.mapadehoteis.com.br\/blog\/?p=6048"},"modified":"2025-04-08T08:41:41","modified_gmt":"2025-04-08T11:41:41","slug":"pascoa-nas-montanhas-monte-verde-tem-programacao-especial","status":"publish","type":"post","link":"https:\/\/www.mapadehoteis.com.br\/blog\/noticias\/pascoa-nas-montanhas-monte-verde-tem-programacao-especial\/","title":{"rendered":"P\u00e1scoa nas Montanhas: Monte Verde tem programa\u00e7\u00e3o especial"},"content":{"rendered":"<p data-start=\"212\" data-end=\"297\">Al\u00e9m de ser um feriado religioso, a P\u00e1scoa \u00e9 aproveitada por muitas pessoas para viajar e ter momentos de lazer e descanso. Neste ano, ela vai emendar com o feriado do dia 21 de abril, dia de <a href=\"https:\/\/exame.com\/pop\/dia-de-tiradentes-21-de-abril-e-feriado-ou-ponto-facultativo\/\">Tiradentes<\/a>, resultando em um feriado prolongado de 4 dias.<\/p>\n<p class=\"\" data-start=\"299\" data-end=\"640\">O clima de outono torna ainda os destinos montanhosos uma grande op\u00e7\u00e3o de viagem. Imagine passar a P\u00e1scoa cercado pelas montanhas da Serra da Mantiqueira, com o aroma do pinh\u00e3o no ar, o sabor do chocolate artesanal e a trilha sonora de uma banda local embalando o fim de tarde? Gostou? Pois \u00e9 isso que a cidade de Monte Verde, em Minas Gerais, oferece durante a terceira edi\u00e7\u00e3o da <strong><em data-start=\"573\" data-end=\"595\">P\u00e1scoa nas Montanhas<\/em><\/strong>, que acontece at\u00e9 o dia 24 de abril de 2025.<\/p>\n<p class=\"\" data-start=\"642\" data-end=\"957\">Conhecida pelo clima ameno e pela paisagem encantadora, a vila tur\u00edstica se transforma durante o feriado. J\u00e1 na entrada da cidade, a decora\u00e7\u00e3o chama aten\u00e7\u00e3o com ovos de resina pintados \u00e0 m\u00e3o por artes\u00e3s locais. A expectativa \u00e9 a de receber at\u00e9 40\u00a0 mil turistas.<\/p>\n<p class=\"\" data-start=\"959\" data-end=\"1303\">A programa\u00e7\u00e3o de P\u00e1scoa em Monte Verde tamb\u00e9m inclui apresenta\u00e7\u00f5es musicais da banda <strong>Pinh\u00e3o Blues Mantiqueira<\/strong>, que se apresenta aos s\u00e1bados na Galeria Verner Grinberg. Durante os shows, o p\u00fablico \u00e9 convidado a saborear pinh\u00e3o cozido e vinho quente, preparados com carinho pela pr\u00f3pria comunidade da regi\u00e3o \u2014 um verdadeiro abra\u00e7o em forma de experi\u00eancia.<\/p>\n<p data-start=\"959\" data-end=\"1303\">\u00a0<img data-recalc-dims=\"1\" loading=\"lazy\" decoding=\"async\" class=\"size-medium wp-image-6051 alignnone\" src=\"https:\/\/i0.wp.com\/www.mapadehoteis.com.br\/blog\/wp-content\/uploads\/2025\/04\/SaveClip.App_482776767_18386824852115911_29381858799905211_n.jpg?resize=240%2C300&#038;ssl=1\" alt=\"Entrada de Monte Verde\" width=\"240\" height=\"300\" srcset=\"https:\/\/i0.wp.com\/www.mapadehoteis.com.br\/blog\/wp-content\/uploads\/2025\/04\/SaveClip.App_482776767_18386824852115911_29381858799905211_n.jpg?resize=240%2C300&amp;ssl=1 240w, https:\/\/i0.wp.com\/www.mapadehoteis.com.br\/blog\/wp-content\/uploads\/2025\/04\/SaveClip.App_482776767_18386824852115911_29381858799905211_n.jpg?resize=518%2C648&amp;ssl=1 518w, https:\/\/i0.wp.com\/www.mapadehoteis.com.br\/blog\/wp-content\/uploads\/2025\/04\/SaveClip.App_482776767_18386824852115911_29381858799905211_n.jpg?resize=768%2C960&amp;ssl=1 768w, https:\/\/i0.wp.com\/www.mapadehoteis.com.br\/blog\/wp-content\/uploads\/2025\/04\/SaveClip.App_482776767_18386824852115911_29381858799905211_n.jpg?resize=150%2C188&amp;ssl=1 150w, https:\/\/i0.wp.com\/www.mapadehoteis.com.br\/blog\/wp-content\/uploads\/2025\/04\/SaveClip.App_482776767_18386824852115911_29381858799905211_n.jpg?w=1080&amp;ssl=1 1080w\" sizes=\"auto, (max-width: 240px) 100vw, 240px\" \/> <img data-recalc-dims=\"1\" loading=\"lazy\" decoding=\"async\" class=\"size-medium wp-image-6052 alignnone\" src=\"https:\/\/i0.wp.com\/www.mapadehoteis.com.br\/blog\/wp-content\/uploads\/2025\/04\/SaveClip.App_482826907_18386824870115911_4575931293806111325_n.jpg?resize=240%2C300&#038;ssl=1\" alt=\"P\u00e1scoa nas Montanhas\" width=\"240\" height=\"300\" srcset=\"https:\/\/i0.wp.com\/www.mapadehoteis.com.br\/blog\/wp-content\/uploads\/2025\/04\/SaveClip.App_482826907_18386824870115911_4575931293806111325_n.jpg?resize=240%2C300&amp;ssl=1 240w, https:\/\/i0.wp.com\/www.mapadehoteis.com.br\/blog\/wp-content\/uploads\/2025\/04\/SaveClip.App_482826907_18386824870115911_4575931293806111325_n.jpg?resize=519%2C648&amp;ssl=1 519w, https:\/\/i0.wp.com\/www.mapadehoteis.com.br\/blog\/wp-content\/uploads\/2025\/04\/SaveClip.App_482826907_18386824870115911_4575931293806111325_n.jpg?resize=768%2C959&amp;ssl=1 768w, https:\/\/i0.wp.com\/www.mapadehoteis.com.br\/blog\/wp-content\/uploads\/2025\/04\/SaveClip.App_482826907_18386824870115911_4575931293806111325_n.jpg?resize=150%2C187&amp;ssl=1 150w, https:\/\/i0.wp.com\/www.mapadehoteis.com.br\/blog\/wp-content\/uploads\/2025\/04\/SaveClip.App_482826907_18386824870115911_4575931293806111325_n.jpg?w=1080&amp;ssl=1 1080w\" sizes=\"auto, (max-width: 240px) 100vw, 240px\" \/><\/p>\n<p class=\"\" data-start=\"1305\" data-end=\"1535\">Outro destaque \u00e9 a <strong>Rota do Chocolate<\/strong>, que convida os visitantes a descobrir os sabores das chocolaterias da regi\u00e3o. \u00c9 uma chance de conhecer a produ\u00e7\u00e3o artesanal e experimentar doces feitos com ingredientes locais e muito cuidado.<\/p>\n<p class=\"\" data-start=\"1537\" data-end=\"1756\">Muitos restaurantes e parques locais tamb\u00e9m aproveitam da temporada e apostam em pratos com pinh\u00e3o, s\u00edmbolo da regi\u00e3o, incluindo o <strong>Parque Oschin<\/strong>, que oferece experi\u00eancias gastron\u00f4micas em meio \u00e0 natureza.<\/p>\n<p class=\"\" data-start=\"1758\" data-end=\"2017\">Com pousadas aconchegantes, trilhas cercadas por arauc\u00e1rias e uma gastronomia cheia de personalidade, Monte Verde \u00e9 o destino perfeito para quem busca uma P\u00e1scoa conectada com a natureza e com as tradi\u00e7\u00f5es mineiras, sem abrir m\u00e3o do tradicional chocolate!<\/p>\n<p class=\"\" data-start=\"2019\" data-end=\"2188\">Se voc\u00ea ainda n\u00e3o decidiu para onde ir neste feriado, considere trocar os grandes centros por essa vila charmosa no sul de Minas. A montanha te espera de bra\u00e7os abertos. Confira a nossa sele\u00e7\u00e3o de hospedagem em Monte Verde clicando <a href=\"https:\/\/www.mapadehoteis.com.br\/blog\/hoteis\/onde-ficar-em-monte-verde-veja-os-hoteis-e-pousadas\/\" target=\"_blank\" rel=\"noopener\">aqui<\/a>!<\/p>\n","protected":false},"excerpt":{"rendered":"<p>Al\u00e9m de ser um feriado religioso, a P\u00e1scoa \u00e9 aproveitada por muitas pessoas para viajar e ter momentos de lazer e descanso. Neste ano, ela vai emendar com o feriado do dia 21 de abril, dia de Tiradentes, resultando em um feriado prolongado de 4 dias. O clima de outono torna ainda os destinos montanhosos [&hellip;]<\/p>\n","protected":false},"author":5,"featured_media":6049,"comment_status":"open","ping_status":"open","sticky":false,"template":"","format":"standard","meta":{"_lmt_disableupdate":"","_lmt_disable":"","_sitemap_exclude":false,"_sitemap_priority":"","_sitemap_frequency":"","_uf_show_specific_survey":0,"_uf_disable_surveys":false,"footnotes":""},"categories":[49,1324],"tags":[285,278,1566],"class_list":["post-6048","post","type-post","status-publish","format-standard","has-post-thumbnail","hentry","category-hoteis-brasil","category-noticias","tag-minas-gerais","tag-monte-verde","tag-pascoa"],"modified_by":"Anna Balvetti","_links":{"self":[{"href":"https:\/\/www.mapadehoteis.com.br\/blog\/wp-json\/wp\/v2\/posts\/6048","targetHints":{"allow":["GET"]}}],"collection":[{"href":"https:\/\/www.mapadehoteis.com.br\/blog\/wp-json\/wp\/v2\/posts"}],"about":[{"href":"https:\/\/www.mapadehoteis.com.br\/blog\/wp-json\/wp\/v2\/types\/post"}],"author":[{"embeddable":true,"href":"https:\/\/www.mapadehoteis.com.br\/blog\/wp-json\/wp\/v2\/users\/5"}],"replies":[{"embeddable":true,"href":"https:\/\/www.mapadehoteis.com.br\/blog\/wp-json\/wp\/v2\/comments?post=6048"}],"version-history":[{"count":3,"href":"https:\/\/www.mapadehoteis.com.br\/blog\/wp-json\/wp\/v2\/posts\/6048\/revisions"}],"predecessor-version":[{"id":6054,"href":"https:\/\/www.mapadehoteis.com.br\/blog\/wp-json\/wp\/v2\/posts\/6048\/revisions\/6054"}],"wp:featuredmedia":[{"embeddable":true,"href":"https:\/\/www.mapadehoteis.com.br\/blog\/wp-json\/wp\/v2\/media\/6049"}],"wp:attachment":[{"href":"https:\/\/www.mapadehoteis.com.br\/blog\/wp-json\/wp\/v2\/media?parent=6048"}],"wp:term":[{"taxonomy":"category","embeddable":true,"href":"https:\/\/www.mapadehoteis.com.br\/blog\/wp-json\/wp\/v2\/categories?post=6048"},{"taxonomy":"post_tag","embeddable":true,"href":"https:\/\/www.mapadehoteis.com.br\/blog\/wp-json\/wp\/v2\/tags?post=6048"}],"curies":[{"name":"wp","href":"https:\/\/api.w.org\/{rel}","templated":true}]}}