{"id":6083,"date":"2025-04-15T20:06:53","date_gmt":"2025-04-15T23:06:53","guid":{"rendered":"https:\/\/www.mapadehoteis.com.br\/blog\/?p=6083"},"modified":"2025-04-16T20:32:59","modified_gmt":"2025-04-16T23:32:59","slug":"nomade-festival-2025-atracoes-e-onde-de-hospedar","status":"publish","type":"post","link":"https:\/\/www.mapadehoteis.com.br\/blog\/festas\/nomade-festival-2025-atracoes-e-onde-de-hospedar\/","title":{"rendered":"N\u00f4made Festival 2025: Atra\u00e7\u00f5es e Onde de Hospedar"},"content":{"rendered":"<p class=\"\" data-start=\"253\" data-end=\"775\">O <a href=\"https:\/\/www.nomadefestival.com.br\/mundon%C3%B4made\" target=\"_blank\" rel=\"noopener\">N\u00f4made Festival<\/a> acontece nos dias 03 e 04 de maio no <strong>Parque Villa-Lobos<\/strong>, em S\u00e3o Paulo. A promessa do festival \u00e9 clara: celebrar a diversidade da m\u00fasica brasileira em grande estilo. Alcione e Jo\u00e3o Gomes s\u00e3o alguns dos nomes que marcar\u00e3o presen\u00e7a no festival.<\/p>\n<div id=\"ez-toc-container\" class=\"ez-toc-v2_0_73 counter-hierarchy ez-toc-counter ez-toc-grey ez-toc-container-direction\">\n<div class=\"ez-toc-title-container\">\n<p class=\"ez-toc-title\" style=\"cursor:inherit\">Sum\u00e1rio<\/p>\n<span class=\"ez-toc-title-toggle\"><a href=\"#\" class=\"ez-toc-pull-right ez-toc-btn ez-toc-btn-xs ez-toc-btn-default ez-toc-toggle\" aria-label=\"Alternar tabela de conte\u00fado\"><span class=\"ez-toc-js-icon-con\"><span class=\"\"><span class=\"eztoc-hide\" style=\"display:none;\">Toggle<\/span><span class=\"ez-toc-icon-toggle-span\"><svg style=\"fill: #999;color:#999\" xmlns=\"http:\/\/www.w3.org\/2000\/svg\" class=\"list-377408\" width=\"20px\" height=\"20px\" viewBox=\"0 0 24 24\" fill=\"none\"><path d=\"M6 6H4v2h2V6zm14 0H8v2h12V6zM4 11h2v2H4v-2zm16 0H8v2h12v-2zM4 16h2v2H4v-2zm16 0H8v2h12v-2z\" fill=\"currentColor\"><\/path><\/svg><svg style=\"fill: #999;color:#999\" class=\"arrow-unsorted-368013\" xmlns=\"http:\/\/www.w3.org\/2000\/svg\" width=\"10px\" height=\"10px\" viewBox=\"0 0 24 24\" version=\"1.2\" baseProfile=\"tiny\"><path d=\"M18.2 9.3l-6.2-6.3-6.2 6.3c-.2.2-.3.4-.3.7s.1.5.3.7c.2.2.4.3.7.3h11c.3 0 .5-.1.7-.3.2-.2.3-.5.3-.7s-.1-.5-.3-.7zM5.8 14.7l6.2 6.3 6.2-6.3c.2-.2.3-.5.3-.7s-.1-.5-.3-.7c-.2-.2-.4-.3-.7-.3h-11c-.3 0-.5.1-.7.3-.2.2-.3.5-.3.7s.1.5.3.7z\"\/><\/svg><\/span><\/span><\/span><\/a><\/span><\/div>\n<nav><ul class='ez-toc-list ez-toc-list-level-1 ' ><li class='ez-toc-page-1 ez-toc-heading-level-2'><a class=\"ez-toc-link ez-toc-heading-1\" href=\"https:\/\/www.mapadehoteis.com.br\/blog\/festas\/nomade-festival-2025-atracoes-e-onde-de-hospedar\/#Como_surgiu_o_Festival_Nomade\" title=\"Como surgiu o Festival N\u00f4made\">Como surgiu o Festival N\u00f4made<\/a><\/li><li class='ez-toc-page-1 ez-toc-heading-level-2'><a class=\"ez-toc-link ez-toc-heading-2\" href=\"https:\/\/www.mapadehoteis.com.br\/blog\/festas\/nomade-festival-2025-atracoes-e-onde-de-hospedar\/#Alcione_e_Joao_Gomes_duas_geracoes_um_so_palco\" title=\"Alcione e Jo\u00e3o Gomes: duas gera\u00e7\u00f5es, um s\u00f3 palco\">Alcione e Jo\u00e3o Gomes: duas gera\u00e7\u00f5es, um s\u00f3 palco<\/a><\/li><li class='ez-toc-page-1 ez-toc-heading-level-2'><a class=\"ez-toc-link ez-toc-heading-3\" href=\"https:\/\/www.mapadehoteis.com.br\/blog\/festas\/nomade-festival-2025-atracoes-e-onde-de-hospedar\/#Programacao_do_Nomade_Festival_2025\" title=\"Programa\u00e7\u00e3o do N\u00f4made Festival 2025\">Programa\u00e7\u00e3o do N\u00f4made Festival 2025<\/a><\/li><li class='ez-toc-page-1 ez-toc-heading-level-2'><a class=\"ez-toc-link ez-toc-heading-4\" href=\"https:\/\/www.mapadehoteis.com.br\/blog\/festas\/nomade-festival-2025-atracoes-e-onde-de-hospedar\/#Onde_se_hospedar_para_curtir_o_Nomade_Festival\" title=\"Onde se hospedar para curtir o N\u00f4made Festival\">Onde se hospedar para curtir o N\u00f4made Festival<\/a><\/li><li class='ez-toc-page-1 ez-toc-heading-level-2'><a class=\"ez-toc-link ez-toc-heading-5\" href=\"https:\/\/www.mapadehoteis.com.br\/blog\/festas\/nomade-festival-2025-atracoes-e-onde-de-hospedar\/#Por_que_incluir_o_Nomade_Festival_na_sua_agenda\" title=\"Por que incluir o N\u00f4made Festival na sua agenda?\">Por que incluir o N\u00f4made Festival na sua agenda?<\/a><\/li><\/ul><\/nav><\/div>\n<h2 data-start=\"253\" data-end=\"775\"><span class=\"ez-toc-section\" id=\"Como_surgiu_o_Festival_Nomade\"><\/span>Como surgiu o Festival N\u00f4made<span class=\"ez-toc-section-end\"><\/span><\/h2>\n<p class=\"\" data-start=\"2189\" data-end=\"2606\">Criado pela <a href=\"https:\/\/agenciainhaus.com.br\/\" target=\"_blank\" rel=\"noopener\"><strong data-start=\"2201\" data-end=\"2219\">Ag\u00eancia InHaus<\/strong><\/a>, o N\u00f4made Festival nasceu com a proposta de ser mais do que um festival de m\u00fasica \u2014 \u00e9 uma experi\u00eancia multicultural, que celebra a diversidade, a liberdade de express\u00e3o, a arte e as conex\u00f5es. Desde a sua primeira edi\u00e7\u00e3o, o evento tem crescido em p\u00fablico e prest\u00edgio, destacando talentos de todas as regi\u00f5es do pa\u00eds e se firmando como um dos principais eventos musicais do pa\u00eds.<\/p>\n<p class=\"\" data-start=\"2608\" data-end=\"2978\">Grandes nomes da m\u00fasica brasileira como Arnaldo Antunes, Liniker, Anavit\u00f3ria, Lulu Santos, Caetano Veloso, Seu Jorge e muitos outros j\u00e1 se apresentaram no festival.<\/p>\n<h2 class=\"\" data-start=\"777\" data-end=\"828\"><span class=\"ez-toc-section\" id=\"Alcione_e_Joao_Gomes_duas_geracoes_um_so_palco\"><\/span>Alcione e Jo\u00e3o Gomes: duas gera\u00e7\u00f5es, um s\u00f3 palco<span class=\"ez-toc-section-end\"><\/span><\/h2>\n<p><img data-recalc-dims=\"1\" loading=\"lazy\" decoding=\"async\" class=\"alignnone wp-image-6087\" src=\"https:\/\/i0.wp.com\/www.mapadehoteis.com.br\/blog\/wp-content\/uploads\/2025\/04\/alcione-divulga.png?resize=252%2C168&#038;ssl=1\" alt=\"\" width=\"252\" height=\"168\" srcset=\"https:\/\/i0.wp.com\/www.mapadehoteis.com.br\/blog\/wp-content\/uploads\/2025\/04\/alcione-divulga.png?resize=300%2C200&amp;ssl=1 300w, https:\/\/i0.wp.com\/www.mapadehoteis.com.br\/blog\/wp-content\/uploads\/2025\/04\/alcione-divulga.png?resize=648%2C432&amp;ssl=1 648w, https:\/\/i0.wp.com\/www.mapadehoteis.com.br\/blog\/wp-content\/uploads\/2025\/04\/alcione-divulga.png?resize=768%2C512&amp;ssl=1 768w, https:\/\/i0.wp.com\/www.mapadehoteis.com.br\/blog\/wp-content\/uploads\/2025\/04\/alcione-divulga.png?resize=1536%2C1024&amp;ssl=1 1536w, https:\/\/i0.wp.com\/www.mapadehoteis.com.br\/blog\/wp-content\/uploads\/2025\/04\/alcione-divulga.png?resize=150%2C100&amp;ssl=1 150w, https:\/\/i0.wp.com\/www.mapadehoteis.com.br\/blog\/wp-content\/uploads\/2025\/04\/alcione-divulga.png?w=1920&amp;ssl=1 1920w, https:\/\/i0.wp.com\/www.mapadehoteis.com.br\/blog\/wp-content\/uploads\/2025\/04\/alcione-divulga.png?w=1296&amp;ssl=1 1296w\" sizes=\"auto, (max-width: 252px) 100vw, 252px\" \/> <img data-recalc-dims=\"1\" loading=\"lazy\" decoding=\"async\" class=\"alignnone wp-image-6088\" src=\"https:\/\/i0.wp.com\/www.mapadehoteis.com.br\/blog\/wp-content\/uploads\/2025\/04\/joao-gomes.webp?resize=291%2C168&#038;ssl=1\" alt=\"Jo\u00e3o Gomes\" width=\"291\" height=\"168\" srcset=\"https:\/\/i0.wp.com\/www.mapadehoteis.com.br\/blog\/wp-content\/uploads\/2025\/04\/joao-gomes.webp?resize=300%2C173&amp;ssl=1 300w, https:\/\/i0.wp.com\/www.mapadehoteis.com.br\/blog\/wp-content\/uploads\/2025\/04\/joao-gomes.webp?resize=150%2C87&amp;ssl=1 150w, https:\/\/i0.wp.com\/www.mapadehoteis.com.br\/blog\/wp-content\/uploads\/2025\/04\/joao-gomes.webp?w=540&amp;ssl=1 540w\" sizes=\"auto, (max-width: 291px) 100vw, 291px\" \/><\/p>\n<p class=\"\" data-start=\"830\" data-end=\"1180\">Ap\u00f3s comemorar cinco d\u00e9cadas de carreira, <strong data-start=\"872\" data-end=\"883\">Alcione<\/strong> se apresenta no N\u00f4made com o show &#8220;Alcione 50 Anos&#8221;, trazendo no repert\u00f3rio sucessos como \u201cA Loba\u201d, \u201cVoc\u00ea Me Vira a Cabe\u00e7a\u201d e \u201cN\u00e3o Deixe o Samba Morrer\u201d. Uma verdadeira lenda viva do samba, <strong>Marrom<\/strong> sobe ao palco com a bagagem de pr\u00eamios como o Grammy Latino e uma discografia que emociona gera\u00e7\u00f5es.<\/p>\n<p class=\"\" data-start=\"1182\" data-end=\"1501\">J\u00e1 <strong data-start=\"1185\" data-end=\"1199\">Jo\u00e3o Gomes<\/strong>, fen\u00f4meno do piseiro e dono de uma das vozes mais ouvidas nas plataformas de streaming, retorna ao festival com um show in\u00e9dito. Com mais de 16 milh\u00f5es de seguidores no Instagram e indica\u00e7\u00f5es ao Grammy Latino, o cantor traz um espet\u00e1culo que traduz sua conex\u00e3o com o p\u00fablico e suas ra\u00edzes nordestinas.<\/p>\n<h2 class=\"\" data-start=\"1503\" data-end=\"1544\"><span class=\"ez-toc-section\" id=\"Programacao_do_Nomade_Festival_2025\"><\/span>Programa\u00e7\u00e3o do N\u00f4made Festival 2025<span class=\"ez-toc-section-end\"><\/span><\/h2>\n<p class=\"\" data-start=\"1546\" data-end=\"1668\">O N\u00f4made Festival \u00e9 conhecido por reunir nomes ic\u00f4nicos da m\u00fasica com artistas da nova gera\u00e7\u00e3o. Em 2025, o line-up inclui:<\/p>\n<h3 class=\"\" data-start=\"1670\" data-end=\"1696\">S\u00e1bado \u2013 03 de maio<\/h3>\n<ul data-start=\"1697\" data-end=\"1825\">\n<li class=\"\" data-start=\"1697\" data-end=\"1717\">\n<p class=\"\" data-start=\"1699\" data-end=\"1717\"><strong data-start=\"1699\" data-end=\"1717\">Ney Matogrosso<\/strong><\/p>\n<\/li>\n<li class=\"\" data-start=\"1718\" data-end=\"1739\">\n<p class=\"\" data-start=\"1720\" data-end=\"1739\"><strong data-start=\"1720\" data-end=\"1739\">Daniela Mercury<\/strong><\/p>\n<\/li>\n<li class=\"\" data-start=\"1718\" data-end=\"1739\">\n<p class=\"\" data-start=\"1720\" data-end=\"1739\"><strong data-start=\"1811\" data-end=\"1825\">Os Garotin<\/strong><\/p>\n<\/li>\n<li class=\"\" data-start=\"1718\" data-end=\"1739\">\n<p class=\"\" data-start=\"1720\" data-end=\"1739\"><strong data-start=\"1761\" data-end=\"1770\">Ebony<\/strong><\/p>\n<\/li>\n<li class=\"\" data-start=\"1771\" data-end=\"1790\"><strong>Jota.P\u00ea<\/strong><\/li>\n<li class=\"\" data-start=\"1809\" data-end=\"1825\">\n<p class=\"\" data-start=\"1811\" data-end=\"1825\"><strong>Helena Serena<\/strong><\/p>\n<\/li>\n<\/ul>\n<h3 class=\"\" data-start=\"1827\" data-end=\"1854\">Domingo \u2013 04 de maio<\/h3>\n<ul data-start=\"1855\" data-end=\"1931\">\n<li class=\"\" data-start=\"1855\" data-end=\"1868\">\n<p class=\"\" data-start=\"1857\" data-end=\"1868\"><strong data-start=\"1857\" data-end=\"1868\">Alcione<\/strong><\/p>\n<\/li>\n<li class=\"\" data-start=\"1869\" data-end=\"1885\">\n<p class=\"\" data-start=\"1871\" data-end=\"1885\"><strong data-start=\"1871\" data-end=\"1885\">Jo\u00e3o Gomes<\/strong><\/p>\n<\/li>\n<li class=\"\" data-start=\"1886\" data-end=\"1897\">\n<p class=\"\" data-start=\"1888\" data-end=\"1897\"><strong data-start=\"1888\" data-end=\"1897\">Silva<\/strong><\/p>\n<\/li>\n<li class=\"\" data-start=\"1898\" data-end=\"1911\">\n<p class=\"\" data-start=\"1900\" data-end=\"1911\"><strong data-start=\"1900\" data-end=\"1911\">Baiana System<\/strong><\/p>\n<\/li>\n<li class=\"\" data-start=\"1912\" data-end=\"1931\">\n<p class=\"\" data-start=\"1914\" data-end=\"1931\"><strong data-start=\"1914\" data-end=\"1931\">Rachel Reis<\/strong><\/p>\n<\/li>\n<li data-start=\"1912\" data-end=\"1931\"><strong>Yago OPr\u00f3prio<\/strong><\/li>\n<\/ul>\n<p>Os ingressos s\u00e3o vendidos pela plataforma <a class=\"\" href=\"https:\/\/www.ticket360.com.br\/evento-composto\/582\/ingressos-para-festival-nomade\" target=\"_new\" rel=\"noopener\" data-start=\"2024\" data-end=\"2116\">Ticket360<\/a> e o evento acontece das 12h \u00e0s 22h. A classifica\u00e7\u00e3o et\u00e1ria \u00e9 de 16 anos.<\/p>\n<h2 class=\"\" data-start=\"2157\" data-end=\"2187\"><span class=\"ez-toc-section\" id=\"Onde_se_hospedar_para_curtir_o_Nomade_Festival\"><\/span>Onde se hospedar para curtir o N\u00f4made Festival<span class=\"ez-toc-section-end\"><\/span><\/h2>\n<p>O evento acontece no Parque Villa-Lobos, que fica no Alto de Pinheiros, \u200b<span class=\"relative -mx-px my-[-0.2rem] rounded px-px py-[0.2rem] transition-colors duration-100 ease-in-out\">na zona oeste de S\u00e3o Paulo. Ele \u00e9 de f\u00e1cil acesso pela CPTM, e tamb\u00e9m por bicicleta ou patinetes pois possui ciclovia. Selecionamos algumas op\u00e7\u00f5es de hospedagem pr\u00f3ximo ao festival para que voc\u00ea possa aproveitar ao m\u00e1ximo!<\/span><\/p>\n<p class=\"\" data-start=\"210\" data-end=\"242\"><strong data-start=\"210\" data-end=\"242\">Transam\u00e9rica Fit Villa Lobos: <\/strong><span class=\"relative -mx-px my-[-0.2rem] rounded px-px py-[0.2rem] transition-colors duration-100 ease-in-out\">Localizado a apenas 500 metros do Parque Villa-Lobos e do Shopping Villa-Lobos, este hotel oferece Wi-Fi gratuito em todas as \u00e1reas e instala\u00e7\u00f5es para reuni\u00f5es.<\/span> \u200bOs quartos tem um toque de cor aconchegante e disp\u00f5em de ar-condicionado, TV de tela plana com canais a cabo, mesa de trabalho e frigobar. J\u00e1 o banheiro privativo inclui secador de cabelo e chuveiro. O caf\u00e9 da manha \u00e9 cobrado a parte.<\/p>\n<p class=\"\" data-start=\"210\" data-end=\"242\"><img data-recalc-dims=\"1\" loading=\"lazy\" decoding=\"async\" class=\" wp-image-6090 aligncenter\" src=\"https:\/\/i0.wp.com\/www.mapadehoteis.com.br\/blog\/wp-content\/uploads\/2025\/04\/Captura-de-Tela-2025-04-16-as-20.11.33.png?resize=468%2C206&#038;ssl=1\" alt=\"transamerica fit villa lobos\" width=\"468\" height=\"206\" srcset=\"https:\/\/i0.wp.com\/www.mapadehoteis.com.br\/blog\/wp-content\/uploads\/2025\/04\/Captura-de-Tela-2025-04-16-as-20.11.33.png?resize=300%2C132&amp;ssl=1 300w, https:\/\/i0.wp.com\/www.mapadehoteis.com.br\/blog\/wp-content\/uploads\/2025\/04\/Captura-de-Tela-2025-04-16-as-20.11.33.png?resize=648%2C285&amp;ssl=1 648w, https:\/\/i0.wp.com\/www.mapadehoteis.com.br\/blog\/wp-content\/uploads\/2025\/04\/Captura-de-Tela-2025-04-16-as-20.11.33.png?resize=768%2C338&amp;ssl=1 768w, https:\/\/i0.wp.com\/www.mapadehoteis.com.br\/blog\/wp-content\/uploads\/2025\/04\/Captura-de-Tela-2025-04-16-as-20.11.33.png?resize=1536%2C676&amp;ssl=1 1536w, https:\/\/i0.wp.com\/www.mapadehoteis.com.br\/blog\/wp-content\/uploads\/2025\/04\/Captura-de-Tela-2025-04-16-as-20.11.33.png?resize=150%2C66&amp;ssl=1 150w, https:\/\/i0.wp.com\/www.mapadehoteis.com.br\/blog\/wp-content\/uploads\/2025\/04\/Captura-de-Tela-2025-04-16-as-20.11.33.png?w=1672&amp;ssl=1 1672w, https:\/\/i0.wp.com\/www.mapadehoteis.com.br\/blog\/wp-content\/uploads\/2025\/04\/Captura-de-Tela-2025-04-16-as-20.11.33.png?w=1296&amp;ssl=1 1296w\" sizes=\"auto, (max-width: 468px) 100vw, 468px\" \/><\/p>\n<p style=\"text-align: center;\"><a class=\"botao_conversao\" href=\"https:\/\/www.booking.com\/hotel\/br\/go-inn-jaguara-c.pt-br.html?aid=370065;sid=2d079d96f3eb098303f105213c9af4be;dcid=1#availability_target\" target=\"_blank\" rel=\"noopener\">Consultar Reserva<\/a><\/p>\n<p class=\"\" data-start=\"372\" data-end=\"389\"><strong data-start=\"372\" data-end=\"389\">Jaguar\u00e9 Hotel: <\/strong>\u00c9 um hotel 2 estrelas que fica<span class=\"relative -mx-px my-[-0.2rem] rounded px-px py-[0.2rem] transition-colors duration-100 ease-in-out\"> a 3,4 km do Parque Villa-Lobos. Os quartos possuem decora\u00e7\u00e3o e m\u00f3veis simples, com TV e banheiro privativo com chuveiro, secador de cabelo e amenidades. Oferece caf\u00e9 da manh\u00e3 por um custo adicional.<\/span><\/p>\n<p data-start=\"372\" data-end=\"389\"><img data-recalc-dims=\"1\" loading=\"lazy\" decoding=\"async\" class=\" wp-image-6091 aligncenter\" src=\"https:\/\/i0.wp.com\/www.mapadehoteis.com.br\/blog\/wp-content\/uploads\/2025\/04\/Captura-de-Tela-2025-04-16-as-20.20.18.png?resize=485%2C212&#038;ssl=1\" alt=\"Jaguar\u00e9 Hotel\" width=\"485\" height=\"212\" srcset=\"https:\/\/i0.wp.com\/www.mapadehoteis.com.br\/blog\/wp-content\/uploads\/2025\/04\/Captura-de-Tela-2025-04-16-as-20.20.18.png?resize=300%2C131&amp;ssl=1 300w, https:\/\/i0.wp.com\/www.mapadehoteis.com.br\/blog\/wp-content\/uploads\/2025\/04\/Captura-de-Tela-2025-04-16-as-20.20.18.png?resize=648%2C283&amp;ssl=1 648w, https:\/\/i0.wp.com\/www.mapadehoteis.com.br\/blog\/wp-content\/uploads\/2025\/04\/Captura-de-Tela-2025-04-16-as-20.20.18.png?resize=768%2C336&amp;ssl=1 768w, https:\/\/i0.wp.com\/www.mapadehoteis.com.br\/blog\/wp-content\/uploads\/2025\/04\/Captura-de-Tela-2025-04-16-as-20.20.18.png?resize=1536%2C671&amp;ssl=1 1536w, https:\/\/i0.wp.com\/www.mapadehoteis.com.br\/blog\/wp-content\/uploads\/2025\/04\/Captura-de-Tela-2025-04-16-as-20.20.18.png?resize=150%2C66&amp;ssl=1 150w, https:\/\/i0.wp.com\/www.mapadehoteis.com.br\/blog\/wp-content\/uploads\/2025\/04\/Captura-de-Tela-2025-04-16-as-20.20.18.png?w=1670&amp;ssl=1 1670w, https:\/\/i0.wp.com\/www.mapadehoteis.com.br\/blog\/wp-content\/uploads\/2025\/04\/Captura-de-Tela-2025-04-16-as-20.20.18.png?w=1296&amp;ssl=1 1296w\" sizes=\"auto, (max-width: 485px) 100vw, 485px\" \/><\/p>\n<p style=\"text-align: center;\"><a class=\"botao_conversao\" href=\"https:\/\/www.booking.com\/hotel\/br\/jaguare.pt-br.html?aid=370065;sid=2d079d96f3eb098303f105213c9af4be;dcid=1#availability_target\" target=\"_blank\" rel=\"noopener\">Consultar Reserva<\/a><\/p>\n<p class=\"\" data-start=\"519\" data-end=\"564\"><strong data-start=\"519\" data-end=\"564\">Residencial Alto de Pinheiros Villa Lobos: <\/strong>\u00c9 um apartamento aconchegante que fica a apenas 3 minutos a p\u00e9 do N\u00f4made Festival. Aceita animais e tem f\u00e1cil acesso a uma variedade de restaurantes, padarias, supermercados e hortifrutis.<\/p>\n<p data-start=\"519\" data-end=\"564\"><img data-recalc-dims=\"1\" loading=\"lazy\" decoding=\"async\" class=\" wp-image-6092 aligncenter\" src=\"https:\/\/i0.wp.com\/www.mapadehoteis.com.br\/blog\/wp-content\/uploads\/2025\/04\/Captura-de-Tela-2025-04-16-as-20.26.15.png?resize=499%2C221&#038;ssl=1\" alt=\"apartamento pr\u00f3ximo ao parque villa lobos\" width=\"499\" height=\"221\" srcset=\"https:\/\/i0.wp.com\/www.mapadehoteis.com.br\/blog\/wp-content\/uploads\/2025\/04\/Captura-de-Tela-2025-04-16-as-20.26.15.png?resize=300%2C133&amp;ssl=1 300w, https:\/\/i0.wp.com\/www.mapadehoteis.com.br\/blog\/wp-content\/uploads\/2025\/04\/Captura-de-Tela-2025-04-16-as-20.26.15.png?resize=648%2C287&amp;ssl=1 648w, https:\/\/i0.wp.com\/www.mapadehoteis.com.br\/blog\/wp-content\/uploads\/2025\/04\/Captura-de-Tela-2025-04-16-as-20.26.15.png?resize=768%2C340&amp;ssl=1 768w, https:\/\/i0.wp.com\/www.mapadehoteis.com.br\/blog\/wp-content\/uploads\/2025\/04\/Captura-de-Tela-2025-04-16-as-20.26.15.png?resize=150%2C66&amp;ssl=1 150w, https:\/\/i0.wp.com\/www.mapadehoteis.com.br\/blog\/wp-content\/uploads\/2025\/04\/Captura-de-Tela-2025-04-16-as-20.26.15.png?w=1486&amp;ssl=1 1486w, https:\/\/i0.wp.com\/www.mapadehoteis.com.br\/blog\/wp-content\/uploads\/2025\/04\/Captura-de-Tela-2025-04-16-as-20.26.15.png?w=1296&amp;ssl=1 1296w\" sizes=\"auto, (max-width: 499px) 100vw, 499px\" \/><\/p>\n<p style=\"text-align: center;\"><a class=\"botao_conversao\" href=\"https:\/\/www.booking.com\/hotel\/br\/residencial-alto-de-pinheiros-villa-lobos.pt-br.html?aid=370065;sid=2d079d96f3eb098303f105213c9af4be;dcid=1#availability_target\" target=\"_blank\" rel=\"noopener\">Consultar Reserva<\/a><\/p>\n<p>&nbsp;<\/p>\n<h2 class=\"\" data-start=\"2980\" data-end=\"3031\"><span class=\"ez-toc-section\" id=\"Por_que_incluir_o_Nomade_Festival_na_sua_agenda\"><\/span>Por que incluir o N\u00f4made Festival na sua agenda?<span class=\"ez-toc-section-end\"><\/span><\/h2>\n<p class=\"\" data-start=\"3033\" data-end=\"3259\">Se voc\u00ea busca <strong data-start=\"3047\" data-end=\"3074\">experi\u00eancias aut\u00eanticas<\/strong>, m\u00fasica boa em um lugar arborizado e uma atmosfera de liberdade e diversidade, o N\u00f4made \u00e9 a pedida ideal. S\u00e3o dois dias de festival, com comida boa, arte e m\u00fasica para curtir com seus amigos ou em fam\u00edlia.\u00a0Mais do que um evento, \u00e9 um convite homenagear e curtir a brasilidade.<\/p>\n<p class=\"\" data-start=\"3425\" data-end=\"3628\">Acompanhe as novidades no <a class=\"\" href=\"https:\/\/www.nomadefestival.com.br\/mundon%C3%B4made\" target=\"_new\" rel=\"noopener\" data-start=\"3467\" data-end=\"3545\">site oficial do festival<\/a> ou pelo Instagram <a class=\"\" href=\"https:\/\/www.instagram.com\/nomadefestivalsp\/\" target=\"_new\" rel=\"noopener\" data-start=\"3563\" data-end=\"3627\">@nomadefestivalsp<\/a>. Conta para a gente nos coment\u00e1rios logo abaixo qual \u00e9 o show que voc\u00ea mais quer assistir!<\/p>\n","protected":false},"excerpt":{"rendered":"<p>O N\u00f4made Festival acontece nos dias 03 e 04 de maio no Parque Villa-Lobos, em S\u00e3o Paulo. A promessa do festival \u00e9 clara: celebrar a diversidade da m\u00fasica brasileira em grande estilo. Alcione e Jo\u00e3o Gomes s\u00e3o alguns dos nomes que marcar\u00e3o presen\u00e7a no festival. Como surgiu o Festival N\u00f4made Criado pela Ag\u00eancia InHaus, o [&hellip;]<\/p>\n","protected":false},"author":5,"featured_media":6086,"comment_status":"open","ping_status":"open","sticky":false,"template":"","format":"standard","meta":{"_lmt_disableupdate":"","_lmt_disable":"","_sitemap_exclude":false,"_sitemap_priority":"","_sitemap_frequency":"","_uf_show_specific_survey":0,"_uf_disable_surveys":false,"footnotes":""},"categories":[344],"tags":[1588,1582,1590,1586,1580,1584],"class_list":["post-6083","post","type-post","status-publish","format-standard","has-post-thumbnail","hentry","category-festas","tag-alcione","tag-festival-de-musica","tag-inhaus","tag-joao-gomes","tag-nomade-festival","tag-parque-villa-lobos"],"modified_by":"Anna Balvetti","_links":{"self":[{"href":"https:\/\/www.mapadehoteis.com.br\/blog\/wp-json\/wp\/v2\/posts\/6083","targetHints":{"allow":["GET"]}}],"collection":[{"href":"https:\/\/www.mapadehoteis.com.br\/blog\/wp-json\/wp\/v2\/posts"}],"about":[{"href":"https:\/\/www.mapadehoteis.com.br\/blog\/wp-json\/wp\/v2\/types\/post"}],"author":[{"embeddable":true,"href":"https:\/\/www.mapadehoteis.com.br\/blog\/wp-json\/wp\/v2\/users\/5"}],"replies":[{"embeddable":true,"href":"https:\/\/www.mapadehoteis.com.br\/blog\/wp-json\/wp\/v2\/comments?post=6083"}],"version-history":[{"count":4,"href":"https:\/\/www.mapadehoteis.com.br\/blog\/wp-json\/wp\/v2\/posts\/6083\/revisions"}],"predecessor-version":[{"id":6093,"href":"https:\/\/www.mapadehoteis.com.br\/blog\/wp-json\/wp\/v2\/posts\/6083\/revisions\/6093"}],"wp:featuredmedia":[{"embeddable":true,"href":"https:\/\/www.mapadehoteis.com.br\/blog\/wp-json\/wp\/v2\/media\/6086"}],"wp:attachment":[{"href":"https:\/\/www.mapadehoteis.com.br\/blog\/wp-json\/wp\/v2\/media?parent=6083"}],"wp:term":[{"taxonomy":"category","embeddable":true,"href":"https:\/\/www.mapadehoteis.com.br\/blog\/wp-json\/wp\/v2\/categories?post=6083"},{"taxonomy":"post_tag","embeddable":true,"href":"https:\/\/www.mapadehoteis.com.br\/blog\/wp-json\/wp\/v2\/tags?post=6083"}],"curies":[{"name":"wp","href":"https:\/\/api.w.org\/{rel}","templated":true}]}}