{"id":6100,"date":"2026-04-21T12:24:51","date_gmt":"2026-04-21T15:24:51","guid":{"rendered":"https:\/\/www.mapadehoteis.com.br\/blog\/?p=6100"},"modified":"2026-04-21T13:03:29","modified_gmt":"2026-04-21T16:03:29","slug":"com-grande-procura-de-ingressos-58a-expoagro-e-31a-festa-do-peao-de-boiadeiro-de-braganca-paulista-aumenta-em-30-sua-estrutura","status":"publish","type":"post","link":"https:\/\/www.mapadehoteis.com.br\/blog\/noticias\/com-grande-procura-de-ingressos-58a-expoagro-e-31a-festa-do-peao-de-boiadeiro-de-braganca-paulista-aumenta-em-30-sua-estrutura\/","title":{"rendered":"Com grande procura de ingressos 59\u00aa Expoagro Bragan\u00e7a aumenta sua estrutura"},"content":{"rendered":"<p>A maior das maiores! Um dos mais tradicionais e esperados eventos do Brasil, a 59\u00aa <strong>Expoagro<\/strong><br \/>\ne 32\u00aa <strong>Festa do Pe\u00e3o de Boiadeiro de Bragan\u00e7a Paulista<\/strong> ter\u00e3o diversos shows em sete dias de festa. O<br \/>\nevento ser\u00e1 realizado entre os dias 24 de abril e 03 de maio no Parque de Exposi\u00e7\u00f5es Doutor<br \/>\nFernando Costa (Posto de Monta), em Bragan\u00e7a Paulista, cidade do interior do Estado de S\u00e3o<br \/>\nPaulo.<\/p>\n<p>A realiza\u00e7\u00e3o da festa, assim como foi no ano passado, \u00e9 da MP Promo\u00e7\u00f5es, com o apoio da<br \/>\n<a href=\"https:\/\/www.braganca.sp.gov.br\/\" target=\"_blank\" rel=\"noopener\">Prefeitura Municipal de Bragan\u00e7a Paulista<\/a>, por meio das Secretarias Municipais do<br \/>\nDesenvolvimento dos Agroneg\u00f3cios e de Cultura e Turismo. A grade de shows vai contemplar<br \/>\numa grande variedade de estilos. Os maiores artistas e os melhores shows do Brasil estar\u00e3o na<br \/>\nprograma\u00e7\u00e3o, prometendo agradar todo o tipo de p\u00fablico com muita m\u00fasica boa.<\/p>\n<figure id=\"attachment_6261\" class=\"thumbnail wp-caption aligncenter\" style=\"width: 658px\"><img data-recalc-dims=\"1\" loading=\"lazy\" decoding=\"async\" class=\"size-large wp-image-6261\" src=\"https:\/\/i0.wp.com\/www.mapadehoteis.com.br\/blog\/wp-content\/uploads\/2025\/04\/luan-santana-expo-braganca.jpeg?resize=648%2C300&#038;ssl=1\" alt=\"Luan Santana Paulo Expo Bragan\u00e7a\" width=\"648\" height=\"300\" srcset=\"https:\/\/i0.wp.com\/www.mapadehoteis.com.br\/blog\/wp-content\/uploads\/2025\/04\/luan-santana-expo-braganca.jpeg?resize=648%2C300&amp;ssl=1 648w, https:\/\/i0.wp.com\/www.mapadehoteis.com.br\/blog\/wp-content\/uploads\/2025\/04\/luan-santana-expo-braganca.jpeg?resize=300%2C139&amp;ssl=1 300w, https:\/\/i0.wp.com\/www.mapadehoteis.com.br\/blog\/wp-content\/uploads\/2025\/04\/luan-santana-expo-braganca.jpeg?resize=768%2C355&amp;ssl=1 768w, https:\/\/i0.wp.com\/www.mapadehoteis.com.br\/blog\/wp-content\/uploads\/2025\/04\/luan-santana-expo-braganca.jpeg?resize=1536%2C710&amp;ssl=1 1536w, https:\/\/i0.wp.com\/www.mapadehoteis.com.br\/blog\/wp-content\/uploads\/2025\/04\/luan-santana-expo-braganca.jpeg?resize=150%2C69&amp;ssl=1 150w, https:\/\/i0.wp.com\/www.mapadehoteis.com.br\/blog\/wp-content\/uploads\/2025\/04\/luan-santana-expo-braganca.jpeg?w=1600&amp;ssl=1 1600w, https:\/\/i0.wp.com\/www.mapadehoteis.com.br\/blog\/wp-content\/uploads\/2025\/04\/luan-santana-expo-braganca.jpeg?w=1296&amp;ssl=1 1296w\" sizes=\"auto, (max-width: 648px) 100vw, 648px\" \/><figcaption class=\"caption wp-caption-text\">Fotografia: Equipe Mapa de hot\u00e9is<\/figcaption><\/figure>\n<p>Vale destacar, assim como foi no ano passado, a excelente parceria entre a empresa<br \/>\npromotora do evento e a prefeitura municipal. A revitaliza\u00e7\u00e3o do parque aumentou em pelo menos 30% a<br \/>\ncapacidade para o p\u00fablico desde o ano passado. O evento traz visibilidade \u00e0 cidade sob diversos aspectos como a rede hoteleira, o com\u00e9rcio e o setor de servi\u00e7os de Bragan\u00e7a Paulista, fomentando ainda mais o turismo local.<\/p>\n<h2 data-start=\"562\" data-end=\"963\">Shows da Festa do Pe\u00e3o de Bragan\u00e7a Paulista 2026<\/h2>\n<p><strong data-start=\"1131\" data-end=\"1160\">24de abril (sexta-feira)<\/strong>\u00a0\u2013 Gusttavo Lima, Claton e Rom\u00e1rio e Open Farra<br data-start=\"1194\" data-end=\"1197\" \/><strong data-start=\"1200\" data-end=\"1224\">25 de abril (s\u00e1bado)<\/strong>\u00a0\u2013 Z\u00e9 Neto &amp; Cristiano, Bruno C\u00c9sar &amp; Rodrigo e GGustavo Mioto<br data-start=\"1251\" data-end=\"1254\" \/><strong data-start=\"1257\" data-end=\"1282\">26 de abril (domingo)<\/strong>\u00a0\u2013 Fernando &amp; Sorocaba e Thiaguinho<br data-start=\"1306\" data-end=\"1309\" \/><strong data-start=\"1312\" data-end=\"1342\">30 de abril (quinta-feira)<\/strong>\u00a0\u2013 Natanzinho Lima e Alok<br data-start=\"1377\" data-end=\"1380\" \/><strong data-start=\"1383\" data-end=\"1412\">1\u00ba de maio (sexta-feira)<\/strong>\u00a0\u2013 Luan Santana, Maju Santana e P\u00e9ricles<br data-start=\"1441\" data-end=\"1444\" \/><strong data-start=\"1447\" data-end=\"1474\">2 de maio (s\u00e1bado)<\/strong>\u00a0\u2013 Panda, Jo\u00e3o Gomes, Filho do Piseiro e Dennis DJ<br data-start=\"1503\" data-end=\"1506\" \/><strong data-start=\"1509\" data-end=\"1531\">3 de maio (domingo)<\/strong>\u00a0\u2013 Jeito Moleque e Humberto &amp; Ronaldo<\/p>\n<p>No esporte, muita emo\u00e7\u00e3o e adrenalina na montaria em touros e na prova dos tr\u00eas tambores.<br \/>\nAs competi\u00e7\u00f5es ser\u00e3o organizadas pela <strong>Liga Nacional de Rodeios<\/strong>.<\/p>\n<p><img data-recalc-dims=\"1\" loading=\"lazy\" decoding=\"async\" class=\"size-medium wp-image-6102 aligncenter\" src=\"https:\/\/i0.wp.com\/www.mapadehoteis.com.br\/blog\/wp-content\/uploads\/2025\/04\/403A8884.jpg?resize=300%2C200&#038;ssl=1\" alt=\"Rodeio de Bragan\u00e7a Paulista\" width=\"300\" height=\"200\" srcset=\"https:\/\/i0.wp.com\/www.mapadehoteis.com.br\/blog\/wp-content\/uploads\/2025\/04\/403A8884.jpg?resize=300%2C200&amp;ssl=1 300w, https:\/\/i0.wp.com\/www.mapadehoteis.com.br\/blog\/wp-content\/uploads\/2025\/04\/403A8884.jpg?resize=648%2C432&amp;ssl=1 648w, https:\/\/i0.wp.com\/www.mapadehoteis.com.br\/blog\/wp-content\/uploads\/2025\/04\/403A8884.jpg?resize=768%2C512&amp;ssl=1 768w, https:\/\/i0.wp.com\/www.mapadehoteis.com.br\/blog\/wp-content\/uploads\/2025\/04\/403A8884.jpg?resize=1536%2C1024&amp;ssl=1 1536w, https:\/\/i0.wp.com\/www.mapadehoteis.com.br\/blog\/wp-content\/uploads\/2025\/04\/403A8884.jpg?resize=150%2C100&amp;ssl=1 150w, https:\/\/i0.wp.com\/www.mapadehoteis.com.br\/blog\/wp-content\/uploads\/2025\/04\/403A8884.jpg?w=2048&amp;ssl=1 2048w, https:\/\/i0.wp.com\/www.mapadehoteis.com.br\/blog\/wp-content\/uploads\/2025\/04\/403A8884.jpg?w=1296&amp;ssl=1 1296w, https:\/\/i0.wp.com\/www.mapadehoteis.com.br\/blog\/wp-content\/uploads\/2025\/04\/403A8884.jpg?w=1944&amp;ssl=1 1944w\" sizes=\"auto, (max-width: 300px) 100vw, 300px\" \/><\/p>\n<p>Na \u00e1rea gastron\u00f4mica, uma pra\u00e7a de alimenta\u00e7\u00e3o com grande variedade de lanches, por\u00e7\u00f5es,<br \/>\nsalgados e doces estar\u00e3o \u00e0 disposi\u00e7\u00e3o do p\u00fablico que preza por uma alimenta\u00e7\u00e3o diversificada.<br \/>\nO complexo vai contar com o apoio e monitoramento da Guarda Civil Municipal, Pol\u00edcia Militar,<br \/>\nSeguran\u00e7a Privada e Equipe de Brigadistas para garantir a seguran\u00e7a do p\u00fablico.<\/p>\n<p>Para compra de camarotes corporativos acesse <a href=\"https:\/\/expobraganca.com.br\/\" target=\"_blank\" rel=\"noopener\">https:\/\/expobraganca.com.br\/<\/a>.<br \/>\nPara mais informa\u00e7\u00f5es confira o <a href=\"https:\/\/www.instagram.com\/expobraganca\/\" target=\"_blank\" rel=\"noopener\">Instagram<\/a> oficial do evento.<\/p>\n<p>N\u00e3o \u00e9 da regi\u00e3o e quer garantir sua hospedagem para curtir todos os dias dessa festa incr\u00edvel? Confira onde se hospedar para a Expo Bragan\u00e7a 202 clicando <a href=\"https:\/\/www.mapadehoteis.com.br\/blog\/rodeios\/expo-braganca-2026-saiba-tudo-sobre-o-rodeio\/\" target=\"_blank\" rel=\"noopener\">aqui<\/a>.<\/p>\n<p>&nbsp;<\/p>\n","protected":false},"excerpt":{"rendered":"<p>A maior das maiores! Um dos mais tradicionais e esperados eventos do Brasil, a 59\u00aa Expoagro e 32\u00aa Festa do Pe\u00e3o de Boiadeiro de Bragan\u00e7a Paulista ter\u00e3o diversos shows em sete dias de festa. O evento ser\u00e1 realizado entre os dias 24 de abril e 03 de maio no Parque de Exposi\u00e7\u00f5es Doutor Fernando Costa [&hellip;]<\/p>\n","protected":false},"author":5,"featured_media":6101,"comment_status":"open","ping_status":"open","sticky":false,"template":"","format":"standard","meta":{"_lmt_disableupdate":"no","_lmt_disable":"no","_sitemap_exclude":false,"_sitemap_priority":"","_sitemap_frequency":"","_uf_show_specific_survey":0,"_uf_disable_surveys":false,"footnotes":""},"categories":[1324,1505],"tags":[1554,1604,1606,567,427],"class_list":["post-6100","post","type-post","status-publish","format-standard","has-post-thumbnail","hentry","category-noticias","category-rodeios","tag-braganca-paulista","tag-expo-braganca","tag-festa-do-peao-de-braganca-paulista","tag-rodeio","tag-shows"],"modified_by":"Leticia Carvalho","_links":{"self":[{"href":"https:\/\/www.mapadehoteis.com.br\/blog\/wp-json\/wp\/v2\/posts\/6100","targetHints":{"allow":["GET"]}}],"collection":[{"href":"https:\/\/www.mapadehoteis.com.br\/blog\/wp-json\/wp\/v2\/posts"}],"about":[{"href":"https:\/\/www.mapadehoteis.com.br\/blog\/wp-json\/wp\/v2\/types\/post"}],"author":[{"embeddable":true,"href":"https:\/\/www.mapadehoteis.com.br\/blog\/wp-json\/wp\/v2\/users\/5"}],"replies":[{"embeddable":true,"href":"https:\/\/www.mapadehoteis.com.br\/blog\/wp-json\/wp\/v2\/comments?post=6100"}],"version-history":[{"count":3,"href":"https:\/\/www.mapadehoteis.com.br\/blog\/wp-json\/wp\/v2\/posts\/6100\/revisions"}],"predecessor-version":[{"id":6262,"href":"https:\/\/www.mapadehoteis.com.br\/blog\/wp-json\/wp\/v2\/posts\/6100\/revisions\/6262"}],"wp:featuredmedia":[{"embeddable":true,"href":"https:\/\/www.mapadehoteis.com.br\/blog\/wp-json\/wp\/v2\/media\/6101"}],"wp:attachment":[{"href":"https:\/\/www.mapadehoteis.com.br\/blog\/wp-json\/wp\/v2\/media?parent=6100"}],"wp:term":[{"taxonomy":"category","embeddable":true,"href":"https:\/\/www.mapadehoteis.com.br\/blog\/wp-json\/wp\/v2\/categories?post=6100"},{"taxonomy":"post_tag","embeddable":true,"href":"https:\/\/www.mapadehoteis.com.br\/blog\/wp-json\/wp\/v2\/tags?post=6100"}],"curies":[{"name":"wp","href":"https:\/\/api.w.org\/{rel}","templated":true}]}}