{"id":6119,"date":"2025-05-05T20:35:19","date_gmt":"2025-05-05T23:35:19","guid":{"rendered":"https:\/\/www.mapadehoteis.com.br\/blog\/?p=6119"},"modified":"2025-05-05T20:45:12","modified_gmt":"2025-05-05T23:45:12","slug":"faena-planeja-ate-5-hoteis-de-luxo-no-brasil","status":"publish","type":"post","link":"https:\/\/www.mapadehoteis.com.br\/blog\/noticias\/faena-planeja-ate-5-hoteis-de-luxo-no-brasil\/","title":{"rendered":"Rede Faena planeja at\u00e9 5 hot\u00e9is de luxo no Brasil"},"content":{"rendered":"<p class=\"\" data-start=\"366\" data-end=\"715\">A hotelaria de luxo no Brasil vem crescendo cada vez mais, e a rede <a href=\"https:\/\/www.faena.com\/\" target=\"_blank\" rel=\"noopener\"><strong data-start=\"391\" data-end=\"400\">Faena<\/strong><\/a>, conhecida mundialmente por sua proposta que une arte, design e hospitalidade sofisticada, operada pela Accor, planeja a instala\u00e7\u00e3o de at\u00e9 cinco unidades no pa\u00eds.<\/p>\n<p class=\"\" data-start=\"717\" data-end=\"1269\">O projeto mais avan\u00e7ado \u00e9 o <strong data-start=\"745\" data-end=\"764\">Faena S\u00e3o Paulo<\/strong>, que ser\u00e1 constru\u00eddo na Rua Diogo Moreira, 250, no bairro de Pinheiros, a apenas 300 metros da movimentada Avenida Faria Lima. O projeto conta com 100 quartos, 140 resid\u00eancias, al\u00e9m de spa, restaurantes, boutique e galeria de arte \u2014 tudo com o padr\u00e3o internacional da marca. As obras devem come\u00e7ar ainda em 2025, com o lan\u00e7amento comercial j\u00e1 iniciado no final de 2024. A\u00a0incorporadora Even confirmou a venda do terreno, sem revelar o comprador.<\/p>\n<p data-start=\"717\" data-end=\"1269\"><strong>&gt;&gt;&gt; Leia mais:<\/strong> <a href=\"https:\/\/www.mapadehoteis.com.br\/blog\/noticias\/w-sao-paulo-o-novo-hotel-de-luxo-na-vila-olimpia\/\" target=\"_blank\" rel=\"bookmark noopener\">W S\u00e3o Paulo: O Novo Hotel de Luxo na Vila Ol\u00edmpia<\/a><\/p>\n<p class=\"\" data-start=\"1271\" data-end=\"1520\">Al\u00e9m de S\u00e3o Paulo, o <strong data-start=\"1292\" data-end=\"1310\">Rio de Janeiro<\/strong> tamb\u00e9m \u00e9 considerado um forte candidato para receber uma unidade da Faena. A marca j\u00e1 possui hot\u00e9is em <strong data-start=\"1414\" data-end=\"1430\">Buenos Aires<\/strong> e <strong data-start=\"1433\" data-end=\"1448\">Miami<\/strong>.<\/p>\n<p class=\"\" data-start=\"0\" data-end=\"190\"><span class=\"relative -mx-px my-[-0.2rem] rounded px-px py-[0.2rem] transition-colors duration-100 ease-in-out\">A rede Faena foi fundada no in\u00edcio dos anos 2000 pelo empres\u00e1rio argentino Alan Faena, em parceria com o bilion\u00e1rio Len Blavatnik.<\/span> <span class=\"relative -mx-px my-[-0.2rem] rounded px-px py-[0.2rem] transition-colors duration-100 ease-in-out\">O projeto inaugural, o Faena Hotel Buenos Aires, foi inaugurado em 2004 no bairro de Puerto Madero, ocupando um antigo armaz\u00e9m de gr\u00e3os do in\u00edcio do s\u00e9culo XX.<\/span> <span class=\"relative -mx-px my-[-0.2rem] rounded px-px py-[0.2rem] transition-colors duration-100 ease-in-out\">A transforma\u00e7\u00e3o do edif\u00edcio hist\u00f3rico, conhecido como &#8220;El Porte\u00f1o&#8221;, em um hotel de luxo foi realizada com o apoio do renomado designer franc\u00eas Philippe Starck.<\/span><\/p>\n<h2 data-start=\"0\" data-end=\"190\">Expans\u00e3o da Rede Faena<\/h2>\n<p class=\"\" data-start=\"192\" data-end=\"390\">O sucesso em solo argentino abriu caminho para voos mais altos. Em 2015, a Faena cruzou fronteiras e chegou a Miami Beach, nos Estados Unidos, onde deu vida a um verdadeiro distrito cultural \u00e0 beira-mar. Ali, o conceito foi al\u00e9m do hotel: incluiu resid\u00eancias, restaurantes premiados e at\u00e9 um centro de arte projetado pelo renomado arquiteto Rem Koolhaas. O resultado? Um destino completo, feito para quem busca mais do que uma estadia \u2014 uma viv\u00eancia.<\/p>\n<p class=\"\" data-start=\"392\" data-end=\"590\"><span class=\"relative -mx-px my-[-0.2rem] rounded px-px py-[0.2rem] transition-colors duration-100 ease-in-out\">A expans\u00e3o da marca continua com a previs\u00e3o de abertura do Faena New York na primavera de 2025.<\/span> <span class=\"relative -mx-px my-[-0.2rem] rounded px-px py-[0.2rem] transition-colors duration-100 ease-in-out\">Localizado no bairro de Chelsea, em Manhattan, o hotel ocupar\u00e1 o edif\u00edcio One High Line\u2019s East Tower, com vista para o parque High Line e o Rio Hudson.<\/span><\/p>\n<p class=\"\" data-start=\"1522\" data-end=\"1811\">A <strong data-start=\"1524\" data-end=\"1555\">expans\u00e3o da Faena no Brasil<\/strong> refor\u00e7a o potencial do pa\u00eds como destino atrativo para o turismo de luxo. Com uma demanda crescente por <strong data-start=\"1660\" data-end=\"1704\">experi\u00eancias exclusivas e personalizadas<\/strong>, o mercado brasileiro se mostra estrat\u00e9gico para redes internacionais que desejam inovar em hospitalidade.<\/p>\n<p data-start=\"1522\" data-end=\"1811\"><strong>&gt;&gt;&gt; Leia tamb\u00e9m:<\/strong> <a href=\"https:\/\/www.mapadehoteis.com.br\/blog\/noticias\/minas-gerais-tera-novo-resort-de-luxo-com-vinicola\/\" target=\"_blank\" rel=\"bookmark noopener\">Minas Gerais ter\u00e1 novo resort de luxo com vin\u00edcola<\/a><\/p>\n<p class=\"\" data-start=\"1813\" data-end=\"1970\">Vale ressaltar que este empreendimento tamb\u00e9m deve aquecer a economia local, gerando empregos diretos e indiretos nos setores de constru\u00e7\u00e3o civil, gastronomia e servi\u00e7os tur\u00edsticos.<\/p>\n<p>&nbsp;<\/p>\n","protected":false},"excerpt":{"rendered":"<p>A hotelaria de luxo no Brasil vem crescendo cada vez mais, e a rede Faena, conhecida mundialmente por sua proposta que une arte, design e hospitalidade sofisticada, operada pela Accor, planeja a instala\u00e7\u00e3o de at\u00e9 cinco unidades no pa\u00eds. O projeto mais avan\u00e7ado \u00e9 o Faena S\u00e3o Paulo, que ser\u00e1 constru\u00eddo na Rua Diogo Moreira, [&hellip;]<\/p>\n","protected":false},"author":5,"featured_media":6122,"comment_status":"open","ping_status":"open","sticky":false,"template":"","format":"standard","meta":{"_lmt_disableupdate":"","_lmt_disable":"","_sitemap_exclude":false,"_sitemap_priority":"","_sitemap_frequency":"","_uf_show_specific_survey":0,"_uf_disable_surveys":false,"footnotes":""},"categories":[391,1324],"tags":[1558,1608,1366],"class_list":["post-6119","post","type-post","status-publish","format-standard","has-post-thumbnail","hentry","category-hotelaria","category-noticias","tag-accor","tag-faena","tag-hotel-de-luxo"],"modified_by":"Anna Balvetti","_links":{"self":[{"href":"https:\/\/www.mapadehoteis.com.br\/blog\/wp-json\/wp\/v2\/posts\/6119","targetHints":{"allow":["GET"]}}],"collection":[{"href":"https:\/\/www.mapadehoteis.com.br\/blog\/wp-json\/wp\/v2\/posts"}],"about":[{"href":"https:\/\/www.mapadehoteis.com.br\/blog\/wp-json\/wp\/v2\/types\/post"}],"author":[{"embeddable":true,"href":"https:\/\/www.mapadehoteis.com.br\/blog\/wp-json\/wp\/v2\/users\/5"}],"replies":[{"embeddable":true,"href":"https:\/\/www.mapadehoteis.com.br\/blog\/wp-json\/wp\/v2\/comments?post=6119"}],"version-history":[{"count":7,"href":"https:\/\/www.mapadehoteis.com.br\/blog\/wp-json\/wp\/v2\/posts\/6119\/revisions"}],"predecessor-version":[{"id":6127,"href":"https:\/\/www.mapadehoteis.com.br\/blog\/wp-json\/wp\/v2\/posts\/6119\/revisions\/6127"}],"wp:featuredmedia":[{"embeddable":true,"href":"https:\/\/www.mapadehoteis.com.br\/blog\/wp-json\/wp\/v2\/media\/6122"}],"wp:attachment":[{"href":"https:\/\/www.mapadehoteis.com.br\/blog\/wp-json\/wp\/v2\/media?parent=6119"}],"wp:term":[{"taxonomy":"category","embeddable":true,"href":"https:\/\/www.mapadehoteis.com.br\/blog\/wp-json\/wp\/v2\/categories?post=6119"},{"taxonomy":"post_tag","embeddable":true,"href":"https:\/\/www.mapadehoteis.com.br\/blog\/wp-json\/wp\/v2\/tags?post=6119"}],"curies":[{"name":"wp","href":"https:\/\/api.w.org\/{rel}","templated":true}]}}