{"id":6195,"date":"2025-05-17T20:54:41","date_gmt":"2025-05-17T23:54:41","guid":{"rendered":"https:\/\/www.mapadehoteis.com.br\/blog\/?p=6195"},"modified":"2025-05-18T11:32:21","modified_gmt":"2025-05-18T14:32:21","slug":"vbike-festival-de-motos-em-sao-lourenco","status":"publish","type":"post","link":"https:\/\/www.mapadehoteis.com.br\/blog\/festas\/vbike-festival-de-motos-em-sao-lourenco\/","title":{"rendered":"Bike Fest 2025 em S\u00e3o Louren\u00e7o (MG): Tudo Sobre a 8\u00aa Edi\u00e7\u00e3o"},"content":{"rendered":"<article class=\"text-token-text-primary w-full\" dir=\"auto\" data-testid=\"conversation-turn-1\" data-scroll-anchor=\"false\">\n<h5 class=\"sr-only\"><strong style=\"font-size: 16px;\" data-start=\"126\" data-end=\"178\">O que \u00e9 o Bike Fest de S\u00e3o Louren\u00e7o?\u00a0<\/strong><\/h5>\n<\/article>\n<article class=\"text-token-text-primary w-full\" dir=\"auto\" data-testid=\"conversation-turn-2\" data-scroll-anchor=\"true\">\n<div class=\"text-base my-auto mx-auto py-5 [--thread-content-margin:--spacing(4)] @[37rem]:[--thread-content-margin:--spacing(6)] @[72rem]:[--thread-content-margin:--spacing(16)] px-(--thread-content-margin)\">\n<div class=\"[--thread-content-max-width:32rem] @[34rem]:[--thread-content-max-width:40rem] @[64rem]:[--thread-content-max-width:48rem] mx-auto flex max-w-(--thread-content-max-width) flex-1 text-base gap-4 md:gap-5 lg:gap-6 group\/turn-messages focus-visible:outline-hidden\" tabindex=\"-1\">\n<div class=\"group\/conversation-turn relative flex w-full min-w-0 flex-col agent-turn\">\n<div class=\"relative flex-col gap-1 md:gap-3\">\n<div class=\"flex max-w-full flex-col grow\">\n<div class=\"min-h-8 text-message relative flex w-full flex-col items-end gap-2 text-start break-words whitespace-normal [.text-message+&amp;]:mt-5\" dir=\"auto\" data-message-author-role=\"assistant\" data-message-id=\"98464edb-24c8-458b-a883-3636a02942cc\" data-message-model-slug=\"gpt-4o\">\n<div class=\"flex w-full flex-col gap-1 empty:hidden first:pt-[3px]\">\n<div class=\"markdown prose dark:prose-invert w-full break-words light\">\n<p class=\"\" data-start=\"180\" data-end=\"682\">O Bike Festival de motos em S\u00e3o Louren\u00e7o \u00e9 um dos eventos mais esperados do calend\u00e1rio motocicl\u00edstico do Brasil. Realizado na charmosa cidade de S\u00e3o Louren\u00e7o, no sul de Minas Gerais, o festival atrai milhares de motociclistas e entusiastas de duas rodas de todas as partes do pa\u00eds. Muito mais do que um simples encontro de motos, o evento se consolidou como um verdadeiro festival cultural e tur\u00edstico, que combina adrenalina, m\u00fasica, gastronomia e conviv\u00eancia em um cen\u00e1rio privilegiado pela natureza.<\/p>\n<p class=\"\" data-start=\"684\" data-end=\"715\"><strong data-start=\"684\" data-end=\"715\">Origem e evolu\u00e7\u00e3o do evento<\/strong><\/p>\n<p class=\"\" data-start=\"717\" data-end=\"1209\">O Bike Festival surgiu com o objetivo de reunir apaixonados por motociclismo em um ambiente descontra\u00eddo, seguro e bem estruturado. Desde suas primeiras edi\u00e7\u00f5es, o festival foi ganhando propor\u00e7\u00e3o, e hoje j\u00e1 \u00e9 considerado um dos maiores eventos do tipo no estado de Minas Gerais. A escolha de S\u00e3o Louren\u00e7o como sede n\u00e3o \u00e9 por acaso: a cidade \u00e9 famosa por suas \u00e1guas minerais, seu clima ameno e sua voca\u00e7\u00e3o tur\u00edstica, o que proporciona uma experi\u00eancia \u00fanica para quem visita durante o festival.<\/p>\n<p class=\"\" data-start=\"717\" data-end=\"1209\"><img data-recalc-dims=\"1\" loading=\"lazy\" decoding=\"async\" class=\"aligncenter wp-image-6197 size-medium\" src=\"https:\/\/i0.wp.com\/www.mapadehoteis.com.br\/blog\/wp-content\/uploads\/2025\/05\/IMG-20250517-WA0004.jpg?resize=193%2C300&#038;ssl=1\" alt=\"Logo cartaz bike fest\" width=\"193\" height=\"300\" srcset=\"https:\/\/i0.wp.com\/www.mapadehoteis.com.br\/blog\/wp-content\/uploads\/2025\/05\/IMG-20250517-WA0004.jpg?resize=193%2C300&amp;ssl=1 193w, https:\/\/i0.wp.com\/www.mapadehoteis.com.br\/blog\/wp-content\/uploads\/2025\/05\/IMG-20250517-WA0004.jpg?resize=416%2C648&amp;ssl=1 416w, https:\/\/i0.wp.com\/www.mapadehoteis.com.br\/blog\/wp-content\/uploads\/2025\/05\/IMG-20250517-WA0004.jpg?resize=768%2C1196&amp;ssl=1 768w, https:\/\/i0.wp.com\/www.mapadehoteis.com.br\/blog\/wp-content\/uploads\/2025\/05\/IMG-20250517-WA0004.jpg?resize=150%2C234&amp;ssl=1 150w, https:\/\/i0.wp.com\/www.mapadehoteis.com.br\/blog\/wp-content\/uploads\/2025\/05\/IMG-20250517-WA0004.jpg?w=942&amp;ssl=1 942w\" sizes=\"auto, (max-width: 193px) 100vw, 193px\" \/><\/p>\n<p class=\"\" data-start=\"1211\" data-end=\"1461\">Com o passar dos anos, o evento evoluiu e passou a incluir atra\u00e7\u00f5es para todos os p\u00fablicos, n\u00e3o apenas os motociclistas. Hoje, fam\u00edlias inteiras participam do Bike Festival, atra\u00eddas pela programa\u00e7\u00e3o diversificada e pelo ambiente acolhedor da cidade.<\/p>\n<p class=\"\" data-start=\"1463\" data-end=\"1489\"><strong data-start=\"1463\" data-end=\"1489\">Programa\u00e7\u00e3o e atra\u00e7\u00f5es da edi\u00e7\u00e3o VII Bike Fest 2025<\/strong><\/p>\n<p class=\"\" data-start=\"1491\" data-end=\"1938\">O Bike Festival geralmente acontece durante um fim de semana prolongado, ocupando tr\u00eas a quatro dias com uma intensa agenda de atividades. Os principais destaques do evento s\u00e3o os desfiles de motos, os shows de rock ao vivo e os estandes de expositores de marcas renomadas do setor motocicl\u00edstico. Fabricantes, lojas de equipamentos, oficinas especializadas e clubes de motoqueiros marcam presen\u00e7a com novidades, lan\u00e7amentos e produtos exclusivos.<\/p>\n<p>A oitava edi\u00e7\u00e3o do Bike Fest S\u00e3o Louren\u00e7o ocorreu de <strong>15 a 18 de maio de 2025<\/strong>, na Pra\u00e7a Jo\u00e3o Lage, em frente ao Parque das \u00c1guas . A entrada foi gratuita, mas exigiu inscri\u00e7\u00e3o antecipada para gera\u00e7\u00e3o de um QR Code de acesso . Os participantes tamb\u00e9m puderam adquirir camisas e bon\u00e9s oficiais do evento, retirados no estande da Production Eventos durante os dias do festival .<\/p>\n<p class=\"\" data-start=\"1940\" data-end=\"2284\">Os shows de rock s\u00e3o uma das marcas registradas do festival, reunindo bandas locais e nacionais que animam o p\u00fablico com cl\u00e1ssicos do g\u00eanero.<\/p>\n<p>O evento contou com uma programa\u00e7\u00e3o musical diversificada, destacando bandas de rock e pop :<\/p>\n<p><strong>15 de maio (quinta-feira):<\/strong><\/p>\n<p>Abertura dos estandes e pra\u00e7a de alimenta\u00e7\u00e3o \u00e0s 16h<\/p>\n<p>Abertura oficial do evento \u00e0s 19h<\/p>\n<p>Show com a banda &#8220;Dino&#8221; \u00e0s 20h<\/p>\n<p>Encerramento \u00e0s 00h30<\/p>\n<p><strong>16 de maio (sexta-feira):<\/strong><\/p>\n<p>Abertura dos estandes e pra\u00e7a de alimenta\u00e7\u00e3o \u00e0s 12h<\/p>\n<p>Shows com as bandas &#8220;Radio Zara&#8221; \u00e0s 17h, &#8220;Harley Queen&#8221; \u00e0s 19h30 e &#8220;Nina Guimar\u00e3es&#8221; \u00e0s 22h<\/p>\n<p><strong>17 de maio (sexta-feira):<\/strong><\/p>\n<p>Shows com as bandas &#8220;Pop Matuto&#8221; \u00e0s 13h, &#8220;Guns&#8221; \u00e0s 15h30, &#8220;Seu Madruga&#8221; \u00e0s 19h30 e &#8220;U2 Latin American&#8221; \u00e0s 22h<\/p>\n<p><strong>18 de maio (domingo):<\/strong><\/p>\n<p>Abertura dos estandes e pra\u00e7a de alimenta\u00e7\u00e3o \u00e0s 10h<\/p>\n<p class=\"\" data-start=\"2286\" data-end=\"2620\">Outro ponto alto do evento \u00e9 a feira gastron\u00f4mica. Os visitantes podem saborear desde pratos t\u00edpicos mineiros at\u00e9 op\u00e7\u00f5es mais sofisticadas, com food trucks e barracas que oferecem uma ampla variedade de comidas e bebidas. H\u00e1 tamb\u00e9m espa\u00e7o para artesanato, produtos locais e apresenta\u00e7\u00f5es culturais que valorizam a identidade regional.<\/p>\n<p><img data-recalc-dims=\"1\" loading=\"lazy\" decoding=\"async\" class=\"aligncenter size-large wp-image-6198\" src=\"https:\/\/i0.wp.com\/www.mapadehoteis.com.br\/blog\/wp-content\/uploads\/2025\/05\/IMG-20250517-WA0005.jpg?resize=539%2C648&#038;ssl=1\" alt=\"Gastronomia bike festival 2025\" width=\"539\" height=\"648\" srcset=\"https:\/\/i0.wp.com\/www.mapadehoteis.com.br\/blog\/wp-content\/uploads\/2025\/05\/IMG-20250517-WA0005.jpg?resize=539%2C648&amp;ssl=1 539w, https:\/\/i0.wp.com\/www.mapadehoteis.com.br\/blog\/wp-content\/uploads\/2025\/05\/IMG-20250517-WA0005.jpg?resize=250%2C300&amp;ssl=1 250w, https:\/\/i0.wp.com\/www.mapadehoteis.com.br\/blog\/wp-content\/uploads\/2025\/05\/IMG-20250517-WA0005.jpg?resize=768%2C923&amp;ssl=1 768w, https:\/\/i0.wp.com\/www.mapadehoteis.com.br\/blog\/wp-content\/uploads\/2025\/05\/IMG-20250517-WA0005.jpg?resize=1278%2C1536&amp;ssl=1 1278w, https:\/\/i0.wp.com\/www.mapadehoteis.com.br\/blog\/wp-content\/uploads\/2025\/05\/IMG-20250517-WA0005.jpg?resize=150%2C180&amp;ssl=1 150w, https:\/\/i0.wp.com\/www.mapadehoteis.com.br\/blog\/wp-content\/uploads\/2025\/05\/IMG-20250517-WA0005.jpg?w=1331&amp;ssl=1 1331w\" sizes=\"auto, (max-width: 539px) 100vw, 539px\" \/><\/div>\n<p><strong data-start=\"2622\" data-end=\"2662\">Impacto na cidade e no turismo local<\/strong><\/p>\n<p class=\"\" data-start=\"2664\" data-end=\"3091\">A realiza\u00e7\u00e3o do Bike Festival movimenta a economia de S\u00e3o Louren\u00e7o de forma significativa. Hot\u00e9is e pousadas costumam atingir sua ocupa\u00e7\u00e3o m\u00e1xima semanas antes do evento, e o com\u00e9rcio local se prepara para atender ao grande fluxo de visitantes. Restaurantes, bares e lojas registram aumento nas vendas, e muitos moradores aproveitam a oportunidade para gerar renda extra, oferecendo hospedagem alternativa ou servi\u00e7os de apoio.<\/p>\n<p class=\"\" data-start=\"3093\" data-end=\"3381\">Al\u00e9m do impacto econ\u00f4mico, o festival refor\u00e7a a imagem de S\u00e3o Louren\u00e7o como um destino tur\u00edstico vers\u00e1til, que vai al\u00e9m do tradicional turismo de \u00e1guas minerais. A cidade mostra sua capacidade de acolher eventos de grande porte sem perder o charme e a tranquilidade que a tornaram famosa.<\/p>\n<p class=\"\" data-start=\"3383\" data-end=\"3413\"><strong data-start=\"3383\" data-end=\"3413\">Cultura e confraterniza\u00e7\u00e3o<\/strong><\/p>\n<p class=\"\" data-start=\"3415\" data-end=\"3789\">O Bike Festival \u00e9 tamb\u00e9m um espa\u00e7o de conviv\u00eancia, troca de experi\u00eancias e celebra\u00e7\u00e3o da cultura motociclista. \u00c9 comum ver grupos de amigos que percorrem centenas de quil\u00f4metros juntos para participar do evento, criando la\u00e7os que muitas vezes duram anos. A irmandade entre os motociclistas \u00e9 vis\u00edvel, e o respeito \u00e0s diferentes tribos e estilos \u00e9 uma das marcas do encontro.<\/p>\n<p class=\"\" data-start=\"3791\" data-end=\"4024\">Seja voc\u00ea um f\u00e3 de motos customizadas, esportivas, cl\u00e1ssicas ou modernas, o festival oferece espa\u00e7o para todos. Mais do que isso, promove valores como liberdade, companheirismo e aventura, que fazem parte da ess\u00eancia do motociclismo.<\/p>\n<p class=\"\" data-start=\"4026\" data-end=\"4039\"><strong data-start=\"4026\" data-end=\"4039\">Vale a pena ir ao Bike Festival?<\/strong><\/p>\n<p class=\"\" data-start=\"4041\" data-end=\"4474\">O Bike Festival de motos em S\u00e3o Louren\u00e7o \u00e9 muito mais do que um evento para quem ama motocicletas. \u00c9 uma celebra\u00e7\u00e3o que une pessoas de diferentes lugares em torno de uma paix\u00e3o comum, em um ambiente festivo, seguro e acolhedor. Vendo por este prisma, vale sim conhecer al\u00e9m de ter uma programa\u00e7\u00e3o rica, paisagens encantadoras e hospitalidade mineira, o festival se firma como um dos principais encontros de motos do Brasil, conquistando cada vez mais admiradores a cada nova edi<\/p>\n<\/div>\n<\/div>\n<\/div>\n<\/div>\n<\/div>\n<\/div>\n<\/div>\n<\/article>\n","protected":false},"excerpt":{"rendered":"<p>O que \u00e9 o Bike Fest de S\u00e3o Louren\u00e7o?\u00a0 O Bike Festival de motos em S\u00e3o Louren\u00e7o \u00e9 um dos eventos mais esperados do calend\u00e1rio motocicl\u00edstico do Brasil. Realizado na charmosa cidade de S\u00e3o Louren\u00e7o, no sul de Minas Gerais, o festival atrai milhares de motociclistas e entusiastas de duas rodas de todas as partes [&hellip;]<\/p>\n","protected":false},"author":1,"featured_media":6196,"comment_status":"open","ping_status":"open","sticky":false,"template":"","format":"standard","meta":{"_lmt_disableupdate":"no","_lmt_disable":"no","_sitemap_exclude":false,"_sitemap_priority":"","_sitemap_frequency":"","_uf_show_specific_survey":0,"_uf_disable_surveys":false,"footnotes":""},"categories":[344],"tags":[1622,4],"class_list":["post-6195","post","type-post","status-publish","format-standard","has-post-thumbnail","hentry","category-festas","tag-bike-fest","tag-sao-lourenco"],"modified_by":"Leticia Carvalho","_links":{"self":[{"href":"https:\/\/www.mapadehoteis.com.br\/blog\/wp-json\/wp\/v2\/posts\/6195","targetHints":{"allow":["GET"]}}],"collection":[{"href":"https:\/\/www.mapadehoteis.com.br\/blog\/wp-json\/wp\/v2\/posts"}],"about":[{"href":"https:\/\/www.mapadehoteis.com.br\/blog\/wp-json\/wp\/v2\/types\/post"}],"author":[{"embeddable":true,"href":"https:\/\/www.mapadehoteis.com.br\/blog\/wp-json\/wp\/v2\/users\/1"}],"replies":[{"embeddable":true,"href":"https:\/\/www.mapadehoteis.com.br\/blog\/wp-json\/wp\/v2\/comments?post=6195"}],"version-history":[{"count":6,"href":"https:\/\/www.mapadehoteis.com.br\/blog\/wp-json\/wp\/v2\/posts\/6195\/revisions"}],"predecessor-version":[{"id":6204,"href":"https:\/\/www.mapadehoteis.com.br\/blog\/wp-json\/wp\/v2\/posts\/6195\/revisions\/6204"}],"wp:featuredmedia":[{"embeddable":true,"href":"https:\/\/www.mapadehoteis.com.br\/blog\/wp-json\/wp\/v2\/media\/6196"}],"wp:attachment":[{"href":"https:\/\/www.mapadehoteis.com.br\/blog\/wp-json\/wp\/v2\/media?parent=6195"}],"wp:term":[{"taxonomy":"category","embeddable":true,"href":"https:\/\/www.mapadehoteis.com.br\/blog\/wp-json\/wp\/v2\/categories?post=6195"},{"taxonomy":"post_tag","embeddable":true,"href":"https:\/\/www.mapadehoteis.com.br\/blog\/wp-json\/wp\/v2\/tags?post=6195"}],"curies":[{"name":"wp","href":"https:\/\/api.w.org\/{rel}","templated":true}]}}