{"id":6207,"date":"2025-06-16T01:43:50","date_gmt":"2025-06-16T04:43:50","guid":{"rendered":"https:\/\/www.mapadehoteis.com.br\/blog\/?p=6207"},"modified":"2025-06-16T02:22:58","modified_gmt":"2025-06-16T05:22:58","slug":"como-foi-o-festival-interlagos-2025-veja-os-melhores-momentos","status":"publish","type":"post","link":"https:\/\/www.mapadehoteis.com.br\/blog\/festas\/como-foi-o-festival-interlagos-2025-veja-os-melhores-momentos\/","title":{"rendered":"Como foi o Festival Interlagos 2025? Veja os Melhores Momentos"},"content":{"rendered":"<p data-start=\"42\" data-end=\"79\"><span class=\"relative -mx-px my-[-0.2rem] rounded px-px py-[0.2rem] transition-colors duration-100 ease-in-out\">A edi\u00e7\u00e3o de 2025 do <strong data-start=\"20\" data-end=\"43\">Festival Interlagos<\/strong> consolidou sua posi\u00e7\u00e3o como o maior e mais vibrante evento de experi\u00eancia automotiva do Brasil, reunindo motos, carros, m\u00fasica e inova\u00e7\u00e3o em um s\u00f3 lugar \u2014 o ic\u00f4nico Aut\u00f3dromo de Interlagos, em S\u00e3o Paulo. Com grande estrutura e diversidade de atra\u00e7\u00f5es, o evento aconteceu em duas fases complementares:<\/span><\/p>\n<div id=\"ez-toc-container\" class=\"ez-toc-v2_0_73 counter-hierarchy ez-toc-counter ez-toc-grey ez-toc-container-direction\">\n<div class=\"ez-toc-title-container\">\n<p class=\"ez-toc-title\" style=\"cursor:inherit\">Sum\u00e1rio<\/p>\n<span class=\"ez-toc-title-toggle\"><a href=\"#\" class=\"ez-toc-pull-right ez-toc-btn ez-toc-btn-xs ez-toc-btn-default ez-toc-toggle\" aria-label=\"Alternar tabela de conte\u00fado\"><span class=\"ez-toc-js-icon-con\"><span class=\"\"><span class=\"eztoc-hide\" style=\"display:none;\">Toggle<\/span><span class=\"ez-toc-icon-toggle-span\"><svg style=\"fill: #999;color:#999\" xmlns=\"http:\/\/www.w3.org\/2000\/svg\" class=\"list-377408\" width=\"20px\" height=\"20px\" viewBox=\"0 0 24 24\" fill=\"none\"><path d=\"M6 6H4v2h2V6zm14 0H8v2h12V6zM4 11h2v2H4v-2zm16 0H8v2h12v-2zM4 16h2v2H4v-2zm16 0H8v2h12v-2z\" fill=\"currentColor\"><\/path><\/svg><svg style=\"fill: #999;color:#999\" class=\"arrow-unsorted-368013\" xmlns=\"http:\/\/www.w3.org\/2000\/svg\" width=\"10px\" height=\"10px\" viewBox=\"0 0 24 24\" version=\"1.2\" baseProfile=\"tiny\"><path d=\"M18.2 9.3l-6.2-6.3-6.2 6.3c-.2.2-.3.4-.3.7s.1.5.3.7c.2.2.4.3.7.3h11c.3 0 .5-.1.7-.3.2-.2.3-.5.3-.7s-.1-.5-.3-.7zM5.8 14.7l6.2 6.3 6.2-6.3c.2-.2.3-.5.3-.7s-.1-.5-.3-.7c-.2-.2-.4-.3-.7-.3h-11c-.3 0-.5.1-.7.3-.2.2-.3.5-.3.7s.1.5.3.7z\"\/><\/svg><\/span><\/span><\/span><\/a><\/span><\/div>\n<nav><ul class='ez-toc-list ez-toc-list-level-1 ' ><li class='ez-toc-page-1 ez-toc-heading-level-2'><a class=\"ez-toc-link ez-toc-heading-1\" href=\"https:\/\/www.mapadehoteis.com.br\/blog\/festas\/como-foi-o-festival-interlagos-2025-veja-os-melhores-momentos\/#Edicao_Motos_adrenalina_e_lancamentos_28_de_maio_a_1o_de_junho\" title=\"Edi\u00e7\u00e3o Motos: adrenalina e lan\u00e7amentos (28 de maio a 1\u00ba de junho)\">Edi\u00e7\u00e3o Motos: adrenalina e lan\u00e7amentos (28 de maio a 1\u00ba de junho)<\/a><\/li><li class='ez-toc-page-1 ez-toc-heading-level-2'><a class=\"ez-toc-link ez-toc-heading-2\" href=\"https:\/\/www.mapadehoteis.com.br\/blog\/festas\/como-foi-o-festival-interlagos-2025-veja-os-melhores-momentos\/#Edicao_Automoveis_luxo_inovacao_e_superesportivos_11_a_15_de_junho\" title=\"Edi\u00e7\u00e3o Autom\u00f3veis: luxo, inova\u00e7\u00e3o e superesportivos (11 a 15 de junho)\">Edi\u00e7\u00e3o Autom\u00f3veis: luxo, inova\u00e7\u00e3o e superesportivos (11 a 15 de junho)<\/a><\/li><li class='ez-toc-page-1 ez-toc-heading-level-2'><a class=\"ez-toc-link ez-toc-heading-3\" href=\"https:\/\/www.mapadehoteis.com.br\/blog\/festas\/como-foi-o-festival-interlagos-2025-veja-os-melhores-momentos\/#Entretenimento_e_cultura_alem_do_motor\" title=\"Entretenimento e cultura: al\u00e9m do motor\">Entretenimento e cultura: al\u00e9m do motor<\/a><\/li><li class='ez-toc-page-1 ez-toc-heading-level-2'><a class=\"ez-toc-link ez-toc-heading-4\" href=\"https:\/\/www.mapadehoteis.com.br\/blog\/festas\/como-foi-o-festival-interlagos-2025-veja-os-melhores-momentos\/#Impacto_e_percepcoes\" title=\"Impacto e percep\u00e7\u00f5es\">Impacto e percep\u00e7\u00f5es<\/a><\/li><\/ul><\/nav><\/div>\n<h2><span class=\"ez-toc-section\" id=\"Edicao_Motos_adrenalina_e_lancamentos_28_de_maio_a_1o_de_junho\"><\/span>Edi\u00e7\u00e3o Motos: adrenalina e lan\u00e7amentos (28 de maio a 1\u00ba de junho)<span class=\"ez-toc-section-end\"><\/span><\/h2>\n<ul>\n<li data-start=\"159\" data-end=\"239\">\n<p data-start=\"161\" data-end=\"239\"><span class=\"relative -mx-px my-[-0.2rem] rounded px-px py-[0.2rem] transition-colors duration-100 ease-in-out\"><strong data-start=\"0\" data-end=\"23\" data-is-only-node=\"\">Abrang\u00eancia in\u00e9dita<\/strong>: exibiu quase todas as marcas em atividade no pa\u00eds, incluindo novatas como Haojue, Moto Morini, CFMoto e Yadea<\/span>.<\/p>\n<\/li>\n<li data-start=\"240\" data-end=\"320\">\n<p data-start=\"242\" data-end=\"320\"><span class=\"relative -mx-px my-[-0.2rem] rounded px-px py-[0.2rem] transition-colors duration-100 ease-in-out\"><strong data-start=\"0\" data-end=\"24\" data-is-only-node=\"\">Test\u2011rides din\u00e2micos<\/strong>: pistas de habilidade, off\u2011road e mobilidade urbana atra\u00edram tanto pilotos experientes quanto iniciantes<\/span>.<\/p>\n<\/li>\n<li data-start=\"321\" data-end=\"401\">\n<p data-start=\"323\" data-end=\"401\"><span class=\"relative -mx-px my-[-0.2rem] rounded px-px py-[0.2rem] transition-colors duration-100 ease-in-out\"><strong data-start=\"0\" data-end=\"15\" data-is-only-node=\"\">Lan\u00e7amentos<\/strong>: cerca de 40 modelos in\u00e9ditos foram apresentados. Marcas como BMW Motorrad aproveitaram para estrear modelos da linha GS no estande<\/span> .<\/p>\n<\/li>\n<li data-start=\"402\" data-end=\"482\">\n<p data-start=\"404\" data-end=\"482\"><span class=\"relative -mx-px my-[-0.2rem] rounded px-px py-[0.2rem] transition-colors duration-100 ease-in-out\"><strong data-start=\"0\" data-end=\"17\" data-is-only-node=\"\">Hist\u00f3ria viva<\/strong>: o Museu Duas Rodas levou 13 motos hist\u00f3ricas, incluindo uma Royal Enfield de 1901, encantando entusiastas<\/span>.<\/p>\n<\/li>\n<li data-start=\"483\" data-end=\"565\">\n<p data-start=\"485\" data-end=\"565\"><span class=\"relative -mx-px my-[-0.2rem] rounded px-px py-[0.2rem] transition-colors duration-100 ease-in-out\"><strong data-start=\"0\" data-end=\"23\" data-is-only-node=\"\">Engajamento recorde<\/strong>: com p\u00fablico estimado entre 150 mil e 200 mil, o n\u00famero surpreendeu positivamente.<\/span><\/p>\n<\/li>\n<\/ul>\n<h2><span class=\"ez-toc-section\" id=\"Edicao_Automoveis_luxo_inovacao_e_superesportivos_11_a_15_de_junho\"><\/span>Edi\u00e7\u00e3o Autom\u00f3veis: luxo, inova\u00e7\u00e3o e superesportivos (11 a 15 de junho)<span class=\"ez-toc-section-end\"><\/span><\/h2>\n<ul>\n<li data-start=\"650\" data-end=\"815\">\n<p data-start=\"652\" data-end=\"815\"><span class=\"relative -mx-px my-[-0.2rem] rounded px-px py-[0.2rem] transition-colors duration-100 ease-in-out\"><strong data-start=\"0\" data-end=\"23\" data-is-only-node=\"\">Expositores de peso<\/strong>: 20 montadoras confirmadas, incluindo BMW, Lexus, Volvo, RAM, Ford, Toyota, Fiat Abarth, BYD e GWM<\/span>. <span class=\"relative -mx-px my-[-0.2rem] rounded px-px py-[0.2rem] transition-colors duration-100 ease-in-out\">A estrutura ocupou 120\u202f000\u202fm\u00b2, representando um crescimento de 20% na \u00e1rea do festival<\/span>.<\/p>\n<\/li>\n<li data-start=\"650\" data-end=\"815\">\n<p data-start=\"652\" data-end=\"815\"><strong data-start=\"0\" data-end=\"26\" data-is-only-node=\"\">Test\u2011drives exclusivos<\/strong>:<\/p>\n<ul data-start=\"860\" data-end=\"1029\">\n<li data-start=\"860\" data-end=\"942\">\n<p data-start=\"862\" data-end=\"942\"><span class=\"relative -mx-px my-[-0.2rem] rounded px-px py-[0.2rem] transition-colors duration-100 ease-in-out\"><strong data-start=\"0\" data-end=\"19\" data-is-only-node=\"\">Superesportivos<\/strong>: Ferrari, Lamborghini, McLaren, Porsche, Nissan GT\u2011R e Corvette, conduzidos por meio da parceria com a Super Carros (RS)<\/span>.<\/p>\n<\/li>\n<li data-start=\"945\" data-end=\"1029\">\n<p data-start=\"947\" data-end=\"1029\"><span class=\"relative -mx-px my-[-0.2rem] rounded px-px py-[0.2rem] transition-colors duration-100 ease-in-out\"><strong data-start=\"0\" data-end=\"25\" data-is-only-node=\"\">Modelos de luxo e EVs<\/strong>: BMW, Porsche, Tesla e SUVs premium ofereceram experi\u00eancias imersivas<\/span>.<\/p>\n<\/li>\n<\/ul>\n<\/li>\n<\/ul>\n<p><img data-recalc-dims=\"1\" loading=\"lazy\" decoding=\"async\" class=\"aligncenter size-large wp-image-6212\" src=\"https:\/\/i0.wp.com\/www.mapadehoteis.com.br\/blog\/wp-content\/uploads\/2025\/06\/kona-hyuindai.jpeg?resize=648%2C299&#038;ssl=1\" alt=\"Novo Kona Hbrid Hyundai\" width=\"648\" height=\"299\" \/><\/p>\n<ul>\n<li data-start=\"1030\" data-end=\"1289\">\n<p data-start=\"1032\" data-end=\"1071\"><span class=\"relative -mx-px my-[-0.2rem] rounded px-px py-[0.2rem] transition-colors duration-100 ease-in-out\"><strong data-start=\"0\" data-end=\"22\" data-is-only-node=\"\">Passe VIP e pre\u00e7os<\/strong>:<\/span><\/p>\n<ul data-start=\"1074\" data-end=\"1289\">\n<li data-start=\"1074\" data-end=\"1115\">\n<p data-start=\"1076\" data-end=\"1115\"><span class=\"relative -mx-px my-[-0.2rem] rounded px-px py-[0.2rem] transition-colors duration-100 ease-in-out\">\u201cStreet Pass\u201d a R$\u202f98.<\/span><\/p>\n<\/li>\n<li data-start=\"1118\" data-end=\"1159\">\n<p data-start=\"1120\" data-end=\"1159\"><span class=\"relative -mx-px my-[-0.2rem] rounded px-px py-[0.2rem] transition-colors duration-100 ease-in-out\">\u201cDrive Pass\u201d a R$\u202f548: tr\u00eas voltas em diferentes carros.<\/span><\/p>\n<\/li>\n<li data-start=\"1162\" data-end=\"1203\">\n<p data-start=\"1164\" data-end=\"1203\"><span class=\"relative -mx-px my-[-0.2rem] rounded px-px py-[0.2rem] transition-colors duration-100 ease-in-out\">\u201cSport Pass\u201d a R$\u202f1.295: voltas em superesportivos + acesso premium.<\/span><\/p>\n<\/li>\n<li data-start=\"1206\" data-end=\"1289\">\n<p data-start=\"1208\" data-end=\"1289\"><span class=\"relative -mx-px my-[-0.2rem] rounded px-px py-[0.2rem] transition-colors duration-100 ease-in-out\">Passes de superesportivo (incluindo F430, 600LT Spider e GT3 RS) custavam at\u00e9 R$\u202f3.950<\/span><\/p>\n<\/li>\n<\/ul>\n<\/li>\n<li data-start=\"1290\" data-end=\"1487\">\n<p data-start=\"1292\" data-end=\"1312\"><strong data-start=\"1292\" data-end=\"1311\">Espa\u00e7os premium<\/strong>:<\/p>\n<ul data-start=\"1315\" data-end=\"1487\">\n<li data-start=\"1315\" data-end=\"1356\">\n<p data-start=\"1317\" data-end=\"1356\"><span class=\"relative -mx-px my-[-0.2rem] rounded px-px py-[0.2rem] transition-colors duration-100 ease-in-out\"><strong data-start=\"0\" data-end=\"25\" data-is-only-node=\"\">Drive Village Premium<\/strong>: \u00e1rea central inspirada na 5th Avenue, NY.<\/span><\/p>\n<\/li>\n<li data-start=\"1359\" data-end=\"1400\">\n<p data-start=\"1361\" data-end=\"1400\"><span class=\"relative -mx-px my-[-0.2rem] rounded px-px py-[0.2rem] transition-colors duration-100 ease-in-out\"><strong data-start=\"0\" data-end=\"14\" data-is-only-node=\"\">VIP Lounge<\/strong> para 2\u202f000 pessoas, com open bar\/food.<\/span><\/p>\n<\/li>\n<li data-start=\"1403\" data-end=\"1487\">\n<p data-start=\"1405\" data-end=\"1487\"><span class=\"relative -mx-px my-[-0.2rem] rounded px-px py-[0.2rem] transition-colors duration-100 ease-in-out\">estacionamento exclusivo de luxo.<\/span><\/p>\n<\/li>\n<\/ul>\n<\/li>\n<li data-start=\"1488\" data-end=\"1570\">\n<p data-start=\"1490\" data-end=\"1570\"><span class=\"relative -mx-px my-[-0.2rem] rounded px-px py-[0.2rem] transition-colors duration-100 ease-in-out\"><strong data-start=\"0\" data-end=\"22\" data-is-only-node=\"\">Estrutura renovada<\/strong>: 98% dos expositores renovaram contratos e 200 marcas estiveram presentes<\/span><\/p>\n<\/li>\n<\/ul>\n<h2><span class=\"ez-toc-section\" id=\"Entretenimento_e_cultura_alem_do_motor\"><\/span>Entretenimento e cultura: al\u00e9m do motor<span class=\"ez-toc-section-end\"><\/span><\/h2>\n<p data-start=\"1624\" data-end=\"1663\"><span class=\"relative -mx-px my-[-0.2rem] rounded px-px py-[0.2rem] transition-colors duration-100 ease-in-out\">O Festival Interlagos tamb\u00e9m ofereceu programa\u00e7\u00e3o musical e gastron\u00f4mica com grande aceita\u00e7\u00e3o:<\/span><\/p>\n<ul data-start=\"1665\" data-end=\"1830\">\n<li data-start=\"1665\" data-end=\"1747\">\n<p data-start=\"1667\" data-end=\"1747\"><span class=\"relative -mx-px my-[-0.2rem] rounded px-px py-[0.2rem] transition-colors duration-100 ease-in-out\">Shows di\u00e1rios com artistas como Seu Jorge, Iza, DJ Liu, Maiara e Maraisa, Ferrugem, Diogo Nogueira e mais.<\/span><\/p>\n<\/li>\n<li data-start=\"1748\" data-end=\"1830\">\n<p data-start=\"1750\" data-end=\"1830\"><span class=\"relative -mx-px my-[-0.2rem] rounded px-px py-[0.2rem] transition-colors duration-100 ease-in-out\">\u00c1rea de conviv\u00eancia diversificada: moda, tecnologia, food\u2011truck, \u00e1rea para tatuagem e ativa\u00e7\u00f5es de lifestyle que ampliaram o apelo do evento<\/span>\u00a0.<\/p>\n<\/li>\n<\/ul>\n<p><img data-recalc-dims=\"1\" loading=\"lazy\" decoding=\"async\" class=\"aligncenter size-large wp-image-6215\" src=\"https:\/\/i0.wp.com\/www.mapadehoteis.com.br\/blog\/wp-content\/uploads\/2025\/06\/maiara-maraisa-festival-interlagos.jpeg?resize=561%2C648&#038;ssl=1\" alt=\"Maiara no Show Festival Interlagos\" width=\"561\" height=\"648\" \/><\/p>\n<h2 data-start=\"1837\" data-end=\"1873\"><span class=\"ez-toc-section\" id=\"Impacto_e_percepcoes\"><\/span>Impacto e percep\u00e7\u00f5es<span class=\"ez-toc-section-end\"><\/span><\/h2>\n<p data-start=\"1902\" data-end=\"1941\"><span class=\"relative -mx-px my-[-0.2rem] rounded px-px py-[0.2rem] transition-colors duration-100 ease-in-out\">Foi estimado 150\u2013200\u202fmil visitantes por etapa totalizando <\/span><span class=\"relative -mx-px my-[-0.2rem] rounded px-px py-[0.2rem] transition-colors duration-100 ease-in-out\">entre 350\u202fmil e 400\u202fmil pessoas em ambos os eventos<\/span>. Tamb\u00e9m foi feito uma r<span class=\"relative -mx-px my-[-0.2rem] rounded px-px py-[0.2rem] transition-colors duration-100 ease-in-out\">emodela\u00e7\u00e3o do formato, que deixou para tr\u00e1s os sal\u00f5es tradicionais, refor\u00e7ando a proposta de experi\u00eancia imersiva e ativa<\/span>. (como o conhecido Sal\u00e3o do Autom\u00f3vel).<\/p>\n<p data-start=\"1902\" data-end=\"1941\">Existe um c<span class=\"relative -mx-px my-[-0.2rem] rounded px-px py-[0.2rem] transition-colors duration-100 ease-in-out\">ontrato com a Prefeitura de S\u00e3o Paulo que assegura o evento no Aut\u00f3dromo at\u00e9 2028, ent\u00e3o certamente em 2026 estaremos l\u00e1!\u00a0<\/span><span class=\"relative -mx-px my-[-0.2rem] rounded px-px py-[0.2rem] transition-colors duration-100 ease-in-out\">Sabemos que para eventos deste porte \u00e9 importante tanto apoio da Prefeitura quanto patroc\u00ednios das montadoras principalmente, para que possam trazer cada vez mais autom\u00f3veis \u00edcones do segmento autobil\u00edstico. Este ano mais de 40% no n\u00famero de expositores e presen\u00e7a de marcas estreantes reafirmaram a confian\u00e7a do mercado<\/span>.<\/p>\n<p data-start=\"1902\" data-end=\"1941\">De modo geral foi um evento muito satisfat\u00f3rio em rela\u00e7\u00e3o \u00e0 estrutura, mediano na organiza\u00e7\u00e3o e alto n\u00edvel na diversidade de autom\u00f3veis e cultura.<\/p>\n<p>&nbsp;<\/p>\n","protected":false},"excerpt":{"rendered":"<p>A edi\u00e7\u00e3o de 2025 do Festival Interlagos consolidou sua posi\u00e7\u00e3o como o maior e mais vibrante evento de experi\u00eancia automotiva do Brasil, reunindo motos, carros, m\u00fasica e inova\u00e7\u00e3o em um s\u00f3 lugar \u2014 o ic\u00f4nico Aut\u00f3dromo de Interlagos, em S\u00e3o Paulo. Com grande estrutura e diversidade de atra\u00e7\u00f5es, o evento aconteceu em duas fases complementares: [&hellip;]<\/p>\n","protected":false},"author":1,"featured_media":6208,"comment_status":"open","ping_status":"open","sticky":false,"template":"","format":"standard","meta":{"_lmt_disableupdate":"no","_lmt_disable":"no","_sitemap_exclude":false,"_sitemap_priority":"","_sitemap_frequency":"","_uf_show_specific_survey":0,"_uf_disable_surveys":false,"footnotes":""},"categories":[344],"tags":[349,1572,1568],"class_list":["post-6207","post","type-post","status-publish","format-standard","has-post-thumbnail","hentry","category-festas","tag-autodromo-interlagos","tag-evento-automobilistico","tag-festival-interlagos"],"modified_by":"Leticia Carvalho","_links":{"self":[{"href":"https:\/\/www.mapadehoteis.com.br\/blog\/wp-json\/wp\/v2\/posts\/6207","targetHints":{"allow":["GET"]}}],"collection":[{"href":"https:\/\/www.mapadehoteis.com.br\/blog\/wp-json\/wp\/v2\/posts"}],"about":[{"href":"https:\/\/www.mapadehoteis.com.br\/blog\/wp-json\/wp\/v2\/types\/post"}],"author":[{"embeddable":true,"href":"https:\/\/www.mapadehoteis.com.br\/blog\/wp-json\/wp\/v2\/users\/1"}],"replies":[{"embeddable":true,"href":"https:\/\/www.mapadehoteis.com.br\/blog\/wp-json\/wp\/v2\/comments?post=6207"}],"version-history":[{"count":6,"href":"https:\/\/www.mapadehoteis.com.br\/blog\/wp-json\/wp\/v2\/posts\/6207\/revisions"}],"predecessor-version":[{"id":6216,"href":"https:\/\/www.mapadehoteis.com.br\/blog\/wp-json\/wp\/v2\/posts\/6207\/revisions\/6216"}],"wp:featuredmedia":[{"embeddable":true,"href":"https:\/\/www.mapadehoteis.com.br\/blog\/wp-json\/wp\/v2\/media\/6208"}],"wp:attachment":[{"href":"https:\/\/www.mapadehoteis.com.br\/blog\/wp-json\/wp\/v2\/media?parent=6207"}],"wp:term":[{"taxonomy":"category","embeddable":true,"href":"https:\/\/www.mapadehoteis.com.br\/blog\/wp-json\/wp\/v2\/categories?post=6207"},{"taxonomy":"post_tag","embeddable":true,"href":"https:\/\/www.mapadehoteis.com.br\/blog\/wp-json\/wp\/v2\/tags?post=6207"}],"curies":[{"name":"wp","href":"https:\/\/api.w.org\/{rel}","templated":true}]}}