{"id":6238,"date":"2026-01-14T11:41:48","date_gmt":"2026-01-14T14:41:48","guid":{"rendered":"https:\/\/www.mapadehoteis.com.br\/blog\/?p=6238"},"modified":"2026-01-14T11:41:48","modified_gmt":"2026-01-14T14:41:48","slug":"praia-grande-vibra-com-o-estacao-verao-show-2025-2026-musica-experiencia-e-ritmo-no-litoral-paulista","status":"publish","type":"post","link":"https:\/\/www.mapadehoteis.com.br\/blog\/festas\/praia-grande-vibra-com-o-estacao-verao-show-2025-2026-musica-experiencia-e-ritmo-no-litoral-paulista\/","title":{"rendered":"Praia Grande vibra com o Esta\u00e7\u00e3o Ver\u00e3o Show 2025\/2026 \u2014 m\u00fasica, experi\u00eancia e ritmo no litoral paulista"},"content":{"rendered":"<div class=\"relative basis-auto flex-col -mb-(--composer-overlap-px) [--composer-overlap-px:28px] grow flex\">\n<div class=\"flex flex-col text-sm pb-25\">\n<article class=\"text-token-text-primary w-full focus:outline-none [--shadow-height:45px] has-data-writing-block:pointer-events-none has-data-writing-block:-mt-(--shadow-height) has-data-writing-block:pt-(--shadow-height) [&amp;:has([data-writing-block])&gt;*]:pointer-events-auto [content-visibility:auto] supports-[content-visibility:auto]:[contain-intrinsic-size:auto_100lvh] scroll-mt-[calc(var(--header-height)+min(200px,max(70px,20svh)))]\" dir=\"auto\" tabindex=\"-1\" data-turn-id=\"80c7d13d-3151-4bea-b590-356bb8dd29ca\" data-testid=\"conversation-turn-8\" data-scroll-anchor=\"true\" data-turn=\"assistant\">\n<div class=\"text-base my-auto mx-auto pb-10 [--thread-content-margin:--spacing(4)] @w-sm\/main:[--thread-content-margin:--spacing(6)] @w-lg\/main:[--thread-content-margin:--spacing(16)] px-(--thread-content-margin)\">\n<div class=\"[--thread-content-max-width:40rem] @w-lg\/main:[--thread-content-max-width:48rem] mx-auto max-w-(--thread-content-max-width) flex-1 group\/turn-messages focus-visible:outline-hidden relative flex w-full min-w-0 flex-col agent-turn\" tabindex=\"-1\">\n<div class=\"flex max-w-full flex-col grow\">\n<div class=\"min-h-8 text-message relative flex w-full flex-col items-end gap-2 text-start break-words whitespace-normal [.text-message+&amp;]:mt-1\" dir=\"auto\" data-message-author-role=\"assistant\" data-message-id=\"2b5d462b-7867-4a4d-8f56-35e66232e87f\" data-message-model-slug=\"gpt-5-2\">\n<div class=\"flex w-full flex-col gap-1 empty:hidden first:pt-[1px]\">\n<div class=\"markdown prose dark:prose-invert w-full break-words light markdown-new-styling\">\n<p data-start=\"932\" data-end=\"1441\">O ver\u00e3o 2025\/2026 chega com tudo \u2014 e Praia Grande, no litoral de S\u00e3o Paulo, j\u00e1 entrou de cabe\u00e7a na esta\u00e7\u00e3o mais quente do ano. Com suas praias, clima tropical e lifestyle descontra\u00eddo, a cidade se consolida mais uma vez como destino imperd\u00edvel de famoso trio sol, mar e cultura. E neste cen\u00e1rio vibrante, o <strong data-start=\"1236\" data-end=\"1258\">Esta\u00e7\u00e3o Ver\u00e3o Show<\/strong> se firma como um dos maiores festivais musicais do Brasil, reunindo grandes artistas e milhares de f\u00e3s em uma programa\u00e7\u00e3o diversa e emocionante.<\/p>\n<p data-start=\"1443\" data-end=\"1950\">Promovido pela <strong data-start=\"1458\" data-end=\"1488\">Prefeitura de Praia Grande<\/strong>, o Esta\u00e7\u00e3o Ver\u00e3o Show acontece no <strong data-start=\"1523\" data-end=\"1547\">Kart\u00f3dromo Municipal<\/strong> \u2014 espa\u00e7o j\u00e1 tradicional para m\u00fasica e eventos na regi\u00e3o \u2014 e traz uma s\u00e9rie de shows que refletem o melhor da m\u00fasica nacional, com ritmos que v\u00e3o do sertanejo e pagode ao pop, trap e ax\u00e9. A expectativa \u00e9 de p\u00fablico recorde, com visitantes de v\u00e1rios estados brasileiros e at\u00e9 de pa\u00edses vizinhos, consolidando a cidade como um dos polos culturais do litoral paulista.<\/p>\n<h3 data-start=\"1952\" data-end=\"1999\">Um ver\u00e3o de encontros e experi\u00eancia musical<\/h3>\n<p data-start=\"2001\" data-end=\"2454\">O Esta\u00e7\u00e3o Ver\u00e3o Show j\u00e1 come\u00e7ou a agitar a cidade desde <strong data-start=\"2057\" data-end=\"2083\">20 de dezembro de 2025<\/strong> e segue at\u00e9 <strong data-start=\"2096\" data-end=\"2121\">31 de janeiro de 2026<\/strong>, oferecendo noites de shows que t\u00eam atra\u00eddo multid\u00f5es ao Kart\u00f3dromo Municipal. Em um clima que mistura festa, cultura e a energia contagiante do ver\u00e3o, o festival tem sido palco para encontros entre gera\u00e7\u00f5es \u2014 jovens, adultos e fam\u00edlias inteiras aproveitando momentos inesquec\u00edveis \u00e0 beira-mar.<\/p>\n<p data-start=\"2456\" data-end=\"2785\">A programa\u00e7\u00e3o traz nomes consagrados da m\u00fasica brasileira, com artistas que marcaram diferentes estilos ao longo das d\u00e9cadas, al\u00e9m de talentos que dominam as paradas atuais. Essa diversidade musical transforma Praia Grande em um verdadeiro mosaico de ritmos, hist\u00f3rias e experi\u00eancias \u00fanicas.<\/p>\n<p data-start=\"2456\" data-end=\"2785\"><img data-recalc-dims=\"1\" loading=\"lazy\" decoding=\"async\" class=\"aligncenter  wp-image-6240\" src=\"https:\/\/i0.wp.com\/www.mapadehoteis.com.br\/blog\/wp-content\/uploads\/2026\/01\/estacao-verao-show-2026.jpeg?resize=326%2C410&#038;ssl=1\" alt=\"esta\u00e7\u00e3o ver\u00e3o show 2026\" width=\"326\" height=\"410\" srcset=\"https:\/\/i0.wp.com\/www.mapadehoteis.com.br\/blog\/wp-content\/uploads\/2026\/01\/estacao-verao-show-2026.jpeg?resize=515%2C648&amp;ssl=1 515w, https:\/\/i0.wp.com\/www.mapadehoteis.com.br\/blog\/wp-content\/uploads\/2026\/01\/estacao-verao-show-2026.jpeg?resize=239%2C300&amp;ssl=1 239w, https:\/\/i0.wp.com\/www.mapadehoteis.com.br\/blog\/wp-content\/uploads\/2026\/01\/estacao-verao-show-2026.jpeg?resize=768%2C966&amp;ssl=1 768w, https:\/\/i0.wp.com\/www.mapadehoteis.com.br\/blog\/wp-content\/uploads\/2026\/01\/estacao-verao-show-2026.jpeg?resize=150%2C189&amp;ssl=1 150w, https:\/\/i0.wp.com\/www.mapadehoteis.com.br\/blog\/wp-content\/uploads\/2026\/01\/estacao-verao-show-2026.jpeg?w=1080&amp;ssl=1 1080w\" sizes=\"auto, (max-width: 326px) 100vw, 326px\" \/><\/p>\n<h3 data-start=\"2787\" data-end=\"2815\">Destaques da programa\u00e7\u00e3o<\/h3>\n<p data-start=\"2817\" data-end=\"2934\">Ao longo de mais de um m\u00eas de shows, o Esta\u00e7\u00e3o Ver\u00e3o Show reuniu e continua reunindo atra\u00e7\u00f5es para todos os gostos:<\/p>\n<ul data-start=\"2935\" data-end=\"4003\">\n<li data-start=\"2935\" data-end=\"3069\">\n<p data-start=\"2937\" data-end=\"3069\"><strong data-start=\"2937\" data-end=\"2946\">20\/12<\/strong> \u2013 Chit\u00e3ozinho &amp; Xoror\u00f3 e Leonardo: abertura com grandes nomes da m\u00fasica sertaneja.<\/p>\n<\/li>\n<li data-start=\"3070\" data-end=\"3240\">\n<p data-start=\"3072\" data-end=\"3240\"><strong data-start=\"3072\" data-end=\"3086\">26 e 27\/12<\/strong> \u2013 Daniel, Wesley Safad\u00e3o, Roupa Nova e Caetano Veloso: um fim de semana que mistura sertanejo, forr\u00f3, rock e MPB.<\/p>\n<\/li>\n<li data-start=\"3241\" data-end=\"3404\">\n<p data-start=\"3243\" data-end=\"3404\"><strong data-start=\"3243\" data-end=\"3257\">02 e 03\/01<\/strong> \u2013 MC Hariel, MC Ryan SP, Gusttavo Lima, Ana Castela e Thiaguinho: funk, sertanejo e samba num mesmo palco.<\/p>\n<\/li>\n<li data-start=\"3405\" data-end=\"3535\">\n<p data-start=\"3407\" data-end=\"3535\"><strong data-start=\"3407\" data-end=\"3421\">09 e 10\/01<\/strong> \u2013 Pablo, Belo, Wiu, Teto e Matu\u00ea: pagode e trap dominando a cena musical.<\/p>\n<\/li>\n<li data-start=\"3536\" data-end=\"3687\">\n<p data-start=\"3538\" data-end=\"3687\"><strong data-start=\"3538\" data-end=\"3552\">17 e 18\/01<\/strong> \u2013 Ludmilla, Ivete Sangalo, Henry Freitas e Jorge &amp; Mateus: pop, ax\u00e9 e sertanejo apaixonante.<\/p>\n<\/li>\n<li data-start=\"3688\" data-end=\"3842\">\n<p data-start=\"3690\" data-end=\"3842\"><strong data-start=\"3690\" data-end=\"3704\">23 e 24\/01<\/strong> \u2013 Pabllo Vittar, Pedro Sampaio, Marina Sena e Mari Fernandez: batidas eletr\u00f4nicas, pop e forr\u00f3.<\/p>\n<\/li>\n<li data-start=\"3843\" data-end=\"4003\">\n<p data-start=\"3845\" data-end=\"4003\"><strong data-start=\"3845\" data-end=\"3859\">30 e 31\/01<\/strong> \u2013 Xand Avi\u00e3o, Sorriso Maroto, Marisa Monte e Jo\u00e3o Gomes: encerramento com samba, forr\u00f3 e MPB no auge.<\/p>\n<\/li>\n<\/ul>\n<p data-start=\"4005\" data-end=\"4146\">\u2026 entre muitos outros nomes que passaram ou ainda passam pelo palco do festival at\u00e9 o fim de janeiro.<\/p>\n<h3 data-start=\"4148\" data-end=\"4202\">Praia Grande: cultura, sol e lifestyle \u00e0 beira-mar<\/h3>\n<p data-start=\"4204\" data-end=\"4594\">Praia Grande n\u00e3o \u00e9 s\u00f3 palco de grandes shows \u2014 sua orla convidativa e infraestrutura de lazer, convida o p\u00fablico a prolongar a experi\u00eancia do festival al\u00e9m da m\u00fasica. \u00c9 uma cidade que respira ver\u00e3o: passeios \u00e0 tarde, encontros ao p\u00f4r do sol, esportes na areia, gastronomia local e aquela vibe de f\u00e9rias que todo jovem (e toda fam\u00edlia!) busca durante dezembro e janeiro.<\/p>\n<p data-start=\"4596\" data-end=\"4907\">E enquanto o Esta\u00e7\u00e3o Ver\u00e3o Show pulsa com altas vibra\u00e7\u00f5es no Kart\u00f3dromo Municipal, outros espa\u00e7os da cidade tamb\u00e9m ganham vida com atividades ao ar livre, projetos culturais e experi\u00eancias que transformam o litoral paulista num destino vibrante e completo para as f\u00e9rias.<\/p>\n<h3 data-start=\"4909\" data-end=\"4948\">Bora garantir o ingresso e viver o ver\u00e3o<\/h3>\n<p data-start=\"4950\" data-end=\"5312\">Para quem ainda quer fazer parte dessa experi\u00eancia \u00fanica de m\u00fasica e ver\u00e3o, os <strong data-start=\"5029\" data-end=\"5057\">ingressos seguem \u00e0 venda<\/strong>. A compra pode ser feita diretamente pela plataforma oficial de vendas do evento \u2014 <strong data-start=\"5141\" data-end=\"5153\">IGEL Web<\/strong> \u2014 com op\u00e7\u00f5es que v\u00e3o desde pista at\u00e9 \u00e1reas especiais e camarotes, para voc\u00ea escolher o seu jeito de curtir o festival.<\/p>\n<p data-start=\"5314\" data-end=\"5480\">&#x1f3ab; <strong data-start=\"5317\" data-end=\"5417\">Garanta j\u00e1 o seu ingresso e venha sentir toda a energia do Esta\u00e7\u00e3o Ver\u00e3o Show em Praia Grande! \u2014<\/strong> <a class=\"decorated-link\" href=\"https:\/\/www.estacaoveraopg.com.br?utm_source=chatgpt.com\" target=\"_new\" rel=\"noopener\" data-start=\"5418\" data-end=\"5478\">Compre aqui no IGEL Web<\/a><\/p>\n<p data-start=\"5482\" data-end=\"5724\">Com sua paisagem natural, clima acolhedor e programa\u00e7\u00e3o de peso, Praia Grande prova que, quando o ver\u00e3o chama, ela responde com m\u00fasica, estilo e aquele ritmo que faz todo mundo querer ficar mais um dia.<\/p>\n<\/div>\n<\/div>\n<\/div>\n<\/div>\n<div class=\"z-0 flex min-h-[46px] justify-start\"><\/div>\n<\/div>\n<\/div>\n<\/article>\n<\/div>\n<\/div>\n","protected":false},"excerpt":{"rendered":"<p>O ver\u00e3o 2025\/2026 chega com tudo \u2014 e Praia Grande, no litoral de S\u00e3o Paulo, j\u00e1 entrou de cabe\u00e7a na esta\u00e7\u00e3o mais quente do ano. Com suas praias, clima tropical e lifestyle descontra\u00eddo, a cidade se consolida mais uma vez como destino imperd\u00edvel de famoso trio sol, mar e cultura. E neste cen\u00e1rio vibrante, o [&hellip;]<\/p>\n","protected":false},"author":1,"featured_media":6239,"comment_status":"open","ping_status":"open","sticky":false,"template":"","format":"standard","meta":{"_lmt_disableupdate":"","_lmt_disable":"","_sitemap_exclude":false,"_sitemap_priority":"","_sitemap_frequency":"","_uf_show_specific_survey":0,"_uf_disable_surveys":false,"footnotes":""},"categories":[344],"tags":[341,1646,427,1648],"class_list":["post-6238","post","type-post","status-publish","format-standard","has-post-thumbnail","hentry","category-festas","tag-festival","tag-festival-verao","tag-shows","tag-verao"],"modified_by":"Leticia Carvalho","_links":{"self":[{"href":"https:\/\/www.mapadehoteis.com.br\/blog\/wp-json\/wp\/v2\/posts\/6238","targetHints":{"allow":["GET"]}}],"collection":[{"href":"https:\/\/www.mapadehoteis.com.br\/blog\/wp-json\/wp\/v2\/posts"}],"about":[{"href":"https:\/\/www.mapadehoteis.com.br\/blog\/wp-json\/wp\/v2\/types\/post"}],"author":[{"embeddable":true,"href":"https:\/\/www.mapadehoteis.com.br\/blog\/wp-json\/wp\/v2\/users\/1"}],"replies":[{"embeddable":true,"href":"https:\/\/www.mapadehoteis.com.br\/blog\/wp-json\/wp\/v2\/comments?post=6238"}],"version-history":[{"count":1,"href":"https:\/\/www.mapadehoteis.com.br\/blog\/wp-json\/wp\/v2\/posts\/6238\/revisions"}],"predecessor-version":[{"id":6241,"href":"https:\/\/www.mapadehoteis.com.br\/blog\/wp-json\/wp\/v2\/posts\/6238\/revisions\/6241"}],"wp:featuredmedia":[{"embeddable":true,"href":"https:\/\/www.mapadehoteis.com.br\/blog\/wp-json\/wp\/v2\/media\/6239"}],"wp:attachment":[{"href":"https:\/\/www.mapadehoteis.com.br\/blog\/wp-json\/wp\/v2\/media?parent=6238"}],"wp:term":[{"taxonomy":"category","embeddable":true,"href":"https:\/\/www.mapadehoteis.com.br\/blog\/wp-json\/wp\/v2\/categories?post=6238"},{"taxonomy":"post_tag","embeddable":true,"href":"https:\/\/www.mapadehoteis.com.br\/blog\/wp-json\/wp\/v2\/tags?post=6238"}],"curies":[{"name":"wp","href":"https:\/\/api.w.org\/{rel}","templated":true}]}}