{"id":752,"date":"2023-08-03T13:49:35","date_gmt":"2023-08-03T16:49:35","guid":{"rendered":"http:\/\/www.mapadehoteis.com.br\/blog\/?p=752"},"modified":"2025-01-01T16:39:14","modified_gmt":"2025-01-01T19:39:14","slug":"quando-eh-o-proximo-carnaval-confira-a-data-do-carnaval","status":"publish","type":"post","link":"https:\/\/www.mapadehoteis.com.br\/blog\/carnaval\/quando-eh-o-proximo-carnaval-confira-a-data-do-carnaval\/","title":{"rendered":"Quando eh o Pr\u00f3ximo Carnaval? Confira a Data do Carnaval 2025"},"content":{"rendered":"<p>Voc\u00ea que est\u00e1 j\u00e1 come\u00e7ando a planejar onde passar o carnaval saiba que o primeiro passo \u00e9 saber a quando!<\/p>\n<p>O carnaval sempre vem 47 dias antes da p\u00e1scoa. A P\u00e1scoa \u00e9 uma comemora\u00e7\u00e3o que se originou do povo hebreu (judaico) em homenagem ao renascimento, ressurrei\u00e7\u00e3o de Jesus Cristo. Esta festividade possui data m\u00f3vel, pois ela foi criada seguindo o calend\u00e1rio judeu, que se orienta pelas fases da lua. Sendo assim, foi estabelecida uma data para a p\u00e1scoa: o primeiro domingo ap\u00f3s o aparecimento da lua cheia. Podemos dizer certamente que a p\u00e1scoa sempre acontece entre os dias 22 de mar\u00e7o e 25 de abril.<\/p>\n<p>&nbsp;<\/p>\n<div>\n<h1><strong>Datas do Carnaval 2025<\/strong><\/h1>\n<p>Tanto o carnaval quanto todos os feriados eclesi\u00e1sticos s\u00e3o calculados em fun\u00e7\u00e3o da data da P\u00e1scoa, com exce\u00e7\u00e3o do Natal. Em <strong>2025<\/strong> o carnaval cai nos dias 1, 2, 3 e 4 de mar\u00e7o. Lembrem-se meus amigos que para n\u00f3s que amamos estas festividades o carnaval come\u00e7a na sexta-feira\u00a0 &#8230;ou para os amantes incondicionais j\u00e1 \u00e9 carnaval! \ud83d\ude42<\/p>\n<h1><strong>Quando ser\u00e1 o Pr\u00e9-Carnaval de S\u00e3o Paulo?<\/strong><\/h1>\n<p>Para voc\u00ea que curte o <strong><a href=\"https:\/\/www.mapadehoteis.com.br\/blog\/carnaval\/carnaval-em-sao-paulo-confira-atracoes-e-onde-se-hospedar\/\">carnaval de S\u00e3o Paulo<\/a>,\u00a0<\/strong>j\u00e1 pode ir se preparando para os bloquinhos de pr\u00e9-carnaval! Segundo a prefeitura ser\u00e3o em torno de 600 <strong>desfiles de rua<\/strong> ao longo dos oito dias.<\/p>\n<p>O pr\u00e9-carnaval de rua est\u00e1 marcado para os dias <b>22 e 23 de fevereiro<\/b>, e o carnaval, de 1\u00ba a 4 de mar\u00e7o.<\/p>\n<p>Os blocos maiores costumam se concentrar na regi\u00e3o de Pinheiros, Consola\u00e7\u00e3o (Augusta), Av. Paulista, Faria Lima, Penha e Vila Madalena. Alguns Blocos esperados s\u00e3o <a href=\"https:\/\/www.mapadehoteis.com.br\/blog\/carnaval\/bloco-sargento-p\u2026val-em-sao-paulo\/\"><strong>Sargento Pimenta e Bangalafumenga<\/strong><\/a>, Bicho Maluco Beleza, de Alceu Valen\u00e7a, e o bloco Afro Il\u00fa Ob\u00e1 de Min.<\/p>\n<h2 class=\"sc-1761b25b-0 kAULtx headline-small\">Quando ser\u00e3o os desfiles das escolas de samba de S\u00e3o Paulo?<\/h2>\n<p><span class=\"sc-1761b25b-0 kAULtx body-extra-large is_emphasis\">Os desfiles das\u00a0<strong>escolas de samba<\/strong> acontecer\u00e3o no Samb\u00f3dromo do Anhembi e j\u00e1 est\u00e3o previstos para os dias 8 e 9 de mar\u00e7o de 2025.\u00a0<\/span><\/p>\n<div id=\"ads_2\">\n<section class=\"sc-197538e0-2 kFEkUi\">\n<div class=\"sc-197538e0-3 LGvxt\">\n<div class=\"sc-197538e0-4 cvKOzq\"><\/div>\n<\/div>\n<\/section>\n<\/div>\n<\/div>\n","protected":false},"excerpt":{"rendered":"<p>Voc\u00ea que est\u00e1 j\u00e1 come\u00e7ando a planejar onde passar o carnaval saiba que o primeiro passo \u00e9 saber a quando! O carnaval sempre vem 47 dias antes da p\u00e1scoa. A P\u00e1scoa \u00e9 uma comemora\u00e7\u00e3o que se originou do povo hebreu (judaico) em homenagem ao renascimento, ressurrei\u00e7\u00e3o de Jesus Cristo. Esta festividade possui data m\u00f3vel, pois [&hellip;]<\/p>\n","protected":false},"author":1,"featured_media":853,"comment_status":"open","ping_status":"open","sticky":false,"template":"","format":"standard","meta":{"_lmt_disableupdate":"","_lmt_disable":"","_sitemap_exclude":false,"_sitemap_priority":"","_sitemap_frequency":"","_uf_show_specific_survey":0,"_uf_disable_surveys":false,"footnotes":""},"categories":[154],"tags":[516,1290],"class_list":["post-752","post","type-post","status-publish","format-standard","has-post-thumbnail","hentry","category-carnaval","tag-blocos-de-carnaval","tag-carnaval"],"modified_by":"Leticia Carvalho","_links":{"self":[{"href":"https:\/\/www.mapadehoteis.com.br\/blog\/wp-json\/wp\/v2\/posts\/752","targetHints":{"allow":["GET"]}}],"collection":[{"href":"https:\/\/www.mapadehoteis.com.br\/blog\/wp-json\/wp\/v2\/posts"}],"about":[{"href":"https:\/\/www.mapadehoteis.com.br\/blog\/wp-json\/wp\/v2\/types\/post"}],"author":[{"embeddable":true,"href":"https:\/\/www.mapadehoteis.com.br\/blog\/wp-json\/wp\/v2\/users\/1"}],"replies":[{"embeddable":true,"href":"https:\/\/www.mapadehoteis.com.br\/blog\/wp-json\/wp\/v2\/comments?post=752"}],"version-history":[{"count":23,"href":"https:\/\/www.mapadehoteis.com.br\/blog\/wp-json\/wp\/v2\/posts\/752\/revisions"}],"predecessor-version":[{"id":5545,"href":"https:\/\/www.mapadehoteis.com.br\/blog\/wp-json\/wp\/v2\/posts\/752\/revisions\/5545"}],"wp:featuredmedia":[{"embeddable":true,"href":"https:\/\/www.mapadehoteis.com.br\/blog\/wp-json\/wp\/v2\/media\/853"}],"wp:attachment":[{"href":"https:\/\/www.mapadehoteis.com.br\/blog\/wp-json\/wp\/v2\/media?parent=752"}],"wp:term":[{"taxonomy":"category","embeddable":true,"href":"https:\/\/www.mapadehoteis.com.br\/blog\/wp-json\/wp\/v2\/categories?post=752"},{"taxonomy":"post_tag","embeddable":true,"href":"https:\/\/www.mapadehoteis.com.br\/blog\/wp-json\/wp\/v2\/tags?post=752"}],"curies":[{"name":"wp","href":"https:\/\/api.w.org\/{rel}","templated":true}]}}