{"id":781,"date":"2025-02-06T11:20:02","date_gmt":"2025-02-06T14:20:02","guid":{"rendered":"http:\/\/www.mapadehoteis.com.br\/blog\/?p=781"},"modified":"2025-02-26T18:42:48","modified_gmt":"2025-02-26T21:42:48","slug":"bloco-do-pijama-onde-se-hospedar-no-carnaval-de-sao-lourenco-mg","status":"publish","type":"post","link":"https:\/\/www.mapadehoteis.com.br\/blog\/carnaval\/bloco-do-pijama-onde-se-hospedar-no-carnaval-de-sao-lourenco-mg\/","title":{"rendered":"Carnaval S\u00e3o Louren\u00e7o 2025: Confira os Blocos e Hot\u00e9is"},"content":{"rendered":"<p>Voc\u00ea conhece ou j\u00e1 ouviu falar do Bloco do Pijama? Este \u00e9 o bloco de rua mais tradicional do Carnaval de S\u00e3o Louren\u00e7o. Neste artigo voc\u00ea vai encontrar tudo o que precisa saber sobre a programa\u00e7\u00e3o e dicas de hospedagem para curtir a folia da melhor maneira, que come\u00e7a no dia 27 com o Grito de Carnaval da Wenceslau.<\/p>\n<p>S\u00e3o Louren\u00e7o \u00e9 uma cidade tur\u00edstica localizada no sul de Minas Gerais, \u00e9 bem pequena, cerca de 40 mil habitantes. Ela faz parte do Circuito das \u00c1guas e \u00e9 considerada uma das principais est\u00e2ncias hidrominerais do Brasil. Voc\u00ea deve conhecer a garrafinha de \u00e1gua mineral da Nestl\u00e9&#8230;<\/p>\n<div id='gallery-1' class='gallery galleryid-781 gallery-columns-4 gallery-size-thumbnail'><figure class='gallery-item'>\n\t\t\t<div class='gallery-icon portrait'>\n\t\t\t\t<a href='https:\/\/www.mapadehoteis.com.br\/blog\/dsc01443\/'><img loading=\"lazy\" decoding=\"async\" width=\"150\" height=\"150\" src=\"https:\/\/i0.wp.com\/www.mapadehoteis.com.br\/blog\/wp-content\/uploads\/2009\/08\/DSC01443.JPG?resize=150%2C150&amp;ssl=1\" class=\"attachment-thumbnail size-thumbnail\" alt=\"\" aria-describedby=\"gallery-1-4\" srcset=\"https:\/\/i0.wp.com\/www.mapadehoteis.com.br\/blog\/wp-content\/uploads\/2009\/08\/DSC01443.JPG?resize=150%2C150&amp;ssl=1 150w, https:\/\/i0.wp.com\/www.mapadehoteis.com.br\/blog\/wp-content\/uploads\/2009\/08\/DSC01443.JPG?zoom=2&amp;resize=150%2C150&amp;ssl=1 300w, https:\/\/i0.wp.com\/www.mapadehoteis.com.br\/blog\/wp-content\/uploads\/2009\/08\/DSC01443.JPG?zoom=3&amp;resize=150%2C150&amp;ssl=1 450w\" sizes=\"auto, (max-width: 150px) 100vw, 150px\" \/><\/a>\n\t\t\t<\/div>\n\t\t\t\t<figcaption class='wp-caption-text gallery-caption' id='gallery-1-4'>\n\t\t\t\tFonte de agua mineral\n\t\t\t\t<\/figcaption><\/figure><figure class='gallery-item'>\n\t\t\t<div class='gallery-icon portrait'>\n\t\t\t\t<a href='https:\/\/www.mapadehoteis.com.br\/blog\/carnaval\/bloco-do-pijama-onde-se-hospedar-no-carnaval-de-sao-lourenco-mg\/attachment\/sao-lourenco-parque\/'><img loading=\"lazy\" decoding=\"async\" width=\"150\" height=\"150\" src=\"https:\/\/i0.wp.com\/www.mapadehoteis.com.br\/blog\/wp-content\/uploads\/2020\/01\/sao-lourenco-parque.jpeg?resize=150%2C150&amp;ssl=1\" class=\"attachment-thumbnail size-thumbnail\" alt=\"lago dentro do parque das \u00e1guas sao lourenco\" srcset=\"https:\/\/i0.wp.com\/www.mapadehoteis.com.br\/blog\/wp-content\/uploads\/2020\/01\/sao-lourenco-parque.jpeg?resize=150%2C150&amp;ssl=1 150w, https:\/\/i0.wp.com\/www.mapadehoteis.com.br\/blog\/wp-content\/uploads\/2020\/01\/sao-lourenco-parque.jpeg?resize=60%2C60&amp;ssl=1 60w, https:\/\/i0.wp.com\/www.mapadehoteis.com.br\/blog\/wp-content\/uploads\/2020\/01\/sao-lourenco-parque.jpeg?resize=96%2C96&amp;ssl=1 96w, https:\/\/i0.wp.com\/www.mapadehoteis.com.br\/blog\/wp-content\/uploads\/2020\/01\/sao-lourenco-parque.jpeg?zoom=2&amp;resize=150%2C150&amp;ssl=1 300w, https:\/\/i0.wp.com\/www.mapadehoteis.com.br\/blog\/wp-content\/uploads\/2020\/01\/sao-lourenco-parque.jpeg?zoom=3&amp;resize=150%2C150&amp;ssl=1 450w\" sizes=\"auto, (max-width: 150px) 100vw, 150px\" \/><\/a>\n\t\t\t<\/div><\/figure><figure class='gallery-item'>\n\t\t\t<div class='gallery-icon portrait'>\n\t\t\t\t<a href='https:\/\/www.mapadehoteis.com.br\/blog\/carnaval\/bloco-do-pijama-onde-se-hospedar-no-carnaval-de-sao-lourenco-mg\/attachment\/sao-lourenco\/'><img loading=\"lazy\" decoding=\"async\" width=\"150\" height=\"150\" src=\"https:\/\/i0.wp.com\/www.mapadehoteis.com.br\/blog\/wp-content\/uploads\/2020\/01\/sao-lourenco.jpeg?resize=150%2C150&amp;ssl=1\" class=\"attachment-thumbnail size-thumbnail\" alt=\"restaurante dentro do parque das \u00e1guas sao lourenco\" srcset=\"https:\/\/i0.wp.com\/www.mapadehoteis.com.br\/blog\/wp-content\/uploads\/2020\/01\/sao-lourenco.jpeg?resize=150%2C150&amp;ssl=1 150w, https:\/\/i0.wp.com\/www.mapadehoteis.com.br\/blog\/wp-content\/uploads\/2020\/01\/sao-lourenco.jpeg?resize=60%2C60&amp;ssl=1 60w, https:\/\/i0.wp.com\/www.mapadehoteis.com.br\/blog\/wp-content\/uploads\/2020\/01\/sao-lourenco.jpeg?resize=96%2C96&amp;ssl=1 96w, https:\/\/i0.wp.com\/www.mapadehoteis.com.br\/blog\/wp-content\/uploads\/2020\/01\/sao-lourenco.jpeg?zoom=2&amp;resize=150%2C150&amp;ssl=1 300w, https:\/\/i0.wp.com\/www.mapadehoteis.com.br\/blog\/wp-content\/uploads\/2020\/01\/sao-lourenco.jpeg?zoom=3&amp;resize=150%2C150&amp;ssl=1 450w\" sizes=\"auto, (max-width: 150px) 100vw, 150px\" \/><\/a>\n\t\t\t<\/div><\/figure><figure class='gallery-item'>\n\t\t\t<div class='gallery-icon landscape'>\n\t\t\t\t<a href='https:\/\/www.mapadehoteis.com.br\/blog\/turismo\/sao-lourenco-pontos-turisticos-e-hospedagens\/attachment\/fonte-vichy-sao-lourenco\/'><img loading=\"lazy\" decoding=\"async\" width=\"150\" height=\"150\" src=\"https:\/\/i0.wp.com\/www.mapadehoteis.com.br\/blog\/wp-content\/uploads\/2015\/06\/fonte-vichy-sao-lourenco.jpg?resize=150%2C150&amp;ssl=1\" class=\"attachment-thumbnail size-thumbnail\" alt=\"fonte vichy s\u00e3o louren\u00e7o\" srcset=\"https:\/\/i0.wp.com\/www.mapadehoteis.com.br\/blog\/wp-content\/uploads\/2015\/06\/fonte-vichy-sao-lourenco.jpg?resize=150%2C150&amp;ssl=1 150w, https:\/\/i0.wp.com\/www.mapadehoteis.com.br\/blog\/wp-content\/uploads\/2015\/06\/fonte-vichy-sao-lourenco.jpg?resize=60%2C60&amp;ssl=1 60w, https:\/\/i0.wp.com\/www.mapadehoteis.com.br\/blog\/wp-content\/uploads\/2015\/06\/fonte-vichy-sao-lourenco.jpg?zoom=2&amp;resize=150%2C150&amp;ssl=1 300w, https:\/\/i0.wp.com\/www.mapadehoteis.com.br\/blog\/wp-content\/uploads\/2015\/06\/fonte-vichy-sao-lourenco.jpg?zoom=3&amp;resize=150%2C150&amp;ssl=1 450w\" sizes=\"auto, (max-width: 150px) 100vw, 150px\" \/><\/a>\n\t\t\t<\/div><\/figure>\n\t\t<\/div>\n\n<div id=\"ez-toc-container\" class=\"ez-toc-v2_0_73 counter-hierarchy ez-toc-counter ez-toc-grey ez-toc-container-direction\">\n<div class=\"ez-toc-title-container\">\n<p class=\"ez-toc-title\" style=\"cursor:inherit\">Sum\u00e1rio<\/p>\n<span class=\"ez-toc-title-toggle\"><a href=\"#\" class=\"ez-toc-pull-right ez-toc-btn ez-toc-btn-xs ez-toc-btn-default ez-toc-toggle\" aria-label=\"Alternar tabela de conte\u00fado\"><span class=\"ez-toc-js-icon-con\"><span class=\"\"><span class=\"eztoc-hide\" style=\"display:none;\">Toggle<\/span><span class=\"ez-toc-icon-toggle-span\"><svg style=\"fill: #999;color:#999\" xmlns=\"http:\/\/www.w3.org\/2000\/svg\" class=\"list-377408\" width=\"20px\" height=\"20px\" viewBox=\"0 0 24 24\" fill=\"none\"><path d=\"M6 6H4v2h2V6zm14 0H8v2h12V6zM4 11h2v2H4v-2zm16 0H8v2h12v-2zM4 16h2v2H4v-2zm16 0H8v2h12v-2z\" fill=\"currentColor\"><\/path><\/svg><svg style=\"fill: #999;color:#999\" class=\"arrow-unsorted-368013\" xmlns=\"http:\/\/www.w3.org\/2000\/svg\" width=\"10px\" height=\"10px\" viewBox=\"0 0 24 24\" version=\"1.2\" baseProfile=\"tiny\"><path d=\"M18.2 9.3l-6.2-6.3-6.2 6.3c-.2.2-.3.4-.3.7s.1.5.3.7c.2.2.4.3.7.3h11c.3 0 .5-.1.7-.3.2-.2.3-.5.3-.7s-.1-.5-.3-.7zM5.8 14.7l6.2 6.3 6.2-6.3c.2-.2.3-.5.3-.7s-.1-.5-.3-.7c-.2-.2-.4-.3-.7-.3h-11c-.3 0-.5.1-.7.3-.2.2-.3.5-.3.7s.1.5.3.7z\"\/><\/svg><\/span><\/span><\/span><\/a><\/span><\/div>\n<nav><ul class='ez-toc-list ez-toc-list-level-1 ' ><li class='ez-toc-page-1 ez-toc-heading-level-2'><a class=\"ez-toc-link ez-toc-heading-1\" href=\"https:\/\/www.mapadehoteis.com.br\/blog\/carnaval\/bloco-do-pijama-onde-se-hospedar-no-carnaval-de-sao-lourenco-mg\/#Programacao_Carnaval_das_Aguas_Sao_Lourenco_2025\" title=\"Programa\u00e7\u00e3o Carnaval das \u00c1guas S\u00e3o Louren\u00e7o 2025\">Programa\u00e7\u00e3o Carnaval das \u00c1guas S\u00e3o Louren\u00e7o 2025<\/a><\/li><li class='ez-toc-page-1 ez-toc-heading-level-2'><a class=\"ez-toc-link ez-toc-heading-2\" href=\"https:\/\/www.mapadehoteis.com.br\/blog\/carnaval\/bloco-do-pijama-onde-se-hospedar-no-carnaval-de-sao-lourenco-mg\/#Bloco_do_Pijama_2025\" title=\"Bloco do Pijama 2025\">Bloco do Pijama 2025<\/a><\/li><li class='ez-toc-page-1 ez-toc-heading-level-2'><a class=\"ez-toc-link ez-toc-heading-3\" href=\"https:\/\/www.mapadehoteis.com.br\/blog\/carnaval\/bloco-do-pijama-onde-se-hospedar-no-carnaval-de-sao-lourenco-mg\/#Dicas_para_Aproveitar_o_Bloco_do_Pijama\" title=\"Dicas para Aproveitar o Bloco do Pijama\">Dicas para Aproveitar o Bloco do Pijama<\/a><\/li><li class='ez-toc-page-1 ez-toc-heading-level-2'><a class=\"ez-toc-link ez-toc-heading-4\" href=\"https:\/\/www.mapadehoteis.com.br\/blog\/carnaval\/bloco-do-pijama-onde-se-hospedar-no-carnaval-de-sao-lourenco-mg\/#Bloco_No_Rabo_Da_Jandira\" title=\"Bloco No Rabo Da Jandira\">Bloco No Rabo Da Jandira<\/a><\/li><li class='ez-toc-page-1 ez-toc-heading-level-2'><a class=\"ez-toc-link ez-toc-heading-5\" href=\"https:\/\/www.mapadehoteis.com.br\/blog\/carnaval\/bloco-do-pijama-onde-se-hospedar-no-carnaval-de-sao-lourenco-mg\/#Bloco_Alzira\" title=\"Bloco Alzira\">Bloco Alzira<\/a><\/li><li class='ez-toc-page-1 ez-toc-heading-level-2'><a class=\"ez-toc-link ez-toc-heading-6\" href=\"https:\/\/www.mapadehoteis.com.br\/blog\/carnaval\/bloco-do-pijama-onde-se-hospedar-no-carnaval-de-sao-lourenco-mg\/#Programacao_completa_do_Carnaval_das_Aguas_2025\" title=\"Programa\u00e7\u00e3o completa do Carnaval das \u00c1guas 2025\">Programa\u00e7\u00e3o completa do Carnaval das \u00c1guas 2025<\/a><\/li><li class='ez-toc-page-1 ez-toc-heading-level-2'><a class=\"ez-toc-link ez-toc-heading-7\" href=\"https:\/\/www.mapadehoteis.com.br\/blog\/carnaval\/bloco-do-pijama-onde-se-hospedar-no-carnaval-de-sao-lourenco-mg\/#Onde_se_Hospedar_no_Carnaval_de_Sao_Lourenco\" title=\"Onde se Hospedar no Carnaval de S\u00e3o Louren\u00e7o\">Onde se Hospedar no Carnaval de S\u00e3o Louren\u00e7o<\/a><\/li><\/ul><\/nav><\/div>\n<h2><span class=\"ez-toc-section\" id=\"Programacao_Carnaval_das_Aguas_Sao_Lourenco_2025\"><\/span>Programa\u00e7\u00e3o <strong>Carnaval das \u00c1guas S\u00e3o Louren\u00e7o 2025<\/strong><span class=\"ez-toc-section-end\"><\/span><\/h2>\n<p>Embora ainda n\u00e3o tenha sido divulgada a programa\u00e7\u00e3o completa, o Carnaval das \u00c1guas de S\u00e3o Louren\u00e7o acontecer\u00e1 de 27 de fevereiro a 4 de mar\u00e7o, em diversos locais da cidade. \u00c9 esperado muita folia em clima familiar nos blocos de Carnaval dos hot\u00e9is da regi\u00e3o, e para quem gosta de blocos maiores, o tradicional <strong>Bloco do Pijama <\/strong>est\u00e1 confirmado!<br \/>\n<script async src=\"https:\/\/pagead2.googlesyndication.com\/pagead\/js\/adsbygoogle.js\"><\/script><br \/>\n<!-- Horizontal-Hoteis --><br \/>\n<ins class=\"adsbygoogle\" style=\"display: block;\" data-ad-client=\"ca-pub-4472908659597452\" data-ad-slot=\"4942575344\" data-ad-format=\"link\" data-full-width-responsive=\"true\"><\/ins><br \/>\n<script>\n     (adsbygoogle = window.adsbygoogle || []).push({});\n<\/script><\/p>\n<h2><span class=\"ez-toc-section\" id=\"Bloco_do_Pijama_2025\"><\/span>Bloco do Pijama 2025<span class=\"ez-toc-section-end\"><\/span><\/h2>\n<p>Completando 38 anos de Avenida, o bloco sair\u00e1 na sexta-feira de Carnaval, dia 28 de mar\u00e7o. Com a concentra\u00e7\u00e3o marcada para 21:00h na Dom Pedro em frente a PNEUSUL, o Bloco do Pijama ter\u00e1 sa\u00edda \u00e0s 22:00 horas seguindo o trio el\u00e9trico com o DJ Maximus e segue at\u00e9 Ilha Ant\u00f4nio Dutra, onde o bloco continua mediante a aquisi\u00e7\u00e3o de ingresso (abad\u00e1 ou camarote), com show de Denny Lopes e trio com banda show at\u00e9 \u00e0s 03 da manh\u00e3!<\/p>\n<p>Tradicionalmente o bloco acontece todo ano e re\u00fane pessoas vestidas de pijama, por\u00e9m voc\u00ea acaba vendo de tudo um pouco, o que torna este evento muito divertido! Por ser gratuito o bloco re\u00fane todo tipo de pessoas, por\u00e9m predominantemente p\u00fablico jovem.<\/p>\n<p>&nbsp;<\/p>\n<p><center><img data-recalc-dims=\"1\" loading=\"lazy\" decoding=\"async\" class=\"alignnone wp-image-5740 \" src=\"https:\/\/i0.wp.com\/www.mapadehoteis.com.br\/blog\/wp-content\/uploads\/2020\/01\/bloco-do-pijama.webp?resize=348%2C348&#038;ssl=1\" alt=\"Bloco do Pijama 2025\" width=\"348\" height=\"348\" srcset=\"https:\/\/i0.wp.com\/www.mapadehoteis.com.br\/blog\/wp-content\/uploads\/2020\/01\/bloco-do-pijama.webp?resize=300%2C300&amp;ssl=1 300w, https:\/\/i0.wp.com\/www.mapadehoteis.com.br\/blog\/wp-content\/uploads\/2020\/01\/bloco-do-pijama.webp?resize=150%2C150&amp;ssl=1 150w, https:\/\/i0.wp.com\/www.mapadehoteis.com.br\/blog\/wp-content\/uploads\/2020\/01\/bloco-do-pijama.webp?resize=60%2C60&amp;ssl=1 60w, https:\/\/i0.wp.com\/www.mapadehoteis.com.br\/blog\/wp-content\/uploads\/2020\/01\/bloco-do-pijama.webp?resize=96%2C96&amp;ssl=1 96w, https:\/\/i0.wp.com\/www.mapadehoteis.com.br\/blog\/wp-content\/uploads\/2020\/01\/bloco-do-pijama.webp?w=424&amp;ssl=1 424w\" sizes=\"auto, (max-width: 348px) 100vw, 348px\" \/><\/center><\/p>\n<h2><span class=\"ez-toc-section\" id=\"Dicas_para_Aproveitar_o_Bloco_do_Pijama\"><\/span><strong> Dicas para Aproveitar o Bloco do Pijama<\/strong><span class=\"ez-toc-section-end\"><\/span><\/h2>\n<ul>\n<li><strong>Reserve sua hospedagem com anteced\u00eancia<\/strong> \u2013 O Carnaval \u00e9 um dos per\u00edodos mais concorridos do ano.<\/li>\n<li><strong>Compre os ingressos antecipadamente<\/strong> \u2013 O evento tem lota\u00e7\u00e3o limitada.<\/li>\n<li><strong>Vista-se com criatividade<\/strong> \u2013 O diferencial do Bloco do Pijama s\u00e3o os looks divertidos!<\/li>\n<li><strong>Hidrate-se e aproveite com responsabilidade<\/strong> \u2013 A divers\u00e3o fica ainda melhor quando feita com seguran\u00e7a.<\/li>\n<\/ul>\n<h2><span class=\"ez-toc-section\" id=\"Bloco_No_Rabo_Da_Jandira\"><\/span>Bloco No Rabo Da Jandira<span class=\"ez-toc-section-end\"><\/span><\/h2>\n<p>O tradicional <a href=\"https:\/\/www.instagram.com\/norabodajandira\/\">Bloco da Jandira<\/a>, que existe h\u00e1 mais de 10 anos, ter\u00e1 duas datas no Carnaval de 2025, assim como aconteceu no \u00faltimo ano. Os desfiles ser\u00e3o nos dias 2 e 4 de mar\u00e7o. Ambos s\u00e3o com entrada gratuita, \u00e0s 16 horas na Rua Wenceslau Br\u00e1s.<\/p>\n<p><img data-recalc-dims=\"1\" loading=\"lazy\" decoding=\"async\" class=\"size-full wp-image-5775 aligncenter\" src=\"https:\/\/i0.wp.com\/www.mapadehoteis.com.br\/blog\/wp-content\/uploads\/2025\/02\/no-rabo-da-jandira.jpeg?resize=279%2C181&#038;ssl=1\" alt=\"Bloco carnavalesco No Rabo da Jandira\" width=\"279\" height=\"181\" srcset=\"https:\/\/i0.wp.com\/www.mapadehoteis.com.br\/blog\/wp-content\/uploads\/2025\/02\/no-rabo-da-jandira.jpeg?w=279&amp;ssl=1 279w, https:\/\/i0.wp.com\/www.mapadehoteis.com.br\/blog\/wp-content\/uploads\/2025\/02\/no-rabo-da-jandira.jpeg?resize=150%2C97&amp;ssl=1 150w\" sizes=\"auto, (max-width: 279px) 100vw, 279px\" \/><\/p>\n<p>&nbsp;<\/p>\n<h2><span class=\"ez-toc-section\" id=\"Bloco_Alzira\"><\/span>Bloco Alzira<span class=\"ez-toc-section-end\"><\/span><\/h2>\n<p>O bloco realizado pelo Hotel Alzira acontecer\u00e1 no domingo (02\/03). H\u00f3spedes e foli\u00f5es se divertem com muitas marchinhas tradicionais de Carnaval.<\/p>\n<h2><span class=\"ez-toc-section\" id=\"Programacao_completa_do_Carnaval_das_Aguas_2025\"><\/span>Programa\u00e7\u00e3o completa do Carnaval das \u00c1guas 2025<span class=\"ez-toc-section-end\"><\/span><\/h2>\n<ul class=\"content-unordered-list\">\n<li><span class=\"highlight highlighted\">Quinta-feira (27\/02)<\/span><br \/>\n<strong>20h<\/strong>\u00a0&#8211; Esquenta da Wenceslau &#8211; Apresenta\u00e7\u00e3o da Bateria da FAVA (Rua Wenceslau Br\u00e1s)<\/li>\n<li style=\"text-align: left;\"><span class=\"highlight highlighted\">Sexta-feira (28\/02)<\/span><br \/>\n<strong>20h<\/strong>\u00a0&#8211; Concentra\u00e7\u00e3o do Bloco do Pijama (Av. D. Pedro II, pr\u00f3ximo \u00e0 Pneusul)<br \/>\n<strong>22h30<\/strong>\u00a0&#8211; Sa\u00edda do bloco rumo \u00e0 Ilha Ant\u00f4nio Dutra<br \/>\n<strong>22h30<\/strong> &#8211; Show da Banda Est\u00e9reo Bloco (Palco Principal &#8211; Estacionamento Pra\u00e7a Jo\u00e3o Lage)<\/p>\n<h3>Palco Principal &#8211; Estacionamento da Pra\u00e7a Jo\u00e3o Lage<\/h3>\n<\/li>\n<li><span class=\"highlight highlighted\">S\u00e1bado (1\u00ba\/03)<\/span><br \/>\n<strong>16h<\/strong>\u00a0&#8211; Matin\u00ea com Banda Tempero Baiano Kids (com apresenta\u00e7\u00e3o de Rob\u00f4 de LED)<br \/>\n<strong>19h30\u00a0<\/strong>&#8211; Banda Est\u00e9reo Bloco<br \/>\n<strong>22h30<\/strong>\u00a0&#8211; Banda Tempero Baiano<\/li>\n<li><span class=\"highlight highlighted\">Domingo (02\/03)<\/span><br \/>\n<strong>16h<\/strong>\u00a0&#8211; Matin\u00ea com Banda Muleka Levada Kids (com apresenta\u00e7\u00e3o de Rob\u00f4 de LED)<br \/>\n<strong>19h30\u00a0<\/strong>&#8211; Banda Est\u00e9reo Bloco<br \/>\n<strong>22h30\u00a0<\/strong>&#8211; Banda Muleka Levada<\/li>\n<li><span class=\"highlight highlighted\">Segunda-feira (03\/03)<\/span><br \/>\n<strong>16h<\/strong>\u00a0&#8211; Matin\u00ea com Banda Nosso Swing Kids (com apresenta\u00e7\u00e3o de Rob\u00f4 de LED)<br \/>\n<strong>19h30<\/strong>\u00a0&#8211; Banda Est\u00e9reo Bloco<br \/>\n<strong>22h30<\/strong>\u00a0&#8211; Banda Nosso Swing<\/li>\n<li><span class=\"highlight highlighted\">Ter\u00e7a-feira (04\/03)<\/span><br \/>\n<strong>16h<\/strong>\u00a0&#8211; Matin\u00ea com Banda Timbalai\u00ea Kids (com apresenta\u00e7\u00e3o de Rob\u00f4 de LED)<br \/>\n<strong>19h30<\/strong>\u00a0&#8211; Banda Est\u00e9reo Bloco<br \/>\n<strong>22h30<\/strong>\u00a0&#8211; Banda Timbalai\u00ea<\/li>\n<\/ul>\n<div id=\"chunk-d9jp7\">\n<div class=\"mc-column content-text active-extra-styles\" data-block-type=\"raw\" data-block-weight=\"2\" data-block-id=\"14\">\n<blockquote class=\"content-blockquote theme-border-color-primary-before\">\n<h3>Outras apresenta\u00e7\u00f5es do Carnaval de S\u00e3o Louren\u00e7o 2025<\/h3>\n<\/blockquote>\n<\/div>\n<\/div>\n<div id=\"chunk-33bls\">\n<div class=\"mc-column content-text active-extra-styles\" data-block-type=\"raw\" data-block-weight=\"75\" data-block-id=\"15\">\n<ul class=\"content-unordered-list\">\n<li><span class=\"highlight highlighted\">(S\u00e1bado a ter\u00e7a-feira, 1\u00ba a 4\/03)<\/span><\/li>\n<li><strong>Pra\u00e7a da Esta\u00e7\u00e3o<\/strong><br \/>\n<strong>15h30<\/strong>\u00a0&#8211; Banda Mistura Brasileira<br \/>\n<strong>17h30<\/strong>\u00a0&#8211; Sa\u00edda pelas ruas sentido Cal\u00e7ad\u00e3o I (demais atra\u00e7\u00f5es di\u00e1rias de responsabilidade do com\u00e9rcio local)<\/li>\n<li><strong>Cal\u00e7ad\u00e3o I<\/strong><br \/>\n<strong>18h30<\/strong>\u00a0&#8211; Banda Mistura Brasileira (demais atra\u00e7\u00f5es di\u00e1rias de responsabilidade do com\u00e9rcio local)<\/li>\n<li><strong>Rua Wenceslau Br\u00e1s<\/strong><br \/>\n<strong>22h<\/strong>\u00a0&#8211; Banda Est\u00e9reo Bloco (demais atra\u00e7\u00f5es di\u00e1rias de responsabilidade do com\u00e9rcio local)<\/li>\n<li><span class=\"highlight highlighted\">Domingo (02\/03) &#8211; Bloco do Pijaminha<\/span><br \/>\n<strong>17h30\u00a0<\/strong>&#8211; Concentra\u00e7\u00e3o no Telef\u00e9rico<br \/>\n<strong>18h30<\/strong>\u00a0&#8211; Sa\u00edda pelas ruas sentido Pra\u00e7a Jo\u00e3o Lage<\/li>\n<\/ul>\n<\/div>\n<\/div>\n<div id=\"chunk-5qk0d\">\n<div class=\"content-ads content-ads--reveal\" data-block-type=\"ads\" data-block-id=\"16\">\n<h2 id=\"banner_materia__643caef8-4681-4229-8cf3-9b3fdb6ec469\" class=\"tag-manager-publicidade-container mc-has-reveal mc-has-ad-lazyload tag-manager-publicidade-banner_materia__643caef8-4681-4229-8cf3-9b3fdb6ec469 tag-manager-publicidade-container--carregado tag-manager-publicidade-container--visivel\" data-id=\"banner_materia__643caef8-4681-4229-8cf3-9b3fdb6ec469\" data-google-query-id=\"CPfj6L3U3IsDFZ-wlQIdiAUvRg\"><span class=\"ez-toc-section\" id=\"Onde_se_Hospedar_no_Carnaval_de_Sao_Lourenco\"><\/span>Onde se Hospedar no Carnaval de S\u00e3o Louren\u00e7o<span class=\"ez-toc-section-end\"><\/span><\/h2>\n<\/div>\n<\/div>\n<p>Se voc\u00ea quer curtir o Carnaval com conforto e sem preocupa\u00e7\u00f5es com acomoda\u00e7\u00f5es recomendo ficar pr\u00f3ximo aos eventos, ou seja, no centro da cidade onde tudo acontece e voc\u00ea pode fazer tudo a p\u00e9. Alguns hot\u00e9is s\u00e3o muitos bons e bem localizados como o <a title=\"Hotel Central Park\" href=\"http:\/\/www.mapadehoteis.com.br\/hoteis\/mg\/sao-lourenco\/hotel-central-parque\/\" target=\"_blank\" rel=\"noopener\"><strong>Hotel Central Parque<\/strong><\/a>, que possui\u00a0varanda e vista parcial do Parque das \u00c1guas. O hotel oferece tamb\u00e9m piscina na cobertura, sauna, academia e piano bar.<\/p>\n<p><center><img data-recalc-dims=\"1\" loading=\"lazy\" decoding=\"async\" class=\"aligncenter wp-image-2392\" title=\"Hotel Cental Park\" src=\"https:\/\/i0.wp.com\/www.mapadehoteis.com.br\/blog\/wp-content\/uploads\/2015\/01\/hotel-central-park.jpg?resize=603%2C328\" alt=\"Hotel Central Park S\u00e3o Louren\u00e7o\" width=\"603\" height=\"328\" \/><\/center><center><a class=\"botao_conversao\" href=\"http:\/\/www.booking.com\/hotel\/br\/central-parque.pt-br.html?aid=370065;sid=858c2c6c198c28cae6261630c7156dfb;dcid=4;ucfs=1;srfid=b694a42f7c21e2dd7468b487471afdf9ef78a5d1X1;highlight_room=#availability_target\">Reservar Agora<\/a><\/center>Tamb\u00e9m existe\u00a0o <a title=\"Hotel Brasil\" href=\"http:\/\/www.mapadehoteis.com.br\/hoteis\/mg\/sao-lourenco\/hotel-brasil\/\" target=\"_blank\" rel=\"noopener\"><strong>Hotel Brasil<\/strong><\/a>, que \u00e9 mais antigo por\u00e9m tem um caf\u00e9 da manh\u00e3 farto e fica do ladinho do Parque das \u00c1guas. O Hotel Brasil tem a sua disposi\u00e7\u00e3o 142 apartamentos com decora\u00e7\u00e3o e posi\u00e7\u00f5es variadas, 11 su\u00edtes de distribu\u00eddas nas seguintes categorias: 4 su\u00edtes VIPS, \u00a05 su\u00edtes Presidenciais com rede na varanda e uma vista panor\u00e2mica, su\u00edte nupcial com banheira de hidromassagem dupla e vista panor\u00e2mica. Quanto aos demais apartamentos, alguns s\u00e3o adaptados para cadeirantes e portadores de alergia com pisos de madeira sint\u00e9tica e antial\u00e9rgico. Vale ressaltar que\u00a0\u00a0o hotel \u00e9 o \u00fanico que possui fonte e ducha de \u00e1gua mineral alcalina litinada.<\/p>\n<p style=\"text-align: center;\"><img data-recalc-dims=\"1\" loading=\"lazy\" decoding=\"async\" class=\"aligncenter wp-image-2560 size-full\" title=\"Hotel Brasil\" src=\"https:\/\/i0.wp.com\/www.mapadehoteis.com.br\/blog\/wp-content\/uploads\/2015\/01\/hotel-brasil-sao-lourenco.jpg?resize=642%2C335\" alt=\"Hotel Brasil S\u00e3o Louren\u00e7o\" width=\"642\" height=\"335\" srcset=\"https:\/\/i0.wp.com\/www.mapadehoteis.com.br\/blog\/wp-content\/uploads\/2015\/01\/hotel-brasil-sao-lourenco.jpg?w=642&amp;ssl=1 642w, https:\/\/i0.wp.com\/www.mapadehoteis.com.br\/blog\/wp-content\/uploads\/2015\/01\/hotel-brasil-sao-lourenco.jpg?resize=300%2C157&amp;ssl=1 300w\" sizes=\"auto, (max-width: 642px) 100vw, 642px\" \/><a class=\"botao_conversao\" href=\"http:\/\/www.booking.com\/hotel\/br\/brasil-sao-lourenco.pt-br.html?aid=370065;sid=858c2c6c198c28cae6261630c7156dfb;dcid=4;no_rooms=1;req_adults=2;req_children=0&amp;#availability_target\">Reservar Agora<\/a><\/p>\n<p>&nbsp;<\/p>\n<p>Se voc\u00ea n\u00e3o faz quest\u00e3o de ficar no centro da cidade e d\u00e1 prefer\u00eancia pela natureza, com certeza a <strong><a href=\"http:\/\/www.mapadehoteis.com.br\/hoteis\/mg\/sao-lourenco\/pousada-montanhas-do-sol\/\">Pousada Montanhas do Sol<\/a><\/strong> \u00e9 a predileta. Ela fica na estrada por\u00e9m muito perto da cidade e \u00e9 lazer completo tem at\u00e9 p\u00f4nei pra voc\u00ea fazer uma selfie.<\/p>\n<p>A pousada tem\u00a0piscina, sal\u00e3o de jogos, recep\u00e7\u00e3o 24 horas e chal\u00e9s de estilo alpino. Nesta propriedade, voc\u00ea pode desfrutar de tratamentos de massagem por um custo adicional mas posso dizer que a comida \u00e9 a melhor parte e recomendamos!<\/p>\n<p style=\"text-align: center;\"><img data-recalc-dims=\"1\" loading=\"lazy\" decoding=\"async\" class=\"aligncenter size-large wp-image-3848\" src=\"https:\/\/i0.wp.com\/www.mapadehoteis.com.br\/blog\/wp-content\/uploads\/2019\/01\/pousada-montanhas-do-sol-recepcao-648x432.jpg?resize=648%2C432\" alt=\"pousada montanhas do sol\" width=\"648\" height=\"432\" srcset=\"https:\/\/i0.wp.com\/www.mapadehoteis.com.br\/blog\/wp-content\/uploads\/2019\/01\/pousada-montanhas-do-sol-recepcao.jpg?resize=648%2C432&amp;ssl=1 648w, https:\/\/i0.wp.com\/www.mapadehoteis.com.br\/blog\/wp-content\/uploads\/2019\/01\/pousada-montanhas-do-sol-recepcao.jpg?resize=300%2C200&amp;ssl=1 300w, https:\/\/i0.wp.com\/www.mapadehoteis.com.br\/blog\/wp-content\/uploads\/2019\/01\/pousada-montanhas-do-sol-recepcao.jpg?resize=768%2C512&amp;ssl=1 768w, https:\/\/i0.wp.com\/www.mapadehoteis.com.br\/blog\/wp-content\/uploads\/2019\/01\/pousada-montanhas-do-sol-recepcao.jpg?w=1024&amp;ssl=1 1024w\" sizes=\"auto, (max-width: 648px) 100vw, 648px\" \/><br \/>\n<a class=\"botao_conversao\" href=\"https:\/\/www.booking.com\/hotel\/br\/pousada-montanhas-do-sol.pt-br.html?aid=370065\">Reservar Agora<\/a><\/p>\n<p>&nbsp;<\/p>\n<p>Outra op\u00e7\u00e3o mais afastada \u00e9 o <a href=\"https:\/\/www.booking.com\/hotel\/br\/fazenda-vista-alegre.pt-br.html?aid=370065&amp;sid=70daf083503d8ece7cff38d510b79d63&amp;checkin=2025-02-28&amp;checkout=2025-03-03&amp;dest_id=468558&amp;dest_type=hotel&amp;dist=0&amp;group_adults=1&amp;group_children=0&amp;hapos=1&amp;hpos=1&amp;no_rooms=1&amp;req_adults=1&amp;req_children=0&amp;room1=A&amp;sb_price_type=total&amp;soh=1&amp;sr_order=popularity&amp;srepoch=1738544929&amp;srpvid=dae6080cb4110253&amp;type=total&amp;ucfs=1&amp;#no_availability_msg\">Hotel Fazenda Vista Alegre<\/a>, que possui piscinas cobertas e ao ar livre com bar e cascata. Tamb\u00e9m possui uma linda fazendinha. Ele est\u00e1 localizado a 4 km do centro da cidade e possui um caf\u00e9 da manh\u00e3 pr\u00e1tico e brasileiro.<\/p>\n<p style=\"text-align: center;\"><img data-recalc-dims=\"1\" loading=\"lazy\" decoding=\"async\" class=\"aligncenter size-large wp-image-4195\" src=\"https:\/\/i0.wp.com\/www.mapadehoteis.com.br\/blog\/wp-content\/uploads\/2020\/01\/hotel-fazenda-vista-alegre-bar-piscina.jpg?resize=648%2C365&#038;ssl=1\" alt=\"hotel fazenda vista alegre bar piscina\" width=\"648\" height=\"365\" srcset=\"https:\/\/i0.wp.com\/www.mapadehoteis.com.br\/blog\/wp-content\/uploads\/2020\/01\/hotel-fazenda-vista-alegre-bar-piscina.jpg?resize=648%2C365&amp;ssl=1 648w, https:\/\/i0.wp.com\/www.mapadehoteis.com.br\/blog\/wp-content\/uploads\/2020\/01\/hotel-fazenda-vista-alegre-bar-piscina.jpg?resize=300%2C169&amp;ssl=1 300w, https:\/\/i0.wp.com\/www.mapadehoteis.com.br\/blog\/wp-content\/uploads\/2020\/01\/hotel-fazenda-vista-alegre-bar-piscina.jpg?resize=768%2C432&amp;ssl=1 768w, https:\/\/i0.wp.com\/www.mapadehoteis.com.br\/blog\/wp-content\/uploads\/2020\/01\/hotel-fazenda-vista-alegre-bar-piscina.jpg?w=1024&amp;ssl=1 1024w\" sizes=\"auto, (max-width: 648px) 100vw, 648px\" \/><br \/>\n<a class=\"botao_conversao\" href=\"&quot;https:\/\/www.booking.com\/hotel\/br\/fazenda-vista-alegre.pt-br.html?aid=370065#availability_target\">Reservar Agora<\/a><\/p>\n<p>&nbsp;<\/p>\n<p>Desejo um \u00f3timo carnaval \u00e0 todos!!!<\/p>\n<p>Veja tamb\u00e9m: <a href=\"https:\/\/www.mapadehoteis.com.br\/blog\/carnaval\/melhores-bloquinhos-de-carnaval-de-sao-paulo-2024\/\"><strong>Melhores Blocos de Rua de S\u00e3o Paulo<\/strong><\/a><\/p>\n","protected":false},"excerpt":{"rendered":"<p>Voc\u00ea conhece ou j\u00e1 ouviu falar do Bloco do Pijama? Este \u00e9 o bloco de rua mais tradicional do Carnaval de S\u00e3o Louren\u00e7o. Neste artigo voc\u00ea vai encontrar tudo o que precisa saber sobre a programa\u00e7\u00e3o e dicas de hospedagem para curtir a folia da melhor maneira, que come\u00e7a no dia 27 com o Grito [&hellip;]<\/p>\n","protected":false},"author":1,"featured_media":5742,"comment_status":"open","ping_status":"open","sticky":false,"template":"","format":"standard","meta":{"_lmt_disableupdate":"","_lmt_disable":"","_sitemap_exclude":false,"_sitemap_priority":"","_sitemap_frequency":"","_uf_show_specific_survey":0,"_uf_disable_surveys":false,"footnotes":""},"categories":[154],"tags":[325,516,1290,1380,286,1479,4],"class_list":["post-781","post","type-post","status-publish","format-standard","has-post-thumbnail","hentry","category-carnaval","tag-bloco-do-pijama","tag-blocos-de-carnaval","tag-carnaval","tag-carnaval-2025","tag-mg","tag-no-rabo-da-jandira","tag-sao-lourenco"],"modified_by":"Anna Balvetti","_links":{"self":[{"href":"https:\/\/www.mapadehoteis.com.br\/blog\/wp-json\/wp\/v2\/posts\/781","targetHints":{"allow":["GET"]}}],"collection":[{"href":"https:\/\/www.mapadehoteis.com.br\/blog\/wp-json\/wp\/v2\/posts"}],"about":[{"href":"https:\/\/www.mapadehoteis.com.br\/blog\/wp-json\/wp\/v2\/types\/post"}],"author":[{"embeddable":true,"href":"https:\/\/www.mapadehoteis.com.br\/blog\/wp-json\/wp\/v2\/users\/1"}],"replies":[{"embeddable":true,"href":"https:\/\/www.mapadehoteis.com.br\/blog\/wp-json\/wp\/v2\/comments?post=781"}],"version-history":[{"count":88,"href":"https:\/\/www.mapadehoteis.com.br\/blog\/wp-json\/wp\/v2\/posts\/781\/revisions"}],"predecessor-version":[{"id":5830,"href":"https:\/\/www.mapadehoteis.com.br\/blog\/wp-json\/wp\/v2\/posts\/781\/revisions\/5830"}],"wp:featuredmedia":[{"embeddable":true,"href":"https:\/\/www.mapadehoteis.com.br\/blog\/wp-json\/wp\/v2\/media\/5742"}],"wp:attachment":[{"href":"https:\/\/www.mapadehoteis.com.br\/blog\/wp-json\/wp\/v2\/media?parent=781"}],"wp:term":[{"taxonomy":"category","embeddable":true,"href":"https:\/\/www.mapadehoteis.com.br\/blog\/wp-json\/wp\/v2\/categories?post=781"},{"taxonomy":"post_tag","embeddable":true,"href":"https:\/\/www.mapadehoteis.com.br\/blog\/wp-json\/wp\/v2\/tags?post=781"}],"curies":[{"name":"wp","href":"https:\/\/api.w.org\/{rel}","templated":true}]}}